{"id":751032,"date":"2026-02-22T01:50:48","date_gmt":"2026-02-22T01:50:48","guid":{"rendered":"https:\/\/www.europesays.com\/fr\/751032\/"},"modified":"2026-02-22T01:50:48","modified_gmt":"2026-02-22T01:50:48","slug":"le-factory-bar-restera-ferme-tout-le-week-end","status":"publish","type":"post","link":"https:\/\/www.europesays.com\/fr\/751032\/","title":{"rendered":"le Factory bar restera ferm\u00e9 tout le week-end"},"content":{"rendered":"<p>Ce vendredi, <a href=\"https:\/\/www.estrepublicain.fr\/faits-divers-justice\/2026\/02\/20\/un-incendie-se-declare-dans-la-cave-d-un-restaurant\" target=\"_blank\" rel=\"nofollow noopener\">aux alentours de 18 h 45<\/a> , les sapeurs-pompiers de la caserne Nancy Rives de Meurthe ont \u00e9t\u00e9 mis en alerte suite \u00e0 un d\u00e9gagement de fum\u00e9e suspect, venant d\u2019un soupirail du 23 rue Gustave-Simon, \u00e0 Nancy.<\/p>\n<p>Ce contenu est bloqu\u00e9 car vous n&rsquo;avez pas accept\u00e9 les cookies et autres traceurs.<\/p>\n<p>En cliquant sur \u00ab J\u2019accepte \u00bb, les cookies et autres traceurs seront d\u00e9pos\u00e9s et vous pourrez visualiser les contenus  (<a href=\"\" class=\"consentModule_policy\" target=\"_blank\" title=\"Consulter la politique de protection des donn\u00e9es du fournisseur\">plus d&rsquo;informations<\/a>).<\/p>\n<p>En cliquant sur \u00ab J\u2019accepte tous les cookies \u00bb, vous autorisez des d\u00e9p\u00f4ts de cookies et autres traceurs pour le stockage de vos donn\u00e9es sur nos sites et applications \u00e0 des fins de personnalisation et de ciblage publicitaire.<\/p>\n<p class=\"consentModule_secondaryText\">Vous gardez la possibilit\u00e9 de retirer votre consentement \u00e0 tout moment en consultant notre <a href=\"https:\/\/www.estrepublicain.fr\/protection-des-donnees\" target=\"_blank\" title=\"Consulter notre politique de protection des donn\u00e9es\" rel=\"nofollow noopener\">politique de protection des donn\u00e9es<\/a>. <br \/>&#13;<br \/>\n            <a href=\"https:\/\/www.estrepublicain.fr\/economie\/2026\/02\/21\/javascript:Didomi.notice.show()\" class=\"consentModule_cmp\" rel=\"nofollow noopener\" target=\"_blank\">G\u00e9rer mes choix<\/a>&#13;\n        <\/p>\n<p>&#13;<br \/>\n                        J&rsquo;accepte&#13;<br \/>\n            J&rsquo;accepte tous les cookies&#13;\n        <\/p>\n<p>Rapidement, deux fourgons pompe-tonnes, une \u00e9chelle pivotante automatique et un v\u00e9hicule de secours et d\u2019assistance aux victimes arrivent sur place et sont mis en action. La rue est, elle, coup\u00e9e \u00e0 la circulation. Les polices nationale et municipale, ainsi que les services d\u2019Enedis et GrDF s\u00e9curisant le p\u00e9rim\u00e8tre.<\/p>\n<p>Rapidement ma\u00eetris\u00e9, le sinistre, qui n\u2019a fait aucun bless\u00e9, a n\u00e9cessit\u00e9 une ventilation soutenue. Malgr\u00e9 tout, l\u2019odeur reste forte et persistante.<\/p>\n<p>  Forte odeur<\/p>\n<p>Sur les lieux, c\u2019est Fabien Sanchez, patron du Factory, et des membres de son \u00e9quipe, qui ont alert\u00e9 les secours. \u00ab Suite \u00e0 une fum\u00e9e suspecte sortant du soupirail de la rue, pendant les heures de fermeture, nous avons imm\u00e9diatement d\u00e9cid\u00e9 d\u2019alerter les pompiers. Arriv\u00e9s sur place tr\u00e8s rapidement, ils ont aussit\u00f4t d\u00e9tect\u00e9 et ma\u00eetris\u00e9s l\u2019origine de la combustion dans une cave. Malheureusement cette combustion a laiss\u00e9 une forte odeur dans l\u2019\u00e9tablissement que nous nous effor\u00e7ons de faire dispara\u00eetre le plus rapidement possible. Par cons\u00e9quent, en accord avec les autorit\u00e9s, Le Factory sera ferm\u00e9 tout le week-end \u00bb, pr\u00e9vient-il sur la page Facebook de l\u2019\u00e9tablissement.<\/p>\n","protected":false},"excerpt":{"rendered":"Ce vendredi, aux alentours de 18 h 45 , les sapeurs-pompiers de la caserne Nancy Rives de Meurthe&hellip;\n","protected":false},"author":2,"featured_media":751033,"comment_status":"","ping_status":"","sticky":false,"template":"","format":"standard","meta":{"footnotes":"","_share_on_mastodon":"0"},"categories":[9635],"tags":[1111,11,4406,33,1704,1777,674,274,107,1011,27,775,1310,3457,1702,1703,12,25],"class_list":["post-751032","post","type-post","status-publish","format-standard","has-post-thumbnail","category-nancy","tag-actu","tag-actualites","tag-commerce-et-services","tag-economie","tag-edition-nancy-et-agglomeration","tag-eu","tag-europe","tag-faits-divers-justice","tag-fil-info","tag-fr","tag-france","tag-grand-est","tag-incendie","tag-meurthe-et-moselle","tag-nancy","tag-nancy-ville-54b","tag-news","tag-republique-francaise"],"share_on_mastodon":{"url":"https:\/\/pubeurope.com\/@fr\/116111777808503675","error":""},"_links":{"self":[{"href":"https:\/\/www.europesays.com\/fr\/wp-json\/wp\/v2\/posts\/751032","targetHints":{"allow":["GET"]}}],"collection":[{"href":"https:\/\/www.europesays.com\/fr\/wp-json\/wp\/v2\/posts"}],"about":[{"href":"https:\/\/www.europesays.com\/fr\/wp-json\/wp\/v2\/types\/post"}],"author":[{"embeddable":true,"href":"https:\/\/www.europesays.com\/fr\/wp-json\/wp\/v2\/users\/2"}],"replies":[{"embeddable":true,"href":"https:\/\/www.europesays.com\/fr\/wp-json\/wp\/v2\/comments?post=751032"}],"version-history":[{"count":0,"href":"https:\/\/www.europesays.com\/fr\/wp-json\/wp\/v2\/posts\/751032\/revisions"}],"wp:featuredmedia":[{"embeddable":true,"href":"https:\/\/www.europesays.com\/fr\/wp-json\/wp\/v2\/media\/751033"}],"wp:attachment":[{"href":"https:\/\/www.europesays.com\/fr\/wp-json\/wp\/v2\/media?parent=751032"}],"wp:term":[{"taxonomy":"category","embeddable":true,"href":"https:\/\/www.europesays.com\/fr\/wp-json\/wp\/v2\/categories?post=751032"},{"taxonomy":"post_tag","embeddable":true,"href":"https:\/\/www.europesays.com\/fr\/wp-json\/wp\/v2\/tags?post=751032"}],"curies":[{"name":"wp","href":"https:\/\/api.w.org\/{rel}","templated":true}]}}