{"id":751044,"date":"2026-02-22T02:00:22","date_gmt":"2026-02-22T02:00:22","guid":{"rendered":"https:\/\/www.europesays.com\/fr\/751044\/"},"modified":"2026-02-22T02:00:22","modified_gmt":"2026-02-22T02:00:22","slug":"nimes-confirme-cesson-rennes-solide-a-domicile","status":"publish","type":"post","link":"https:\/\/www.europesays.com\/fr\/751044\/","title":{"rendered":"N\u00eemes confirme, Cesson-Rennes solide \u00e0 domicile"},"content":{"rendered":"<p>Dans une dynamique positive, l\u2019USAM N\u00eemes Gard a encha\u00een\u00e9 un second succ\u00e8s cons\u00e9cutif en disposant de Saint-Rapha\u00ebl (33-27). Port\u00e9s par un Harun Hodzic pr\u00e9cieux dans sa cage (11 arr\u00eats), les N\u00eemois ont su contenir les assauts varois. Cette victoire permet aux N\u00eemois de gagner encore une place pour s&rsquo;installer au 8\u00e8me rang du classement. De son c\u00f4t\u00e9, Cesson-Rennes a assur\u00e9 l&rsquo;essentiel face \u00e0 Dijon (36-32). Apr\u00e8s une premi\u00e8re mi-temps ind\u00e9cise, les Irr\u00e9ductibles ont plac\u00e9 un coup d&rsquo;acc\u00e9l\u00e9rateur fatal \u00e0 la 45\u00e8me minute : un 3-0\u00a0leur a permis de porter le score \u00e0 27-23. Port\u00e9s par un Mathieu Salou \u00e9tincelant (10 buts) et Xavier Labigang (7 buts), les Bretons ont ensuite g\u00e9r\u00e9 leur avance pour valider leur 10\u00e8me place.<\/p>\n","protected":false},"excerpt":{"rendered":"Dans une dynamique positive, l\u2019USAM N\u00eemes Gard a encha\u00een\u00e9 un second succ\u00e8s cons\u00e9cutif en disposant de Saint-Rapha\u00ebl (33-27).&hellip;\n","protected":false},"author":2,"featured_media":751045,"comment_status":"","ping_status":"","sticky":false,"template":"","format":"standard","meta":{"footnotes":"","_share_on_mastodon":"0"},"categories":[2821],"tags":[1111,11,829,1777,674,1011,27,12,584,25],"class_list":["post-751044","post","type-post","status-publish","format-standard","has-post-thumbnail","category-rennes","tag-actu","tag-actualites","tag-bretagne","tag-eu","tag-europe","tag-fr","tag-france","tag-news","tag-rennes","tag-republique-francaise"],"share_on_mastodon":{"url":"https:\/\/pubeurope.com\/@fr\/116111817029880489","error":""},"_links":{"self":[{"href":"https:\/\/www.europesays.com\/fr\/wp-json\/wp\/v2\/posts\/751044","targetHints":{"allow":["GET"]}}],"collection":[{"href":"https:\/\/www.europesays.com\/fr\/wp-json\/wp\/v2\/posts"}],"about":[{"href":"https:\/\/www.europesays.com\/fr\/wp-json\/wp\/v2\/types\/post"}],"author":[{"embeddable":true,"href":"https:\/\/www.europesays.com\/fr\/wp-json\/wp\/v2\/users\/2"}],"replies":[{"embeddable":true,"href":"https:\/\/www.europesays.com\/fr\/wp-json\/wp\/v2\/comments?post=751044"}],"version-history":[{"count":0,"href":"https:\/\/www.europesays.com\/fr\/wp-json\/wp\/v2\/posts\/751044\/revisions"}],"wp:featuredmedia":[{"embeddable":true,"href":"https:\/\/www.europesays.com\/fr\/wp-json\/wp\/v2\/media\/751045"}],"wp:attachment":[{"href":"https:\/\/www.europesays.com\/fr\/wp-json\/wp\/v2\/media?parent=751044"}],"wp:term":[{"taxonomy":"category","embeddable":true,"href":"https:\/\/www.europesays.com\/fr\/wp-json\/wp\/v2\/categories?post=751044"},{"taxonomy":"post_tag","embeddable":true,"href":"https:\/\/www.europesays.com\/fr\/wp-json\/wp\/v2\/tags?post=751044"}],"curies":[{"name":"wp","href":"https:\/\/api.w.org\/{rel}","templated":true}]}}