{"id":75118,"date":"2025-05-04T21:19:18","date_gmt":"2025-05-04T21:19:18","guid":{"rendered":"https:\/\/www.europesays.com\/fr\/75118\/"},"modified":"2025-05-04T21:19:18","modified_gmt":"2025-05-04T21:19:18","slug":"nouvelle-fusillade-a-rennes-le-ras-le-bol-de-tout-un-quartier-journal-de-20-heures","status":"publish","type":"post","link":"https:\/\/www.europesays.com\/fr\/75118\/","title":{"rendered":"Nouvelle fusillade \u00e0 Rennes : le ras-le-bol de tout un quartier &#8211; Journal de 20 heures"},"content":{"rendered":"<p id=\"descriptionPanel\" aria-labelledby=\"descriptionArrow\" aria-expanded=\"false\" class=\"mr-2 line-clamp-2 pr-2.5 text-secondary overflow-visible\">Dans le quartier de Villejean \u00e0 Rennes, une dizaine de coups de feu ont \u00e9t\u00e9 tir\u00e9s pr\u00e8s d&rsquo;un point de deal, hier \u00e0 19h30. Un lieu qui suscite la convoitise des narcotrafiquants et qui serait l&rsquo;un des plus importants de la r\u00e9gion. Trois hommes d&rsquo;une vingtaine d&rsquo;ann\u00e9es ont \u00e9t\u00e9 arr\u00eat\u00e9s suite \u00e0 ce qui pourrait \u00eatre un r\u00e8glement de compte. Les riverains sont exasp\u00e9r\u00e9s de ces fusillades et se disent inquiets de sortir dans la rue. Ce soir, une compagnie de la CRS8 est d\u00e9ploy\u00e9e dans le quartier.<\/p>\n<p>TF1 | Reportage N. HESSE, R. HELLEC<\/p>\n<p><a class=\"shrink-0\" href=\"https:\/\/www.tf1.fr\/tf1\/jt-20h\" target=\"_blank\" rel=\"noopener\"><img decoding=\"async\" src=\"https:\/\/www.europesays.com\/fr\/wp-content\/uploads\/2025\/04\/program-card-portrait-1-jt20h-btcb-f6f521-4e55c9-0@1x.jpg\" width=\"138\" height=\"184\" alt=\"\" loading=\"eager\" fetchpriority=\"auto\" class=\"aspect-[3\/4] h-24 w-auto rounded-3px\" aria-hidden=\"true\"\/><\/a><\/p>\n","protected":false},"excerpt":{"rendered":"Dans le quartier de Villejean \u00e0 Rennes, une dizaine de coups de feu ont \u00e9t\u00e9 tir\u00e9s pr\u00e8s d&rsquo;un&hellip;\n","protected":false},"author":2,"featured_media":75119,"comment_status":"","ping_status":"","sticky":false,"template":"","format":"standard","meta":{"footnotes":""},"categories":[2821],"tags":[1111,11,829,1777,674,3483,3697,1011,27,3699,3698,12,584,25,3701,3702,3700],"class_list":{"0":"post-75118","1":"post","2":"type-post","3":"status-publish","4":"format-standard","5":"has-post-thumbnail","7":"category-rennes","8":"tag-actu","9":"tag-actualites","10":"tag-bretagne","11":"tag-eu","12":"tag-europe","13":"tag-extrait","14":"tag-extrait-journal-de-20-heures","15":"tag-fr","16":"tag-france","17":"tag-journal-de-20-heures","18":"tag-journal-de-20-heures-extrait","19":"tag-news","20":"tag-rennes","21":"tag-republique-francaise","22":"tag-streaming-journal-de-20-heures","23":"tag-video-en-streaming-journal-de-20-heures","24":"tag-video-journal-de-20-heures"},"share_on_mastodon":{"url":"https:\/\/pubeurope.com\/@fr\/114451655108381109","error":""},"_links":{"self":[{"href":"https:\/\/www.europesays.com\/fr\/wp-json\/wp\/v2\/posts\/75118","targetHints":{"allow":["GET"]}}],"collection":[{"href":"https:\/\/www.europesays.com\/fr\/wp-json\/wp\/v2\/posts"}],"about":[{"href":"https:\/\/www.europesays.com\/fr\/wp-json\/wp\/v2\/types\/post"}],"author":[{"embeddable":true,"href":"https:\/\/www.europesays.com\/fr\/wp-json\/wp\/v2\/users\/2"}],"replies":[{"embeddable":true,"href":"https:\/\/www.europesays.com\/fr\/wp-json\/wp\/v2\/comments?post=75118"}],"version-history":[{"count":0,"href":"https:\/\/www.europesays.com\/fr\/wp-json\/wp\/v2\/posts\/75118\/revisions"}],"wp:featuredmedia":[{"embeddable":true,"href":"https:\/\/www.europesays.com\/fr\/wp-json\/wp\/v2\/media\/75119"}],"wp:attachment":[{"href":"https:\/\/www.europesays.com\/fr\/wp-json\/wp\/v2\/media?parent=75118"}],"wp:term":[{"taxonomy":"category","embeddable":true,"href":"https:\/\/www.europesays.com\/fr\/wp-json\/wp\/v2\/categories?post=75118"},{"taxonomy":"post_tag","embeddable":true,"href":"https:\/\/www.europesays.com\/fr\/wp-json\/wp\/v2\/tags?post=75118"}],"curies":[{"name":"wp","href":"https:\/\/api.w.org\/{rel}","templated":true}]}}