{"id":75148,"date":"2025-05-04T21:37:10","date_gmt":"2025-05-04T21:37:10","guid":{"rendered":"https:\/\/www.europesays.com\/fr\/75148\/"},"modified":"2025-05-04T21:37:10","modified_gmt":"2025-05-04T21:37:10","slug":"quelles-perturbations-prevoir-pour-la-ratp-et-la-sncf-cette-semaine-4","status":"publish","type":"post","link":"https:\/\/www.europesays.com\/fr\/75148\/","title":{"rendered":"Quelles perturbations pr\u00e9voir pour la RATP et la SNCF cette semaine ?"},"content":{"rendered":"<p><strong>TRANSPORTS &#8211; La semaine du 5 au 11 mai marque de nouveaux changements dans les transports parisiens et franciliens. Faisons le point<\/strong><\/p>\n<p>Chaque semaine, les transports parisiens et franciliens sont concern\u00e9s par des perturbations. Celle qui va du lundi 5 au dimanche 11 mai 2025 ne fait pas figure d\u2019exception, bien au contraire. En plus des travaux, un mouvement de gr\u00e8ve (pour une hausse des r\u00e9mun\u00e9rations et une modification d\u2019un logiciel de planning) aura un impact sur les changements sur les lignes de m\u00e9tro, RER, francilien et tramway. Voici tout ce que vous devez savoir afin d\u2019appr\u00e9hender vos trajets :<\/p>\n<p>M\u00e9tro<\/p>\n<ul class=\"caas-list caas-list-bullet\">\n<li>\n<p>Ligne 10 : du lundi 5 au dimanche 11 mai, le trafic sera interrompu entre Duroc et Boulogne Pont de Saint-Cloud (travaux). Des bus de sustitution seront mis en place.<\/p>\n<\/li>\n<li>\n<p>Ligne 13 : du vendredi 9 au dimanche 11 mai, le trafic sera interrompu entre La Fourche et Asni\u00e8res \u2013 Gennevilliers Les Courtilles (travaux). Des bus de sustitution seront mis en place.<\/p>\n<\/li>\n<\/ul>\n<p>RER<\/p>\n<ul class=\"caas-list caas-list-bullet\">\n<li>\n<p>RER A : du lundi 5 au dimanche 11 mai, le trafic sera interrompu entre Maisons-Laffitte et Poissy (travaux), d\u00e8s 22h15. Les samedi 10 et dimanche 11 mai, le trafic sera interrompu, toute la journ\u00e9e, entre Maisons-Laffitte et Poissy.<\/p>\n<\/li>\n<li>\n<p><a href=\"https:\/\/www.20minutes.fr\/dossier\/rer_b?at_medium=RSS+feed&amp;at_campaign=ynews&amp;utm_source=yahoo&amp;utm_medium=rss&amp;utm_campaign=news_feed&amp;utm_content=in_article_link\" rel=\"nofollow noopener\" target=\"_blank\" data-ylk=\"slk:RER B;elm:context_link;itc:0;sec:content-canvas\" class=\"link \">RER B<\/a> : Un mouvement social d\u00e9marre le lundi 5 mai. Du lundi 5 mai au mercredi 7 mai, d\u00e8s 22h45, le trafic sera interrompu entre Gare du Nord et A\u00e9roport Charles de Gaulle 2 \u2013 TGV via Mitry \u2013 Claye (travaux). Des bus de sustitution seront mis en place. Du lundi 5 au vendredi 9 mai, d\u00e8s 22h45, le trafic sera interrompu entre Gare du Nord et A\u00e9roport Charles de Gaulle 2 \u2013 TGV via Mitry \u2013 Claye (travaux).<\/p>\n<\/li>\n<\/ul>\n<p>RER C : l\u2019arr\u00eat n\u2019est p(&#8230;)<\/p>\n<p><a href=\"https:\/\/www.20minutes.fr\/paris\/4151681-20250504-paris-ile-france-perturbations-prevoir-ratp-sncf-semaine?at_medium=RSS+feed&amp;at_campaign=ynews&amp;utm_source=yahoo&amp;utm_medium=rss&amp;utm_campaign=news_feed&amp;utm_content=read_more_link\" rel=\"nofollow noopener\" target=\"_blank\" data-ylk=\"slk:Lire la suite sur 20minutes;elm:context_link;itc:0;sec:content-canvas\" class=\"link \">Lire la suite sur 20minutes<\/a><\/p>\n<p>\u00c0 lire aussi :<br \/><a href=\"https:\/\/www.20minutes.fr\/societe\/4151656-20250504-greve-sncf-vraiment-loin-semaine-noire-trains?at_medium=RSS+feed&amp;at_campaign=ynews&amp;utm_source=yahoo&amp;utm_medium=rss&amp;utm_campaign=news_feed&amp;utm_content=related_content_link\" rel=\"nofollow noopener\" target=\"_blank\" data-ylk=\"slk:Gr\u00e8ve SNCF : Sommes-nous vraiment \u00ab loin d\u2019une semaine noire \u00bb dans les trains ?;elm:context_link;itc:0;sec:content-canvas\" class=\"link \">Gr\u00e8ve SNCF : Sommes-nous vraiment \u00ab loin d\u2019une semaine noire \u00bb dans les trains ?<\/a><br \/><a href=\"https:\/\/www.20minutes.fr\/societe\/4151413-20250504-hausse-taxes-aerien-sonne-glas-vols-interieurs?at_medium=RSS+feed&amp;at_campaign=ynews&amp;utm_source=yahoo&amp;utm_medium=rss&amp;utm_campaign=news_feed&amp;utm_content=related_content_link\" rel=\"nofollow noopener\" target=\"_blank\" data-ylk=\"slk:La hausse des taxes dans l\u2019a\u00e9rien sonne-t-elle le glas des vols int\u00e9rieurs ?;elm:context_link;itc:0;sec:content-canvas\" class=\"link \">La hausse des taxes dans l\u2019a\u00e9rien sonne-t-elle le glas des vols int\u00e9rieurs ?<\/a><\/p>\n","protected":false},"excerpt":{"rendered":"TRANSPORTS &#8211; La semaine du 5 au 11 mai marque de nouveaux changements dans les transports parisiens et&hellip;\n","protected":false},"author":2,"featured_media":75149,"comment_status":"","ping_status":"","sticky":false,"template":"","format":"standard","meta":{"footnotes":""},"categories":[1592],"tags":[1111,11,1777,674,1011,27,662,12,626,25,15375],"class_list":{"0":"post-75148","1":"post","2":"type-post","3":"status-publish","4":"format-standard","5":"has-post-thumbnail","7":"category-ile-de-france","8":"tag-actu","9":"tag-actualites","10":"tag-eu","11":"tag-europe","12":"tag-fr","13":"tag-france","14":"tag-ile-de-france","15":"tag-news","16":"tag-paris","17":"tag-republique-francaise","18":"tag-transports-parisiens"},"share_on_mastodon":{"url":"https:\/\/pubeurope.com\/@fr\/114451725962039495","error":""},"_links":{"self":[{"href":"https:\/\/www.europesays.com\/fr\/wp-json\/wp\/v2\/posts\/75148","targetHints":{"allow":["GET"]}}],"collection":[{"href":"https:\/\/www.europesays.com\/fr\/wp-json\/wp\/v2\/posts"}],"about":[{"href":"https:\/\/www.europesays.com\/fr\/wp-json\/wp\/v2\/types\/post"}],"author":[{"embeddable":true,"href":"https:\/\/www.europesays.com\/fr\/wp-json\/wp\/v2\/users\/2"}],"replies":[{"embeddable":true,"href":"https:\/\/www.europesays.com\/fr\/wp-json\/wp\/v2\/comments?post=75148"}],"version-history":[{"count":0,"href":"https:\/\/www.europesays.com\/fr\/wp-json\/wp\/v2\/posts\/75148\/revisions"}],"wp:featuredmedia":[{"embeddable":true,"href":"https:\/\/www.europesays.com\/fr\/wp-json\/wp\/v2\/media\/75149"}],"wp:attachment":[{"href":"https:\/\/www.europesays.com\/fr\/wp-json\/wp\/v2\/media?parent=75148"}],"wp:term":[{"taxonomy":"category","embeddable":true,"href":"https:\/\/www.europesays.com\/fr\/wp-json\/wp\/v2\/categories?post=75148"},{"taxonomy":"post_tag","embeddable":true,"href":"https:\/\/www.europesays.com\/fr\/wp-json\/wp\/v2\/tags?post=75148"}],"curies":[{"name":"wp","href":"https:\/\/api.w.org\/{rel}","templated":true}]}}