{"id":751510,"date":"2026-02-22T07:08:13","date_gmt":"2026-02-22T07:08:13","guid":{"rendered":"https:\/\/www.europesays.com\/fr\/751510\/"},"modified":"2026-02-22T07:08:13","modified_gmt":"2026-02-22T07:08:13","slug":"fake-news-notre-dame-de-paris-echecs-le-programme-danimation-de-lescapade-a-la-loupe","status":"publish","type":"post","link":"https:\/\/www.europesays.com\/fr\/751510\/","title":{"rendered":"Fake news, Notre-Dame de Paris, \u00e9checs\u2026 Le programme d\u2019animation de l\u2019Escapade \u00e0 La Loupe"},"content":{"rendered":"<p>                    Par<br \/>\n        <strong><br \/>\n            <a href=\"https:\/\/actu.fr\/auteur\/journaliste-ar\" title=\"Consulter tous les articles de R\u00e9daction Nogent-le-Rotrou\" rel=\"nofollow noopener\" target=\"_blank\">R\u00e9daction Nogent-le-Rotrou<\/a><br \/>\n                    <\/strong><\/p>\n<p>        Publi\u00e9 le<\/p>\n<p>            22 f\u00e9vr. 2026 \u00e0 7h46        <\/p>\n<p>L\u2019Escapade, la M\u00e9diath\u00e8que de <a href=\"https:\/\/actu.fr\/centre-val-de-loire\/la-loupe_28214\" rel=\"nofollow noopener\" target=\"_blank\">La Loupe<\/a> (Eure-et-Loir), propose <b>une programmation vari\u00e9e<\/b> et accessible \u00e0 tous. Le mercredi 11\u00a0f\u00e9vrier 2026, une s\u00e9ance de r\u00e9alit\u00e9 virtuelle \u00e0 la Micro-Folie a permis de d\u00e9couvrir les \u00e9checs ainsi qu\u2019une visite immersive de la cath\u00e9drale <a href=\"https:\/\/actu.fr\/tag\/notre-dame-de-paris\" rel=\"nofollow noopener\" target=\"_blank\">Notre-Dame de Paris<\/a>. Prochain rendez-vous\u2009: mercredi 25\u00a0f\u00e9vrier, de 15\u2009h \u00e0 18\u2009h, pour des parties d\u2019\u00e9checs en partenariat avec la <b>R\u00e9cr\u00e9 des seniors<\/b>.<\/p>\n<p class=\" wall-content\">Le <b>vendredi 27\u00a0f\u00e9vrier<\/b> \u00e0 10\u2009h, les tout-petits (0-4\u00a0ans) sont invit\u00e9s \u00e0 une s\u00e9ance de lecture intitul\u00e9e \u00ab\u2009Petites oreilles\u2009\u00bb.<\/p>\n<p class=\" wall-content\">Le dimanche 1er\u00a0mars \u00e0 15\u2009h\u200930, <b>Philippe Giraud<\/b>, sculpteur ornementiste, animera une rencontre-conf\u00e9rence autour de son travail sur le chantier de restauration de la cath\u00e9drale Notre-Dame de Paris. Inscription obligatoire pour cet \u00e9v\u00e9nement qui offre une opportunit\u00e9 d\u2019\u00e9change avec un artisan passionn\u00e9 et une plong\u00e9e dans les coulisses d\u2019un chantier d\u2019exception.<\/p>\n<p>Education aux m\u00e9dias et \u00e0 l\u2019information dans la m\u00e9diath\u00e8que de La Loupe<\/p>\n<p class=\" wall-content\">Depuis plusieurs ann\u00e9es, la m\u00e9diath\u00e8que s\u2019engage activement dans des initiatives autour de <b>l\u2019\u00e9ducation aux m\u00e9dias<\/b> et \u00e0 l\u2019information. Plusieurs rendez-vous sont pr\u00e9vus jusqu\u2019au 23\u00a0avril.<\/p>\n<p class=\" wall-content\">D\u2019abord le jeudi 26\u00a0f\u00e9vrier \u00e0 14\u2009h, avec un atelier intitul\u00e9 \u00ab\u2009C\u2019est vrai \u00e7a\u2009?\u2009\u00bb. Il bordera la th\u00e9matique <b>des fake news<\/b> et des infox. Les participants, \u00e2g\u00e9s de 12\u00a0ans et plus, exploreront comment les artistes questionnent <b>la notion de v\u00e9rit\u00e9<\/b> \u00e0 travers leurs \u0153uvres.<\/p>\n<blockquote class=\"ac-article-quote wall-content\">\n<p>\u00c0 la fin de l\u2019atelier, nous demanderons aux participants de cr\u00e9er une Une de journal avec une fausse bonne nouvelle, histoire de montrer les travers de notre soci\u00e9t\u00e9.<\/p>\n<p>Catherine Br\u00fbl\u00e9, biblioth\u00e9caire r\u00e9f\u00e9rente \u00e0 l\u2019Escapade<\/p><\/blockquote>\n<p>Vid\u00e9os : en ce moment sur Actu<\/p>\n<p class=\" wall-content\">Du 20\u00a0mars au 11\u00a0avril, l\u2019exposition \u00ab\u2009Le critikit\u2009\u00bb, r\u00e9alis\u00e9e par <b>la Cit\u00e9 des sciences et de l\u2019industrie<\/b>, sera pr\u00e9sent\u00e9e \u00e0 la m\u00e9diath\u00e8que. Cette initiative vise \u00e0 promouvoir l\u2019esprit critique et \u00e0 encourager chacun \u00e0 se forger sa propre opinion, un enjeu citoyen majeur.<\/p>\n<p>Votre r\u00e9gion, votre actu !<\/p>\n<p>Recevez chaque jour les infos qui comptent pour vous.<\/p>\n<p>\t<a href=\"https:\/\/actu.fr\/newsletter\" class=\"ac-btn ac-btn--corner ac-btn--medium ac-btn--blue800\" rel=\"nofollow noopener\" target=\"_blank\">S&rsquo;incrire<\/a><br \/>\nUne conf\u00e9rence sur les dessins satiriques<\/p>\n<p class=\" wall-content\">Le samedi 4\u00a0avril \u00e0 17\u2009h\u200930, l\u2019auditorium accueillera une conf\u00e9rence intitul\u00e9e \u00ab\u2009Balade dans le dessin satirique\u2009\u00bb. Anim\u00e9e par <b>Cyril Bosc<\/b>, archiviste et pr\u00e9sident des arts satiriques, cette session permettra de d\u00e9crypter les codes des dessins de presse. L\u2019\u00e9v\u00e9nement est ouvert \u00e0 tous, mais les places sont limit\u00e9es.<\/p>\n<p class=\" wall-content\">Le jeudi 23\u00a0avril, la m\u00e9diath\u00e8que organisera une journ\u00e9e sp\u00e9ciale d\u00e9di\u00e9e \u00e0 la <b>fabrication de l\u2019information<\/b>. Deux ateliers sont pr\u00e9vus\u2009: le premier, de 10\u2009h \u00e0 12\u2009h, s\u2019adresse aux enfants (CM et coll\u00e9giens) et le second, de 14\u2009h \u00e0 16\u2009h, aux adolescents et adultes. Ces ateliers aborderont des th\u00e9matiques comme <b>la v\u00e9rification des sources<\/b>, les bonnes pratiques sur les r\u00e9seaux sociaux et les m\u00e9thodes de fact-checking, notamment face \u00e0 la mont\u00e9e en puissance de l\u2019intelligence artificielle.<\/p>\n<p class=\" wall-content\">Ces rencontres seront anim\u00e9es par <b>Florian Guadalupe<\/b>, journaliste de l\u2019Association \u00ab\u2009Lumi\u00e8re sur l\u2019info\u2009\u00bb, qui \u0153uvre pour lutter contre la d\u00e9sinformation.<\/p>\n<p class=\" wall-content\">Enfin, durant tout le mois d\u2019avril, la m\u00e9diath\u00e8que mettra \u00e0 disposition des abonn\u00e9s des tablettes num\u00e9riques. Ces derni\u00e8res offriront un acc\u00e8s gratuit \u00e0 divers contenus num\u00e9riques, notamment la presse r\u00e9gionale et nationale, des magazines pour enfants et adolescents, ainsi que des plateformes comme Arte VOD et Skill\u00e9os pour des cours en ligne via Caf\u00e9yne.<\/p>\n<p>Gratuit. Participation sur inscription au 02\u200937\u200929\u200994\u200937 ou <a href=\"https:\/\/actu.fr\/cdn-cgi\/l\/email-protection\" class=\"__cf_email__\" data-cfemail=\"f89a919a9491978c909d898d9db88e91949dd59499d594978d889dd69b9795\" rel=\"nofollow noopener\" target=\"_blank\">[email\u00a0protected]<\/a><\/p>\n<p class=\" wall-content\">Personnalisez votre actualit\u00e9 en ajoutant vos villes et m\u00e9dias en favori avec <a href=\"https:\/\/moncompte.actu.fr\" title=\"D\u00e9couvez Mon Actu\" rel=\"nofollow noopener\" data-trk=\"{&quot;cta&quot;:{&quot;action&quot;:&quot;https:\\\/\\\/moncompte.actu.fr&quot;,&quot;category&quot;:&quot;mon compte&quot;,&quot;from&quot;:&quot;article footer&quot;,&quot;name&quot;:&quot;Mon actu&quot;,&quot;type&quot;:&quot;cta&quot;}}\" target=\"_blank\">Mon Actu<\/a>.<\/p>\n","protected":false},"excerpt":{"rendered":"Par R\u00e9daction Nogent-le-Rotrou Publi\u00e9 le 22 f\u00e9vr. 2026 \u00e0 7h46 L\u2019Escapade, la M\u00e9diath\u00e8que de La Loupe (Eure-et-Loir), propose&hellip;\n","protected":false},"author":2,"featured_media":751511,"comment_status":"","ping_status":"","sticky":false,"template":"","format":"standard","meta":{"footnotes":"","_share_on_mastodon":"0"},"categories":[1888],"tags":[1111,1928,11,1927,1063,1777,674,1011,27,12,1926,626,1925,25,104],"class_list":["post-751510","post","type-post","status-publish","format-standard","has-post-thumbnail","category-paris","tag-actu","tag-actu-paris","tag-actualites","tag-actualites-paris","tag-animations","tag-eu","tag-europe","tag-fr","tag-france","tag-news","tag-news-paris","tag-paris","tag-paris-news","tag-republique-francaise","tag-societe"],"share_on_mastodon":{"url":"https:\/\/pubeurope.com\/@fr\/116113028341692477","error":""},"_links":{"self":[{"href":"https:\/\/www.europesays.com\/fr\/wp-json\/wp\/v2\/posts\/751510","targetHints":{"allow":["GET"]}}],"collection":[{"href":"https:\/\/www.europesays.com\/fr\/wp-json\/wp\/v2\/posts"}],"about":[{"href":"https:\/\/www.europesays.com\/fr\/wp-json\/wp\/v2\/types\/post"}],"author":[{"embeddable":true,"href":"https:\/\/www.europesays.com\/fr\/wp-json\/wp\/v2\/users\/2"}],"replies":[{"embeddable":true,"href":"https:\/\/www.europesays.com\/fr\/wp-json\/wp\/v2\/comments?post=751510"}],"version-history":[{"count":0,"href":"https:\/\/www.europesays.com\/fr\/wp-json\/wp\/v2\/posts\/751510\/revisions"}],"wp:featuredmedia":[{"embeddable":true,"href":"https:\/\/www.europesays.com\/fr\/wp-json\/wp\/v2\/media\/751511"}],"wp:attachment":[{"href":"https:\/\/www.europesays.com\/fr\/wp-json\/wp\/v2\/media?parent=751510"}],"wp:term":[{"taxonomy":"category","embeddable":true,"href":"https:\/\/www.europesays.com\/fr\/wp-json\/wp\/v2\/categories?post=751510"},{"taxonomy":"post_tag","embeddable":true,"href":"https:\/\/www.europesays.com\/fr\/wp-json\/wp\/v2\/tags?post=751510"}],"curies":[{"name":"wp","href":"https:\/\/api.w.org\/{rel}","templated":true}]}}