{"id":75179,"date":"2025-05-04T21:53:08","date_gmt":"2025-05-04T21:53:08","guid":{"rendered":"https:\/\/www.europesays.com\/fr\/75179\/"},"modified":"2025-05-04T21:53:08","modified_gmt":"2025-05-04T21:53:08","slug":"volley-ball-a-vannes-lors-des-phases-finales-de-la-coupe-de-france-une-equipe-des-centurions-narbonne-est-devenue-championne-de-france","status":"publish","type":"post","link":"https:\/\/www.europesays.com\/fr\/75179\/","title":{"rendered":"Volley-ball\u00a0: \u00e0 Vannes lors des phases finales de la Coupe de France, une \u00e9quipe des Centurions Narbonne est devenue championne de France"},"content":{"rendered":"<p>\n                                                                Apr\u00e8s avoir \u00e9cras\u00e9 la concurrence pendant deux jours, de la phase de poule \u00e0 la finale, l\u2019\u00e9quipe masculine de moins de 13 ans des Centurions Narbonne a remport\u00e9 le titre de la Coupe de France \u00e0 Vannes en battant Harnes en finale.\n                            <\/p>\n<p>Invincibles. Tout simplement. L\u2019\u00e9quipe masculine de moins de 13 ans des Centurions Narbonne a r\u00e9alis\u00e9 un parcours incroyable en Coupe de France. Ils n\u2019ont tout simplement perdu aucun set. Ce week-end, lors des phases finales, \u00e0 Vannes, les jeunes pousses narbonnaises ont laiss\u00e9 aucune chance \u00e0 leurs adversaires. Il y a tout d\u2019abord eu Marseille (25-13, 25-18), puis Vannes (25-17, 25-17) pour se qualifier \u00e0 la premi\u00e8re place. Meudon en quart de finale a \u00e9t\u00e9 pi\u00e9g\u00e9 dans les mailles des joueurs des deux anciens professionnels du club Rapha\u00ebl Mrozek et de Jos\u00e9 Tr\u00e8fle (25-19, 25-17). Tout comme le Plessis-Robinson en demi-finale (25-13, 25-13).<\/p>\n<p>Apr\u00e8s deux jours de comp\u00e9tition en Bretagne, il ne restait plus qu\u2019une seule marche \u00e0 franchir pour les jeunes centurions. Ce dimanche, ils \u00e9taient confront\u00e9s \u00e0 Harnes pour d\u00e9crocher le titre tant attendu. Et au terme d\u2019une finale ma\u00eetris\u00e9e, encore une fois sur le score sec de 2 sets \u00e0 0, les Narbonnais ont pu exulter et se diriger imm\u00e9diatement vers leurs parents amass\u00e9s en tribune.<\/p>\n<p>Les jeunes M13 des Centurions Narbonne sont donc champions de France\u00a0!<\/p>\n","protected":false},"excerpt":{"rendered":"Apr\u00e8s avoir \u00e9cras\u00e9 la concurrence pendant deux jours, de la phase de poule \u00e0 la finale, l\u2019\u00e9quipe masculine&hellip;\n","protected":false},"author":2,"featured_media":75180,"comment_status":"","ping_status":"","sticky":false,"template":"","format":"standard","meta":{"footnotes":""},"categories":[1417],"tags":[1011,27,60,1470,1469],"class_list":{"0":"post-75179","1":"post","2":"type-post","3":"status-publish","4":"format-standard","5":"has-post-thumbnail","7":"category-volley","8":"tag-fr","9":"tag-france","10":"tag-sports","11":"tag-volley","12":"tag-volleyball"},"share_on_mastodon":{"url":"https:\/\/pubeurope.com\/@fr\/114451788790010109","error":""},"_links":{"self":[{"href":"https:\/\/www.europesays.com\/fr\/wp-json\/wp\/v2\/posts\/75179","targetHints":{"allow":["GET"]}}],"collection":[{"href":"https:\/\/www.europesays.com\/fr\/wp-json\/wp\/v2\/posts"}],"about":[{"href":"https:\/\/www.europesays.com\/fr\/wp-json\/wp\/v2\/types\/post"}],"author":[{"embeddable":true,"href":"https:\/\/www.europesays.com\/fr\/wp-json\/wp\/v2\/users\/2"}],"replies":[{"embeddable":true,"href":"https:\/\/www.europesays.com\/fr\/wp-json\/wp\/v2\/comments?post=75179"}],"version-history":[{"count":0,"href":"https:\/\/www.europesays.com\/fr\/wp-json\/wp\/v2\/posts\/75179\/revisions"}],"wp:featuredmedia":[{"embeddable":true,"href":"https:\/\/www.europesays.com\/fr\/wp-json\/wp\/v2\/media\/75180"}],"wp:attachment":[{"href":"https:\/\/www.europesays.com\/fr\/wp-json\/wp\/v2\/media?parent=75179"}],"wp:term":[{"taxonomy":"category","embeddable":true,"href":"https:\/\/www.europesays.com\/fr\/wp-json\/wp\/v2\/categories?post=75179"},{"taxonomy":"post_tag","embeddable":true,"href":"https:\/\/www.europesays.com\/fr\/wp-json\/wp\/v2\/tags?post=75179"}],"curies":[{"name":"wp","href":"https:\/\/api.w.org\/{rel}","templated":true}]}}