{"id":751805,"date":"2026-02-22T10:22:13","date_gmt":"2026-02-22T10:22:13","guid":{"rendered":"https:\/\/www.europesays.com\/fr\/751805\/"},"modified":"2026-02-22T10:22:13","modified_gmt":"2026-02-22T10:22:13","slug":"un-distributeur-pokemon-sinstalle-au-coeur-de-rennes","status":"publish","type":"post","link":"https:\/\/www.europesays.com\/fr\/751805\/","title":{"rendered":"un distributeur Pok\u00e9mon s\u2019installe au c\u0153ur de Rennes"},"content":{"rendered":"<p style=\"text-align: justify;\" data-start=\"145\" data-end=\"386\">Entre deux vitrines, une machine pas comme les autres attire d\u00e9sormais les regards au Centre commercial Colombia dans le centre-ville. Exit les sodas et les barres chocolat\u00e9es : place aux boosters et aux cartes Pok\u00e9mon. Depuis son installation dans la galerie rennaise, le nouveau distributeur Pok\u00e9mon intrigue les parents nostalgiques, adolescents \u00e0 la recherche d\u2019une carte pr\u00e9cise, collectionneurs avertis\u2026<\/p>\n<p style=\"text-align: justify;\" data-start=\"730\" data-end=\"925\">Impossible de la manquer. Habill\u00e9e aux couleurs vives de l\u2019univers Pok\u00e9mon, la borne tranche avec les distributeurs traditionnels. Mais visiblement, elle a rencontr\u00e9 un certain succ\u00e8s ! Rien d\u2019\u00e9tonnant \u00e0 cela. Depuis pr\u00e8s de trente ans apr\u00e8s leur cr\u00e9ation au Japon, les figurines continuent de s\u00e9duire toutes les g\u00e9n\u00e9rations, des joueurs de la premi\u00e8re heure aux nouveaux venus.<\/p>\n<p style=\"text-align: justify;\" data-start=\"1350\" data-end=\"1554\">Au-del\u00e0 de la vente, la machine cr\u00e9e de l\u2019animation dans la galerie. Le distributeur devient ainsi une mini-attraction, un point de rendez-vous spontan\u00e9. C\u2019est une mani\u00e8re aussi pour le centre commercial de proposer autre chose qu\u2019une simple exp\u00e9rience d\u2019achat. Que l\u2019on soit collectionneur acharn\u00e9, joueur strat\u00e9gique ou simple amateur de souvenirs d\u2019enfance, difficile de ne pas faire un d\u00e9tour par Colombia lors de sa prochaine vir\u00e9e shopping. \u00c0 Rennes, l\u2019univers Pok\u00e9mon trouve un nouveau terrain de jeu. Et il risque bien de faire parler de lui.<\/p>\n","protected":false},"excerpt":{"rendered":"Entre deux vitrines, une machine pas comme les autres attire d\u00e9sormais les regards au Centre commercial Colombia dans&hellip;\n","protected":false},"author":2,"featured_media":751806,"comment_status":"","ping_status":"","sticky":false,"template":"","format":"standard","meta":{"footnotes":"","_share_on_mastodon":"0"},"categories":[2821],"tags":[1111,11,829,1777,674,1011,27,12,584,25],"class_list":["post-751805","post","type-post","status-publish","format-standard","has-post-thumbnail","category-rennes","tag-actu","tag-actualites","tag-bretagne","tag-eu","tag-europe","tag-fr","tag-france","tag-news","tag-rennes","tag-republique-francaise"],"share_on_mastodon":{"url":"https:\/\/pubeurope.com\/@fr\/116113790998649571","error":""},"_links":{"self":[{"href":"https:\/\/www.europesays.com\/fr\/wp-json\/wp\/v2\/posts\/751805","targetHints":{"allow":["GET"]}}],"collection":[{"href":"https:\/\/www.europesays.com\/fr\/wp-json\/wp\/v2\/posts"}],"about":[{"href":"https:\/\/www.europesays.com\/fr\/wp-json\/wp\/v2\/types\/post"}],"author":[{"embeddable":true,"href":"https:\/\/www.europesays.com\/fr\/wp-json\/wp\/v2\/users\/2"}],"replies":[{"embeddable":true,"href":"https:\/\/www.europesays.com\/fr\/wp-json\/wp\/v2\/comments?post=751805"}],"version-history":[{"count":0,"href":"https:\/\/www.europesays.com\/fr\/wp-json\/wp\/v2\/posts\/751805\/revisions"}],"wp:featuredmedia":[{"embeddable":true,"href":"https:\/\/www.europesays.com\/fr\/wp-json\/wp\/v2\/media\/751806"}],"wp:attachment":[{"href":"https:\/\/www.europesays.com\/fr\/wp-json\/wp\/v2\/media?parent=751805"}],"wp:term":[{"taxonomy":"category","embeddable":true,"href":"https:\/\/www.europesays.com\/fr\/wp-json\/wp\/v2\/categories?post=751805"},{"taxonomy":"post_tag","embeddable":true,"href":"https:\/\/www.europesays.com\/fr\/wp-json\/wp\/v2\/tags?post=751805"}],"curies":[{"name":"wp","href":"https:\/\/api.w.org\/{rel}","templated":true}]}}