{"id":75195,"date":"2025-05-04T22:03:08","date_gmt":"2025-05-04T22:03:08","guid":{"rendered":"https:\/\/www.europesays.com\/fr\/75195\/"},"modified":"2025-05-04T22:03:08","modified_gmt":"2025-05-04T22:03:08","slug":"un-duo-de-danseurs-interprete-un-livre-a-la-mediatheque-dhennebont","status":"publish","type":"post","link":"https:\/\/www.europesays.com\/fr\/75195\/","title":{"rendered":"Un duo de danseurs interpr\u00e8te un livre \u00e0 la m\u00e9diath\u00e8que d\u2019Hennebont"},"content":{"rendered":"<p>La m\u00e9diath\u00e8que d\u2019Hennebont organise, mardi 6 mai 2025, une rencontre dans\u00e9e avec deux danseurs professionnels dans le cadre du prix Facile \u00e0 lire, de Bretagne. Le duo de danseurs du groupe p\u00f4le, Katell Hartereau et L\u00e9onard Rainis, a \u00e9t\u00e9 invit\u00e9 \u00e0 s\u2019approprier l\u2019ouvrage \u00ab\u00a0Duo Mambo\u00a0\u00bb, de Wei Middag et Aur\u00e8le Arima, pour proposer une chor\u00e9graphie, en lien avec le livre qui retrace le parcours du couple. Katell Hartereau raconte\u00a0: \u00ab\u00a0Le livre nous a touch\u00e9s, nous nous le sommes appropri\u00e9 pour proposer une dance de 30 \u00e0 40 minutes au public. Nous aimons nous produire l\u00e0 o\u00f9 la danse n\u2019est pas habituelle, comme ici dans une m\u00e9diath\u00e8que\u00a0\u00bb. Ces animations, comme la rencontre avec un auteur ou une balade dans les jardins d\u2019Hennebont sont ouverts au public et participe \u00ab\u00a0\u00e0 aider les jeunes \u00e0 revenir au livre, lire \u00e0 leur mani\u00e8re\u00a0\u00bb, conclut Marion Girault, directrice de l\u2019artoth\u00e8que.<\/p>\n<p><b>Pratique<\/b><\/p>\n<p class=\"note\">Rencontre dans\u00e9e, mardi 6 mai 2025, \u00e0 partir de 14\u00a0h, 30 \u00e0 40 minutes de spectacle. Gratuit.<\/p>\n","protected":false},"excerpt":{"rendered":"La m\u00e9diath\u00e8que d\u2019Hennebont organise, mardi 6 mai 2025, une rencontre dans\u00e9e avec deux danseurs professionnels dans le cadre&hellip;\n","protected":false},"author":2,"featured_media":75196,"comment_status":"","ping_status":"","sticky":false,"template":"","format":"standard","meta":{"footnotes":""},"categories":[1357],"tags":[1379,251,5972,58,59,1011,27,17980,1351,1380,16582],"class_list":{"0":"post-75195","1":"post","2":"type-post","3":"status-publish","4":"format-standard","5":"has-post-thumbnail","7":"category-livres","8":"tag-books","9":"tag-culture","10":"tag-danse","11":"tag-divertissement","12":"tag-entertainment","13":"tag-fr","14":"tag-france","15":"tag-hennebont","16":"tag-litterature","17":"tag-livres","18":"tag-mediatheque"},"share_on_mastodon":{"url":"https:\/\/pubeurope.com\/@fr\/114451828157861052","error":""},"_links":{"self":[{"href":"https:\/\/www.europesays.com\/fr\/wp-json\/wp\/v2\/posts\/75195","targetHints":{"allow":["GET"]}}],"collection":[{"href":"https:\/\/www.europesays.com\/fr\/wp-json\/wp\/v2\/posts"}],"about":[{"href":"https:\/\/www.europesays.com\/fr\/wp-json\/wp\/v2\/types\/post"}],"author":[{"embeddable":true,"href":"https:\/\/www.europesays.com\/fr\/wp-json\/wp\/v2\/users\/2"}],"replies":[{"embeddable":true,"href":"https:\/\/www.europesays.com\/fr\/wp-json\/wp\/v2\/comments?post=75195"}],"version-history":[{"count":0,"href":"https:\/\/www.europesays.com\/fr\/wp-json\/wp\/v2\/posts\/75195\/revisions"}],"wp:featuredmedia":[{"embeddable":true,"href":"https:\/\/www.europesays.com\/fr\/wp-json\/wp\/v2\/media\/75196"}],"wp:attachment":[{"href":"https:\/\/www.europesays.com\/fr\/wp-json\/wp\/v2\/media?parent=75195"}],"wp:term":[{"taxonomy":"category","embeddable":true,"href":"https:\/\/www.europesays.com\/fr\/wp-json\/wp\/v2\/categories?post=75195"},{"taxonomy":"post_tag","embeddable":true,"href":"https:\/\/www.europesays.com\/fr\/wp-json\/wp\/v2\/tags?post=75195"}],"curies":[{"name":"wp","href":"https:\/\/api.w.org\/{rel}","templated":true}]}}