{"id":752359,"date":"2026-02-22T16:20:20","date_gmt":"2026-02-22T16:20:20","guid":{"rendered":"https:\/\/www.europesays.com\/fr\/752359\/"},"modified":"2026-02-22T16:20:20","modified_gmt":"2026-02-22T16:20:20","slug":"travaux-a-rennes-voici-ou-il-sera-difficile-de-circuler-a-partir-du-lundi-23-fevrier","status":"publish","type":"post","link":"https:\/\/www.europesays.com\/fr\/752359\/","title":{"rendered":"Travaux \u00e0 Rennes\u00a0: voici o\u00f9 il sera difficile de circuler \u00e0 partir du lundi 23\u00a0f\u00e9vrier"},"content":{"rendered":"<p><strong>&#8211; Avenue Charles et Germaine Tillon :<\/strong> du lundi 23 au vendredi 27 f\u00e9vrier, la chauss\u00e9e sera r\u00e9duite \u00e0 l\u2019intersection avec l\u2019avenue Sir Winston Churchill, afin de permettre \u00e0 Eau du Bassin Rennais d\u2019intervenir sur le r\u00e9seau d\u2019eau potable. La circulation au niveau du terre-plein central \u00e0 l\u2019intersection sera interdite et emp\u00eache le tourne \u00e0 gauche de l\u2019avenue Sir Winston Churchill vers la rocade et le tourne \u00e0 gauche de l\u2019avenue Tillon vers l\u2019avenue Churchill. Une d\u00e9viation sera mise en place par la rue d\u2019Alsace et le cours du Pr\u00e9sident John Fitzgerald Kennedy.<\/p>\n<p><strong>&#8211; Rue Pierre Martin : <\/strong>du lundi 23 au mercredi 25 f\u00e9vrier, la circulation sera interdite dans le sens ouest-est, de 9 h \u00e0 16 h 30 entre la rue Albert de Mun et la rue Saint-H\u00e9lier, afin de permettre \u00e0 Enedis d\u2019intervenir sur le r\u00e9seau \u00e9lectrique. Une d\u00e9viation sera mise en place par le boulevard Emile Combes, le boulevard Franklin Roosevelt, la rue de Vern et la rue Saint-H\u00e9lier.<\/p>\n<p><strong>&#8211; Rue de Ch\u00e2teaugiron : <\/strong>du jeudi 26 au vendredi 27 f\u00e9vrier, la circulation sera interdite dans le sens sud-nord, entre le boulevard Villebois-Mareuil et la rue Boisgelin de Cuc\u00e9, afin de permettre un grutage. Une d\u00e9viation sera mise en place par le boulevard Villebois-Mareuil et l\u2019avenue du Monseigneur Mou\u00e9zy.<\/p>\n<p><strong>&#8211; Avenue du Professeur Charles Foulon :<\/strong> du jeudi 26 au vendredi 27 f\u00e9vrier, la circulation sera altern\u00e9e de 9 h \u00e0 16 h 30 \u00e0 l\u2019intersection avec la rue Pierre Donzelot, afin de permettre \u00e0 Eau du Bassin Rennais de r\u00e9aliser une intervention sur le r\u00e9seau d\u2019eau potable.<\/p>\n<p><strong>&#8211; Rue de la Palestine :<\/strong> du mardi 24 au jeudi 26 f\u00e9vrier, la circulation sera interdite de 8 h \u00e0 17 h entre la rue Paul S\u00e9billot et la rue Waldeck-Rousseau, afin de permettre des travaux de r\u00e9seaux. Une d\u00e9viation sera mise en place par le boulevard de S\u00e9vign\u00e9.<\/p>\n<p>Tous les travaux en cours pouvant perturber vos trajets sur Rennes et Rennes M\u00e9tropole sont \u00e0 retrouver <a href=\"https:\/\/travaux.rennesmetropole.fr\/meteo-travaux\/\" target=\"_blank\" rel=\"nofollow noopener\">ici<\/a>.<\/p>\n","protected":false},"excerpt":{"rendered":"&#8211; Avenue Charles et Germaine Tillon : du lundi 23 au vendredi 27 f\u00e9vrier, la chauss\u00e9e sera r\u00e9duite&hellip;\n","protected":false},"author":2,"featured_media":752360,"comment_status":"","ping_status":"","sticky":false,"template":"","format":"standard","meta":{"footnotes":"","_share_on_mastodon":"0"},"categories":[2821],"tags":[1111,11,829,1777,674,1011,27,848,12,584,25],"class_list":["post-752359","post","type-post","status-publish","format-standard","has-post-thumbnail","category-rennes","tag-actu","tag-actualites","tag-bretagne","tag-eu","tag-europe","tag-fr","tag-france","tag-ille-et-vilaine","tag-news","tag-rennes","tag-republique-francaise"],"share_on_mastodon":{"url":"https:\/\/pubeurope.com\/@fr\/116115198839525726","error":""},"_links":{"self":[{"href":"https:\/\/www.europesays.com\/fr\/wp-json\/wp\/v2\/posts\/752359","targetHints":{"allow":["GET"]}}],"collection":[{"href":"https:\/\/www.europesays.com\/fr\/wp-json\/wp\/v2\/posts"}],"about":[{"href":"https:\/\/www.europesays.com\/fr\/wp-json\/wp\/v2\/types\/post"}],"author":[{"embeddable":true,"href":"https:\/\/www.europesays.com\/fr\/wp-json\/wp\/v2\/users\/2"}],"replies":[{"embeddable":true,"href":"https:\/\/www.europesays.com\/fr\/wp-json\/wp\/v2\/comments?post=752359"}],"version-history":[{"count":0,"href":"https:\/\/www.europesays.com\/fr\/wp-json\/wp\/v2\/posts\/752359\/revisions"}],"wp:featuredmedia":[{"embeddable":true,"href":"https:\/\/www.europesays.com\/fr\/wp-json\/wp\/v2\/media\/752360"}],"wp:attachment":[{"href":"https:\/\/www.europesays.com\/fr\/wp-json\/wp\/v2\/media?parent=752359"}],"wp:term":[{"taxonomy":"category","embeddable":true,"href":"https:\/\/www.europesays.com\/fr\/wp-json\/wp\/v2\/categories?post=752359"},{"taxonomy":"post_tag","embeddable":true,"href":"https:\/\/www.europesays.com\/fr\/wp-json\/wp\/v2\/tags?post=752359"}],"curies":[{"name":"wp","href":"https:\/\/api.w.org\/{rel}","templated":true}]}}