{"id":752384,"date":"2026-02-22T16:34:35","date_gmt":"2026-02-22T16:34:35","guid":{"rendered":"https:\/\/www.europesays.com\/fr\/752384\/"},"modified":"2026-02-22T16:34:35","modified_gmt":"2026-02-22T16:34:35","slug":"se-preparer-a-ermione-opera-de-marseille-22-et-24-fevrier-2026","status":"publish","type":"post","link":"https:\/\/www.europesays.com\/fr\/752384\/","title":{"rendered":"Se pr\u00e9parer \u00e0 Ermione, Op\u00e9ra de Marseille, 22 et 24 f\u00e9vrier 2026"},"content":{"rendered":"<p>\t\t\t\t\t\t<a href=\"https:\/\/www.europesays.com\/fr\/wp-content\/uploads\/2026\/02\/Oreste-annonce-a-Hermione-la-mort-de-Pyrrhus-Pierre-Guerin-Musee-de-Caen.jpg\" data-rel=\"penci-gallery-image-content\">\t\t\t\t\t\t\t                                <img loading=\"lazy\" decoding=\"async\" class=\"attachment-penci-full-thumb size-penci-full-thumb penci-lazy wp-post-image pc-singlep-img\" width=\"652\" height=\"501\" data-  src=\"https:\/\/www.europesays.com\/fr\/wp-content\/uploads\/2026\/02\/Oreste-annonce-a-Hermione-la-mort-de-Pyrrhus-Pierre-Guerin-Musee-de-Caen.jpg\"\/><br \/>\n\t\t\t\t\t\t\t\t\t\t\t\t\t\t<\/a><\/p>\n<p>Oreste annonce \u00e0 Hermione la mort de Pyrrhus, Pierre Guerin (Mus\u00e9e de Caen)<\/p>\n<p>\t\t\t1,5K<\/p>\n<p>\t\t<a href=\"https:\/\/www.premiereloge-opera.com\/avant-concert\/2026\/02\/22\/se-preparer-a-ermione-opera-de-marseille-22-et-24-fevrier-2026-michele-spotti-karine-deshayes\/?print=print\" class=\"pdfprnt-button pdfprnt-button-print\" target=\"_blank\" rel=\"nofollow noopener\"><img decoding=\"async\" src=\"https:\/\/www.europesays.com\/fr\/wp-content\/uploads\/2026\/02\/print.png\" alt=\"image_print\" title=\"Contenu imprim\u00e9\"\/>Imprimer<\/a><\/p>\n<p>\t\t<img loading=\"lazy\" alt=\"\" src=\"https:\/\/www.europesays.com\/fr\/wp-content\/uploads\/2026\/02\/655c95a2f30d18e648701085dd0fb16aa4380402192df85d08a9e67da76ef765.jpeg\"  class=\"avatar avatar-100 photo\" height=\"100\" width=\"100\" decoding=\"async\"\/>\t<\/p>\n<p>\t\t<a href=\"https:\/\/www.premiereloge-opera.com\/author\/stephane-lelievre\/\" title=\"Auteur St\u00e9phane Leli\u00e8vre\" rel=\"author nofollow noopener\" target=\"_blank\">St\u00e9phane Leli\u00e8vre<\/a><\/p>\n<p>St\u00e9phane Leli\u00e8vre est ma\u00eetre de conf\u00e9rences en litt\u00e9rature compar\u00e9e, responsable de l\u2019\u00e9quipe \u00ab Litt\u00e9rature et Musique \u00bb du Centre de Recherche en Litt\u00e9rature Compar\u00e9e de la Facult\u00e9 des Lettres de Sorbonne-Universit\u00e9. Il a publi\u00e9 plusieurs ouvrages et articles dans des revues comparatistes ou musicologiques et collabore fr\u00e9quemment avec divers op\u00e9ras pour la r\u00e9daction de programmes de salle (Op\u00e9ra national de Paris, Op\u00e9ra-Comique, Op\u00e9ra national du Rhin,&#8230;) Il est co-fondateur et r\u00e9dacteur en chef de Premi\u00e8re Loge.<\/p>\n<p>                <a data-bgset=\"https:\/\/www.premiereloge-opera.com\/app\/uploads\/2025\/12\/John_Martin_-_Macbeth_-_Google_Art_Project-150x150.jpg\" class=\"penci-lazy penci-post-nav-thumb penci-holder-load penci-image-holder\" href=\"https:\/\/www.premiereloge-opera.com\/avant-concert\/2026\/02\/21\/se-preparer-a-macbeth-turin-riccardo-muti\/\" rel=\"nofollow noopener\" target=\"_blank\"><br \/>\n\t\t\t\t\t                <\/a><\/p>\n<p>\n                        post pr\u00e9c\u00e9dent\n                    <\/p>\n<p>                    <a href=\"https:\/\/www.premiereloge-opera.com\/avant-concert\/2026\/02\/21\/se-preparer-a-macbeth-turin-riccardo-muti\/\" rel=\"nofollow noopener\" target=\"_blank\"><\/p>\n<p>\n                            Se pr\u00e9parer \u00e0 MACBETH \u2013 Teatro Regio Torino, 24 f\u00e9vrier 2025-07 mars 2026\n                        <\/p>\n<p>                    <\/a><\/p>\n<p>Vous allez aussi aimer&#8230;<\/p>\n","protected":false},"excerpt":{"rendered":"Oreste annonce \u00e0 Hermione la mort de Pyrrhus, Pierre Guerin (Mus\u00e9e de Caen) 1,5K Imprimer St\u00e9phane Leli\u00e8vre St\u00e9phane&hellip;\n","protected":false},"author":2,"featured_media":752385,"comment_status":"","ping_status":"","sticky":false,"template":"","format":"standard","meta":{"footnotes":"","_share_on_mastodon":"0"},"categories":[2814],"tags":[1111,11,83753,1777,674,1011,27,83750,884,83752,12,882,25,83751],"class_list":["post-752384","post","type-post","status-publish","format-standard","has-post-thumbnail","category-marseille","tag-actu","tag-actualites","tag-enea-scala","tag-eu","tag-europe","tag-fr","tag-france","tag-karine-deshayes","tag-marseille","tag-michele-spotti","tag-news","tag-provence-alpes-cote-dazur","tag-republique-francaise","tag-rossini"],"share_on_mastodon":{"url":"https:\/\/pubeurope.com\/@fr\/116115253975300609","error":""},"_links":{"self":[{"href":"https:\/\/www.europesays.com\/fr\/wp-json\/wp\/v2\/posts\/752384","targetHints":{"allow":["GET"]}}],"collection":[{"href":"https:\/\/www.europesays.com\/fr\/wp-json\/wp\/v2\/posts"}],"about":[{"href":"https:\/\/www.europesays.com\/fr\/wp-json\/wp\/v2\/types\/post"}],"author":[{"embeddable":true,"href":"https:\/\/www.europesays.com\/fr\/wp-json\/wp\/v2\/users\/2"}],"replies":[{"embeddable":true,"href":"https:\/\/www.europesays.com\/fr\/wp-json\/wp\/v2\/comments?post=752384"}],"version-history":[{"count":0,"href":"https:\/\/www.europesays.com\/fr\/wp-json\/wp\/v2\/posts\/752384\/revisions"}],"wp:featuredmedia":[{"embeddable":true,"href":"https:\/\/www.europesays.com\/fr\/wp-json\/wp\/v2\/media\/752385"}],"wp:attachment":[{"href":"https:\/\/www.europesays.com\/fr\/wp-json\/wp\/v2\/media?parent=752384"}],"wp:term":[{"taxonomy":"category","embeddable":true,"href":"https:\/\/www.europesays.com\/fr\/wp-json\/wp\/v2\/categories?post=752384"},{"taxonomy":"post_tag","embeddable":true,"href":"https:\/\/www.europesays.com\/fr\/wp-json\/wp\/v2\/tags?post=752384"}],"curies":[{"name":"wp","href":"https:\/\/api.w.org\/{rel}","templated":true}]}}