{"id":75240,"date":"2025-05-04T22:33:09","date_gmt":"2025-05-04T22:33:09","guid":{"rendered":"https:\/\/www.europesays.com\/fr\/75240\/"},"modified":"2025-05-04T22:33:09","modified_gmt":"2025-05-04T22:33:09","slug":"une-ligne-dhorizon-bleue-comme-un-battement-de-coeur-cet-artiste-azureen-a-equipe-la-digue-du-port-pour-quelle-seclaire-a-lapproche-dun-cetace-au-large","status":"publish","type":"post","link":"https:\/\/www.europesays.com\/fr\/75240\/","title":{"rendered":"\u00ab\u00a0Une ligne d\u2019horizon bleue, comme un battement de c\u0153ur\u00a0\u00bb: cet artiste azur\u00e9en a \u00e9quip\u00e9 la digue du port pour qu\u2019elle s\u2019\u00e9claire \u00e0 l\u2019approche d\u2019un c\u00e9tac\u00e9 au large de Nice"},"content":{"rendered":"<p>On la verra du monument aux morts \u00e0 l\u2019a\u00e9roport. \u00ab\u00a0Une ligne d\u2019horizon bleue qui va s\u2019allumer comme un battement de c\u0153ur. Un gonflement durant 2 \u00e0 3 minutes lors du passage de c\u00e9tac\u00e9s, au large de Nice.\u00a0\u00bb\u00a0<\/p>\n<p>Emmanuel R\u00e9gent, dessinateur, peintre et sculpteur azur\u00e9en, parle avec beaucoup d\u2019\u00e9motion du concept artistique qu\u2019il a imagin\u00e9 pour la Biennale des arts et de l\u2019oc\u00e9an, dans le cadre du sommet des Nations Unies sur l\u2019Oc\u00e9an.<\/p>\n<p>Du 5 mai jusqu\u2019au mois d\u2019octobre, chaque fois qu\u2019une baleine ou un cachalot s\u2019approchera des c\u00f4tes ni\u00e7oises, la digue du port de Nice se parera d\u2019un bleu outremer.<\/p>\n<p>L\u2019artiste de 51 ans, vivant entre Paris et Villefranche-sur-Mer, sa ville natale \u2013 qui a fait les Beaux-Arts \u00e0 Paris et a beaucoup appris dans l\u2019atelier du grand sculpteur italien Giuseppe Penone \u2013 a la mer dans les cellules.<\/p>\n<p>Il pratique la plong\u00e9e en apn\u00e9e, la p\u00eache, participe au combat naval fleuri de sa commune.<\/p>\n<p>Alors, quand H\u00e9l\u00e8ne Guenin et Jean-Jacques Aillagon, co-commissaires de la biennale, soutenue par la Ville de Nice, ont demand\u00e9 \u00e0 Emmanuel de r\u00e9fl\u00e9chir \u00e0 une \u0153uvre pour la biennale et la conf\u00e9rence sur l\u2019Oc\u00e9an, le plasticien a plong\u00e9 dans son inspiration la plus profonde.<\/p>\n<p>Un dispositif scientifique<\/p>\n<p>Depuis octobre 2024, il planche sur le sujet. Mettre au point 200m\u00e8tres de ligne lumineuse, install\u00e9e depuis le phare sur la fa\u00e7ade sud\/ouest de la digue, n\u2019est pas une mince affaire.<\/p>\n<p>Il raconte: \u00ab\u00a0J\u2019ai travaill\u00e9 avec l\u2019association Miraceti, qui regroupe des scientifiques engag\u00e9s dans la pr\u00e9servation des c\u00e9tac\u00e9s et avec un informaticien qui a \u00e9labor\u00e9 Repcet, un syst\u00e8me de rep\u00e9rage en temps r\u00e9el des c\u00e9tac\u00e9s pour \u00e9viter une collision fatale entre eux et les navires. Il s\u2019agit d\u2019un logiciel semblable \u00e0 un dispositif satellite sous l\u2019eau, \u00e9quipant des bateaux partenaires, dont certains sont amarr\u00e9s au port de Nice ou passent dans les environs.\u00a0\u00bb<\/p>\n<p>En fait, l\u2019artiste a adapt\u00e9 son id\u00e9e \u00e0 un syst\u00e8me pr\u00e9cieux qui existe d\u00e9j\u00e0: le c\u00e9tac\u00e9 arrive, le signal de son approche se r\u00e9percute sur la digue qui le transforme alors en ligne lumineuse bleue, visible \u00e9videmment de nuit, mais \u00e9galement de jour par temps gris.<\/p>\n<p>\u00ab\u00a0C\u2019est totalement al\u00e9atoire, car si aucun c\u00e9tac\u00e9 ne s\u2019approche, rien ne se passera.\u00a0\u00bb<\/p>\n<p>Deux tonnes de mat\u00e9riel<\/p>\n<p>La complexit\u00e9 du chantier rajoute \u00e0 l\u2019\u00e9normit\u00e9 po\u00e9tique du concept: \u00ab\u00a0Tout doit r\u00e9sister au sel, \u00e0 l\u2019eau. Il y a 2 tonnes de mat\u00e9riel, dont des \u00e9querres g\u00e9antes en inox et une ligne de LED. Ensuite, il a fallu obtenir des autorisations de la pr\u00e9fecture, de la capitainerie du port, de l\u2019a\u00e9roport&#8230;\u00a0\u00bb<\/p>\n<p>Mais cela valait le coup pour \u00ab\u00a0\u00e9merveiller, rendre visible et mettre en valeur l\u2019invisible et l\u2019al\u00e9atoire\u00a0\u00bb.<\/p>\n","protected":false},"excerpt":{"rendered":"On la verra du monument aux morts \u00e0 l\u2019a\u00e9roport. \u00ab\u00a0Une ligne d\u2019horizon bleue qui va s\u2019allumer comme un&hellip;\n","protected":false},"author":2,"featured_media":75241,"comment_status":"","ping_status":"","sticky":false,"template":"","format":"standard","meta":{"footnotes":""},"categories":[2819],"tags":[1111,11,436,1777,674,1011,27,12,2401,882,25],"class_list":{"0":"post-75240","1":"post","2":"type-post","3":"status-publish","4":"format-standard","5":"has-post-thumbnail","7":"category-nice","8":"tag-actu","9":"tag-actualites","10":"tag-environnement","11":"tag-eu","12":"tag-europe","13":"tag-fr","14":"tag-france","15":"tag-news","16":"tag-nice","17":"tag-provence-alpes-cote-dazur","18":"tag-republique-francaise"},"share_on_mastodon":{"url":"https:\/\/pubeurope.com\/@fr\/114451946148052396","error":""},"_links":{"self":[{"href":"https:\/\/www.europesays.com\/fr\/wp-json\/wp\/v2\/posts\/75240","targetHints":{"allow":["GET"]}}],"collection":[{"href":"https:\/\/www.europesays.com\/fr\/wp-json\/wp\/v2\/posts"}],"about":[{"href":"https:\/\/www.europesays.com\/fr\/wp-json\/wp\/v2\/types\/post"}],"author":[{"embeddable":true,"href":"https:\/\/www.europesays.com\/fr\/wp-json\/wp\/v2\/users\/2"}],"replies":[{"embeddable":true,"href":"https:\/\/www.europesays.com\/fr\/wp-json\/wp\/v2\/comments?post=75240"}],"version-history":[{"count":0,"href":"https:\/\/www.europesays.com\/fr\/wp-json\/wp\/v2\/posts\/75240\/revisions"}],"wp:featuredmedia":[{"embeddable":true,"href":"https:\/\/www.europesays.com\/fr\/wp-json\/wp\/v2\/media\/75241"}],"wp:attachment":[{"href":"https:\/\/www.europesays.com\/fr\/wp-json\/wp\/v2\/media?parent=75240"}],"wp:term":[{"taxonomy":"category","embeddable":true,"href":"https:\/\/www.europesays.com\/fr\/wp-json\/wp\/v2\/categories?post=75240"},{"taxonomy":"post_tag","embeddable":true,"href":"https:\/\/www.europesays.com\/fr\/wp-json\/wp\/v2\/tags?post=75240"}],"curies":[{"name":"wp","href":"https:\/\/api.w.org\/{rel}","templated":true}]}}