{"id":752495,"date":"2026-02-22T17:43:26","date_gmt":"2026-02-22T17:43:26","guid":{"rendered":"https:\/\/www.europesays.com\/fr\/752495\/"},"modified":"2026-02-22T17:43:26","modified_gmt":"2026-02-22T17:43:26","slug":"a-marseille-horizon-aero-ouvre-le-champ-des-possibles-pour-les-jeunes","status":"publish","type":"post","link":"https:\/\/www.europesays.com\/fr\/752495\/","title":{"rendered":"\u00c0 Marseille, Horizon A\u00e9ro ouvre le champ des possibles pour les jeunes"},"content":{"rendered":"<p>Dans une salle anim\u00e9e d\u2019un centre marseillais, les voix se m\u00ealent au vrombissement virtuel d\u2019un moteur. \u00ab\u00a0V1\u00a0143, V2\u00a0145\u2026 si c\u2019\u00e9tait une piste courte, tu mets 10 pour qu\u2019il s\u2019envole plein gaz\u00a0!\u00a0\u00bb lance un instructeur, concentr\u00e9, devant un simulateur. Bienvenue \u00e0 Horizon A\u00e9ro, l\u2019\u00e9v\u00e9nement imagin\u00e9 par\u00a0le constructeur a\u00e9ronautique, <a href=\"https:\/\/www.laprovence.com\/article\/economie\/1406005414521314\/un-boeing-777-qui-porte-le-nom-de-salon-de-provence-fait-rayonner-la-ville-aux-quatre-coins-du-monde\" target=\"_blank\" rel=\"nofollow noopener\">Boeing<\/a>, et la\u00a0<a href=\"https:\/\/www.laprovence.com\/article\/region\/73490795391132\/marseille-le-centre-leo-lagrange-lance-enfin-sa-saison-au-frioul\" target=\"_blank\" rel=\"nofollow noopener\">F\u00e9d\u00e9ration L\u00e9o-Lagrange<\/a>\u00a0pour faire d\u00e9coller les vocations. Cr\u00e9\u00e9 en\u00a02023, l\u2019\u00e9v\u00e8nement a d\u00e9j\u00e0 fait escale 13 fois en France.<\/p>\n<p>Organis\u00e9 \u00e0 Marseille ce jeudi, 90 jeunes r\u00e9partis sur deux jours, ont pu d\u00e9couvrir les m\u00e9tiers d\u2019un secteur qui recrute mais peine \u00e0 s\u00e9duire. \u00ab\u00a0On est l\u00e0 pour \u00e9veiller la curiosit\u00e9 des jeunes sur ce que le transport a\u00e9rien peut offrir comme carri\u00e8res. Il y a \u00e9norm\u00e9ment de m\u00e9tiers comme constructeurs, dans les a\u00e9roports ou les compagnies a\u00e9riennes\u2026 c\u2019est tout cela qu\u2019on veut pr\u00e9senter\u00a0\u00bb, d\u00e9taille Jean-Marc Front, <a href=\"https:\/\/www.laprovence.com\/article\/france-monde\/1408579345280814\/usa-abandon-des-poursuites-penales-contre-boeing-liees-aux-crashes-du-737-max-8\" target=\"_blank\" rel=\"nofollow noopener\">directeur g\u00e9n\u00e9ral de Boeing France<\/a>.<\/p>\n<p>\u00ab\u00a0Le trafic a\u00e9rien va doubler dans les vingt ans. Cela veut dire des besoins massifs\u00a0: ing\u00e9nieurs, pilotes, contr\u00f4leurs, mais aussi m\u00e9caniciens. On peut commencer \u00e0 tous les niveaux\u00a0: CAP, BEP, <a href=\"https:\/\/www.laprovence.com\/article\/region\/5419905010960814\/au-lycee-professionnel-gustave-eiffel-d-aubagne-de-nouvelles-formations-pour-coller-aux-besoins-economiques\" target=\"_blank\" rel=\"nofollow noopener\">bac pro<\/a>. Il y a des perspectives d\u2019\u00e9volution et de formation continue.\u00a0\u00bb<\/p>\n<p>\u00ab\u00a0Ouvrir toutes les rou<\/p>\n","protected":false},"excerpt":{"rendered":"Dans une salle anim\u00e9e d\u2019un centre marseillais, les voix se m\u00ealent au vrombissement virtuel d\u2019un moteur. \u00ab\u00a0V1\u00a0143, V2\u00a0145\u2026&hellip;\n","protected":false},"author":2,"featured_media":752496,"comment_status":"","ping_status":"","sticky":false,"template":"","format":"standard","meta":{"footnotes":"","_share_on_mastodon":"0"},"categories":[2814],"tags":[5734,1111,11,83759,9902,154,1777,674,1011,27,37739,884,12,10102,33865,882,25,104],"class_list":["post-752495","post","type-post","status-publish","format-standard","has-post-thumbnail","category-marseille","tag-5734","tag-actu","tag-actualites","tag-aero","tag-champ","tag-des","tag-eu","tag-europe","tag-fr","tag-france","tag-horizon","tag-marseille","tag-news","tag-ouvre","tag-possibles","tag-provence-alpes-cote-dazur","tag-republique-francaise","tag-societe"],"share_on_mastodon":{"url":"https:\/\/pubeurope.com\/@fr\/116115525225827958","error":""},"_links":{"self":[{"href":"https:\/\/www.europesays.com\/fr\/wp-json\/wp\/v2\/posts\/752495","targetHints":{"allow":["GET"]}}],"collection":[{"href":"https:\/\/www.europesays.com\/fr\/wp-json\/wp\/v2\/posts"}],"about":[{"href":"https:\/\/www.europesays.com\/fr\/wp-json\/wp\/v2\/types\/post"}],"author":[{"embeddable":true,"href":"https:\/\/www.europesays.com\/fr\/wp-json\/wp\/v2\/users\/2"}],"replies":[{"embeddable":true,"href":"https:\/\/www.europesays.com\/fr\/wp-json\/wp\/v2\/comments?post=752495"}],"version-history":[{"count":0,"href":"https:\/\/www.europesays.com\/fr\/wp-json\/wp\/v2\/posts\/752495\/revisions"}],"wp:featuredmedia":[{"embeddable":true,"href":"https:\/\/www.europesays.com\/fr\/wp-json\/wp\/v2\/media\/752496"}],"wp:attachment":[{"href":"https:\/\/www.europesays.com\/fr\/wp-json\/wp\/v2\/media?parent=752495"}],"wp:term":[{"taxonomy":"category","embeddable":true,"href":"https:\/\/www.europesays.com\/fr\/wp-json\/wp\/v2\/categories?post=752495"},{"taxonomy":"post_tag","embeddable":true,"href":"https:\/\/www.europesays.com\/fr\/wp-json\/wp\/v2\/tags?post=752495"}],"curies":[{"name":"wp","href":"https:\/\/api.w.org\/{rel}","templated":true}]}}