{"id":752521,"date":"2026-02-22T17:57:18","date_gmt":"2026-02-22T17:57:18","guid":{"rendered":"https:\/\/www.europesays.com\/fr\/752521\/"},"modified":"2026-02-22T17:57:18","modified_gmt":"2026-02-22T17:57:18","slug":"un-choc-entre-le-bayern-munich-et-le-bayer-leverkusen-en-demi","status":"publish","type":"post","link":"https:\/\/www.europesays.com\/fr\/752521\/","title":{"rendered":"un choc entre le Bayern Munich et le Bayer Leverkusen en demi"},"content":{"rendered":"<p>\n    Le tirage au sort des demi-finales de la Coupe d\u2019Allemagne a \u00e9t\u00e9 effectu\u00e9. Le Bayern Munich affrontera le Bayer Leverkusen et Stuttgart jouera contre Fribourg.<\/p>\n<p class=\"fig-paragraph\">Le Bayern Munich se d\u00e9placera sur la pelouse du Bayer Leverkusen en demi-finale de la\u00a0<a href=\"http:\/\/www.lefigaro.fr\/sports\/football\/allemagne\/coupe-d-allemagne-le-bayern-elimine-leipzig-et-rejoint-les-demi-finales-20260212\" target=\"_blank\" data-fig-type=\"NewsFlash\" rel=\"noopener nofollow\" data-gtm-custom-categorie=\"navigation\" data-gtm-custom-action=\"crossclick\" data-gtm-custom-label=\"Contextuel\" data-gtm-event=\"customEventSPE\" data-fig-domain=\"LEFIGARO\">Coupe d&rsquo;Allemagne<\/a>, alors que le tenant du titre, Stuttgart, jouera sa place en finale \u00e0 domicile face \u00e0 Fribourg, selon le tirage au sort effectu\u00e9 dimanche.<\/p>\n<p class=\"fig-paragraph\">Le Bayern, qui d\u00e9tient le record de troph\u00e9es dans la Coupe d&rsquo;Allemagne (20), n&rsquo;a plus atteint les demi-finales depuis 2020, l&rsquo;ann\u00e9e de son dernier sacre en Deutsche Pokal.<\/p>\n<p>                                            <a class=\"fig-a11y-skip\" href=\"#fig-a11y-skip-main-inarticle\" is=\"fig-a11y-skip\" data-trigger-mode=\"visible-once\"><br \/>\n    Passer la publicit\u00e9<br \/>\n<\/a>            <\/p>\n<p class=\"fig-paragraph\">La saison derni\u00e8re, Leverkusen avait \u00e9limin\u00e9 le club bavarois en huiti\u00e8me de finale.<\/p>\n<p class=\"fig-paragraph\">Des quatre demi-finalistes cette ann\u00e9e, seul Fribourg n&rsquo;a jamais soulev\u00e9 la coupe (Stuttgart d\u00e9tient quatre troph\u00e9es, dont le dernier remport\u00e9 en mai dernier face au club de 3e division de l&rsquo;Arminia Bielefeld).<\/p>\n<p class=\"fig-paragraph\">Les demi-finales seront programm\u00e9es fin avril, la finale ayant lieu le 23 mai au Stade olympique de Berlin.<\/p>\n","protected":false},"excerpt":{"rendered":"Le tirage au sort des demi-finales de la Coupe d\u2019Allemagne a \u00e9t\u00e9 effectu\u00e9. Le Bayern Munich affrontera le&hellip;\n","protected":false},"author":2,"featured_media":752522,"comment_status":"","ping_status":"","sticky":false,"template":"","format":"standard","meta":{"footnotes":"","_share_on_mastodon":"0"},"categories":[1587],"tags":[11,672,11005,4782,1804,1805,1803,1777,674,1801,12,1802],"class_list":["post-752521","post","type-post","status-publish","format-standard","has-post-thumbnail","category-allemagne","tag-actualites","tag-allemagne","tag-bayer-leverkusen","tag-bayern-munich","tag-bundesrepublik-deutschland","tag-de","tag-deutschland","tag-eu","tag-europe","tag-germany","tag-news","tag-republique-federale-dallemagne"],"share_on_mastodon":{"url":"https:\/\/pubeurope.com\/@fr\/116115580252215287","error":""},"_links":{"self":[{"href":"https:\/\/www.europesays.com\/fr\/wp-json\/wp\/v2\/posts\/752521","targetHints":{"allow":["GET"]}}],"collection":[{"href":"https:\/\/www.europesays.com\/fr\/wp-json\/wp\/v2\/posts"}],"about":[{"href":"https:\/\/www.europesays.com\/fr\/wp-json\/wp\/v2\/types\/post"}],"author":[{"embeddable":true,"href":"https:\/\/www.europesays.com\/fr\/wp-json\/wp\/v2\/users\/2"}],"replies":[{"embeddable":true,"href":"https:\/\/www.europesays.com\/fr\/wp-json\/wp\/v2\/comments?post=752521"}],"version-history":[{"count":0,"href":"https:\/\/www.europesays.com\/fr\/wp-json\/wp\/v2\/posts\/752521\/revisions"}],"wp:featuredmedia":[{"embeddable":true,"href":"https:\/\/www.europesays.com\/fr\/wp-json\/wp\/v2\/media\/752522"}],"wp:attachment":[{"href":"https:\/\/www.europesays.com\/fr\/wp-json\/wp\/v2\/media?parent=752521"}],"wp:term":[{"taxonomy":"category","embeddable":true,"href":"https:\/\/www.europesays.com\/fr\/wp-json\/wp\/v2\/categories?post=752521"},{"taxonomy":"post_tag","embeddable":true,"href":"https:\/\/www.europesays.com\/fr\/wp-json\/wp\/v2\/tags?post=752521"}],"curies":[{"name":"wp","href":"https:\/\/api.w.org\/{rel}","templated":true}]}}