{"id":75268,"date":"2025-05-04T22:48:18","date_gmt":"2025-05-04T22:48:18","guid":{"rendered":"https:\/\/www.europesays.com\/fr\/75268\/"},"modified":"2025-05-04T22:48:18","modified_gmt":"2025-05-04T22:48:18","slug":"greve-sncf-les-previsions-de-perturbations-en-ile-de-france-demain-2","status":"publish","type":"post","link":"https:\/\/www.europesays.com\/fr\/75268\/","title":{"rendered":"Gr\u00e8ve SNCF : les pr\u00e9visions de perturbations en \u00cele-de-France demain"},"content":{"rendered":"<p><img loading=\"lazy\" decoding=\"async\" alt=\"\u00a9 Shutterstock - Ce lundi 5 mai, un mouvement social va perturber les lignes de Transiliens et RER en \u00cele-de-France g\u00e9r\u00e9e par la SNCF.\" data-zoom-src=\"https:\/\/www.europesays.com\/fr\/wp-content\/uploads\/2025\/05\/initial-surburban-rer-trains-from-chatelet-les-halles.jpg\" data-zoomable=\"\" height=\"702\" src=\"https:\/\/www.europesays.com\/fr\/wp-content\/uploads\/2025\/05\/initial-surburban-rer-trains-from-chatelet-les-halles.jpg\" width=\"1248\"\/>  <\/p>\n<p class=\"article-desc\">\u00a9 Shutterstock &#8211; Ce lundi 5 mai, un mouvement social va perturber les lignes de Transiliens et RER en \u00cele-de-France g\u00e9r\u00e9e par la SNCF. <\/p>\n<p>Alors que de nombreux Fran\u00e7ais esp\u00e9raient profiter des jours f\u00e9ri\u00e9s du mois de mai, la semaine commence avec une gr\u00e8ve dans les transports franciliens. \u00c0 l\u2019appel de la <strong>CGT-Cheminots<\/strong>, premier syndicat de la <a href=\"https:\/\/mesinfos.fr\/ile-de-france\/sncf-travaux-et-perturbations-entre-paris-et-orleans-jusqu-en-2026-221070.html\" rel=\"noopener\" target=\"_blank\">SNCF<\/a>, les agents sont appel\u00e9s \u00e0 cesser le travail d\u00e8s ce lundi 5 mai. Le m<strong>ouvement social<\/strong> s\u2019annonce \u00e9volutif : <strong>SUD-Rail<\/strong> a programm\u00e9 une mobilisation des agents de maintenance \u00e0 partir du 6 mai, des conducteurs le 7 mai, veille de jour f\u00e9ri\u00e9, et des contr\u00f4leurs du 9 au 11 mai. <\/p>\n<p> Des lignes Transilien et RER fortement impact\u00e9es <\/p>\n<p>Selon les pr\u00e9visions publi\u00e9es par Transilien SNCF Voyageurs, le trafic sera fortement perturb\u00e9 ce lundi :\u00a0<\/p>\n<ul>\n<li>\n<p><strong>RER B<\/strong> : 1 train sur 2 sur la partie nord de la ligne et 2 trains sur 3 sur la partie sud de la ligne. <\/p>\n<\/li>\n<li>\n<p><strong>RER C<\/strong> : \u00ab\u00a0trafic fortement perturb\u00e9\u00a0\u00bb, pr\u00e9voir 1 train sur 2. <\/p>\n<\/li>\n<li>\n<p><strong>RER E<\/strong> : \u00ab\u00a0trafic l\u00e9g\u00e8rement perturb\u00e9\u00a0\u00bb, pr\u00e9voir 4 trains sur 5. <\/p>\n<\/li>\n<li>\n<p><strong>Ligne H<\/strong> : trafic \u00ab\u00a0perturb\u00e9\u00a0\u00bb, except\u00e9 sur l&rsquo;axe Pontoise \/ Creil, pr\u00e9voir \u00ab\u00a0quelques trains\u00a0\u00bb supprim\u00e9s. <\/p>\n<\/li>\n<li>\n<p><strong>Ligne N<\/strong> : trafic \u00ab\u00a0fortement perturb\u00e9\u00a0\u00bb, pr\u00e9voir 1 train sur 2. <\/p>\n<\/li>\n<li>\n<p><strong>Ligne U<\/strong> : trafic \u00ab\u00a0fortement perturb\u00e9\u00a0\u00bb, pr\u00e9voir 1 train sur 2. <\/p>\n<\/li>\n<li>\n<p><strong>Ligne V<\/strong> : trafic \u00ab\u00a0fortement perturb\u00e9\u00a0\u00bb, pr\u00e9voir 1 train sur 2. <\/p>\n<\/li>\n<\/ul>\n<p> Le gouvernement hausse le ton face aux perturbations <\/p>\n<p>Les syndicats r\u00e9clament une meilleure r\u00e9partition des richesses produites par les cheminots. \u201cOn n\u2019a pas forc\u00e9ment envie d\u2019aller \u00e0 la gr\u00e8ve. Par contre, on a des revendications l\u00e9gitimes sur la table\u201d, a affirm\u00e9<strong> Fabien Villedieu<\/strong>, secr\u00e9taire f\u00e9d\u00e9ral de SUD-Rail. Il pointe notamment une stagnation des salaires face \u00e0 l\u2019<a href=\"https:\/\/mesinfos.fr\/ile-de-france\/inflation-stable-en-janvier-vers-une-maitrise-durable-des-prix-215650.html\" rel=\"noopener\" target=\"_blank\">inflation<\/a> et une reconnaissance insuffisante des efforts fournis par les agents. <\/p>\n<p>Interrog\u00e9 sur le sujet, le ministre des Transports, <strong>Philippe Tabarot<\/strong>, a exprim\u00e9 son exasp\u00e9ration : \u201cLes Fran\u00e7ais commencent \u00e0 en avoir ras le bol de ce qu\u2019il se passe \u00e0 la SNCF.\u201d Malgr\u00e9 cela, la direction de l\u2019entreprise se veut rassurante. \u201cNous sommes loin d\u2019une semaine noire. Il n\u2019y aura pas de semaine \u00e0 l\u2019arr\u00eat, mais une semaine aussi normale que possible\u201d, a d\u00e9clar\u00e9 <strong>Christophe Fanichet<\/strong>, PDG de <strong>SNCF Voyageurs<\/strong>.<\/p>\n","protected":false},"excerpt":{"rendered":"\u00a9 Shutterstock &#8211; Ce lundi 5 mai, un mouvement social va perturber les lignes de Transiliens et RER&hellip;\n","protected":false},"author":2,"featured_media":74802,"comment_status":"","ping_status":"","sticky":false,"template":"","format":"standard","meta":{"footnotes":""},"categories":[1592],"tags":[1111,11,1777,674,1011,27,11611,662,12,626,25,2215],"class_list":{"0":"post-75268","1":"post","2":"type-post","3":"status-publish","4":"format-standard","5":"has-post-thumbnail","7":"category-ile-de-france","8":"tag-actu","9":"tag-actualites","10":"tag-eu","11":"tag-europe","12":"tag-fr","13":"tag-france","14":"tag-gru00e8ves","15":"tag-ile-de-france","16":"tag-news","17":"tag-paris","18":"tag-republique-francaise","19":"tag-sncf"},"share_on_mastodon":{"url":"https:\/\/pubeurope.com\/@fr\/114452005117851111","error":""},"_links":{"self":[{"href":"https:\/\/www.europesays.com\/fr\/wp-json\/wp\/v2\/posts\/75268","targetHints":{"allow":["GET"]}}],"collection":[{"href":"https:\/\/www.europesays.com\/fr\/wp-json\/wp\/v2\/posts"}],"about":[{"href":"https:\/\/www.europesays.com\/fr\/wp-json\/wp\/v2\/types\/post"}],"author":[{"embeddable":true,"href":"https:\/\/www.europesays.com\/fr\/wp-json\/wp\/v2\/users\/2"}],"replies":[{"embeddable":true,"href":"https:\/\/www.europesays.com\/fr\/wp-json\/wp\/v2\/comments?post=75268"}],"version-history":[{"count":0,"href":"https:\/\/www.europesays.com\/fr\/wp-json\/wp\/v2\/posts\/75268\/revisions"}],"wp:featuredmedia":[{"embeddable":true,"href":"https:\/\/www.europesays.com\/fr\/wp-json\/wp\/v2\/media\/74802"}],"wp:attachment":[{"href":"https:\/\/www.europesays.com\/fr\/wp-json\/wp\/v2\/media?parent=75268"}],"wp:term":[{"taxonomy":"category","embeddable":true,"href":"https:\/\/www.europesays.com\/fr\/wp-json\/wp\/v2\/categories?post=75268"},{"taxonomy":"post_tag","embeddable":true,"href":"https:\/\/www.europesays.com\/fr\/wp-json\/wp\/v2\/tags?post=75268"}],"curies":[{"name":"wp","href":"https:\/\/api.w.org\/{rel}","templated":true}]}}