{"id":753011,"date":"2026-02-22T23:22:23","date_gmt":"2026-02-22T23:22:23","guid":{"rendered":"https:\/\/www.europesays.com\/fr\/753011\/"},"modified":"2026-02-22T23:22:23","modified_gmt":"2026-02-22T23:22:23","slug":"accident-de-randonnee-au-nord-de-lherault-apres-une-chute-un-homme-secouru-par-les-sapeurs-pompiers-specialises-en-milieux-perilleux","status":"publish","type":"post","link":"https:\/\/www.europesays.com\/fr\/753011\/","title":{"rendered":"Accident de randonn\u00e9e au nord de l\u2019H\u00e9rault\u00a0: apr\u00e8s une chute, un homme secouru par les sapeurs-pompiers sp\u00e9cialis\u00e9s en milieux p\u00e9rilleux"},"content":{"rendered":"<p>\n                                                                    Publi\u00e9 le 22\/02\/2026 \u00e0 17:35<br \/>\n                                                                            , mis \u00e0 jour<\/p>\n<p>                                                                                                    \u00e0 18:41<\/p>\n<p>\n            FABIEN ARNAUD avec correspondant\n    <\/p>\n<p class=\"article-full__chapo \">\n                                                                Un randonneur a \u00e9t\u00e9 victime d\u2019une chute, ce dimanche 22\u00a0f\u00e9vrier dans l\u2019apr\u00e8s-midi, \u00e0 Claret, au nord de l\u2019H\u00e9rault. En urgence relative, il a \u00e9t\u00e9 secouru par les sapeurs-pompiers.\n                            <\/p>\n<p>Accident de randonn\u00e9e, ce dimanche 22\u00a0f\u00e9vrier dans l\u2019apr\u00e8s-midi, \u00e0 Claret, \u00e0 l\u2019extr\u00e9mit\u00e9 nord de l\u2019H\u00e9rault. Un homme de 53 ans a fait une chute et s\u2019est bris\u00e9 la cheville.<\/p>\n<p>Un site difficile d\u2019acc\u00e8s<\/p>\n<p>Class\u00e9 en urgence relative, il a \u00e9t\u00e9 secouru par les sapeurs-pompiers du centre de secours local et leurs coll\u00e8gues sp\u00e9cialis\u00e9s dans les interventions en milieux p\u00e9rilleux, compte tenu de la configuration du site, \u00e0 l\u2019acc\u00e8s difficile.<\/p>\n","protected":false},"excerpt":{"rendered":"Publi\u00e9 le 22\/02\/2026 \u00e0 17:35 , mis \u00e0 jour \u00e0 18:41 FABIEN ARNAUD avec correspondant Un randonneur a&hellip;\n","protected":false},"author":2,"featured_media":753012,"comment_status":"","ping_status":"","sticky":false,"template":"","format":"standard","meta":{"footnotes":"","_share_on_mastodon":"0"},"categories":[9599],"tags":[1111,11,82056,1777,674,118,1011,27,7089,2208,12,2680,25],"class_list":["post-753011","post","type-post","status-publish","format-standard","has-post-thumbnail","category-montpellier","tag-actu","tag-actualites","tag-claret","tag-eu","tag-europe","tag-faits-divers","tag-fr","tag-france","tag-herault","tag-montpellier","tag-news","tag-occitanie","tag-republique-francaise"],"share_on_mastodon":{"url":"https:\/\/pubeurope.com\/@fr\/116116858144637852","error":""},"_links":{"self":[{"href":"https:\/\/www.europesays.com\/fr\/wp-json\/wp\/v2\/posts\/753011","targetHints":{"allow":["GET"]}}],"collection":[{"href":"https:\/\/www.europesays.com\/fr\/wp-json\/wp\/v2\/posts"}],"about":[{"href":"https:\/\/www.europesays.com\/fr\/wp-json\/wp\/v2\/types\/post"}],"author":[{"embeddable":true,"href":"https:\/\/www.europesays.com\/fr\/wp-json\/wp\/v2\/users\/2"}],"replies":[{"embeddable":true,"href":"https:\/\/www.europesays.com\/fr\/wp-json\/wp\/v2\/comments?post=753011"}],"version-history":[{"count":0,"href":"https:\/\/www.europesays.com\/fr\/wp-json\/wp\/v2\/posts\/753011\/revisions"}],"wp:featuredmedia":[{"embeddable":true,"href":"https:\/\/www.europesays.com\/fr\/wp-json\/wp\/v2\/media\/753012"}],"wp:attachment":[{"href":"https:\/\/www.europesays.com\/fr\/wp-json\/wp\/v2\/media?parent=753011"}],"wp:term":[{"taxonomy":"category","embeddable":true,"href":"https:\/\/www.europesays.com\/fr\/wp-json\/wp\/v2\/categories?post=753011"},{"taxonomy":"post_tag","embeddable":true,"href":"https:\/\/www.europesays.com\/fr\/wp-json\/wp\/v2\/tags?post=753011"}],"curies":[{"name":"wp","href":"https:\/\/api.w.org\/{rel}","templated":true}]}}