{"id":75324,"date":"2025-05-04T23:20:08","date_gmt":"2025-05-04T23:20:08","guid":{"rendered":"https:\/\/www.europesays.com\/fr\/75324\/"},"modified":"2025-05-04T23:20:08","modified_gmt":"2025-05-04T23:20:08","slug":"ninho-le-nouveau-johnny-hallyday-son-producteur-en-est-persuade","status":"publish","type":"post","link":"https:\/\/www.europesays.com\/fr\/75324\/","title":{"rendered":"Ninho, le nouveau Johnny Hallyday : son producteur en est persuad\u00e9"},"content":{"rendered":"<p>Il y a des mots qui p\u00e8sent lourd dans la musique fran\u00e7aise. Quand Pierre-Alexandre Vertadier, producteur de Ninho, affirme que son artiste est <strong>\u00ab\u00a0le Johnny Hallyday d\u2019aujourd\u2019hui\u00a0\u00bb<\/strong>, il ne lance pas une formule en l\u2019air.<\/p>\n<p>Il parle d\u2019<strong>une ic\u00f4ne moderne<\/strong>, capable de rassembler des foules avec une intensit\u00e9 rare. Le 1er f\u00e9vrier 2025, Ninho remplissait le Stade de France <strong>en sept heures<\/strong>. Ce doubl\u00e9 historique fait de lui un ph\u00e9nom\u00e8ne sans \u00e9quivalent dans le rap fran\u00e7ais.<\/p>\n<p>Ninho entre dans la l\u00e9gende avec deux Stades de France complets<\/p>\n<p>Tout a commenc\u00e9 un jeudi matin, avec la mise en vente des billets pour son premier show. En sept heures, <strong>les 80 000 places<\/strong> \u00e9taient \u00e9coul\u00e9es. Une semaine plus tard, pour la deuxi\u00e8me date, il ne fallait que <strong>deux heures<\/strong> pour faire salle comble une nouvelle fois.<br \/>Son producteur est encore sous le choc : \u00ab\u00a0Il a vendu plus vite que Beyonc\u00e9\u00a0\u00bb, dit-il, admiratif. \u00c0 titre de comparaison, Booba avait mis <strong>plus de six mois<\/strong> pour remplir la m\u00eame enceinte. Avec ce doubl\u00e9, Ninho <a href=\"https:\/\/www.public.fr\/jul-cest-un-record\" target=\"_blank\" rel=\"noopener\">passe un cap<\/a> que peu d\u2019artistes peuvent r\u00eaver d\u2019atteindre.<\/p>\n<p>Ce moment marque un tournant dans l\u2019histoire du rap fran\u00e7ais. Il ne s\u2019agit plus seulement de hits ou de streaming. C\u2019est une salle mythique, <strong>deux soirs<\/strong>, <strong>160 000 voix<\/strong>, et un artiste au sommet.<\/p>\n<p>L\u2019\u00e9motion de Ninho, un artiste discret au c\u0153ur sinc\u00e8re<\/p>\n<p>Ninho ne court pas apr\u00e8s les cam\u00e9ras. Sur les r\u00e9seaux, <strong>il reste en retrait<\/strong>, \u00e0 mille lieues des strat\u00e9gies marketing des stars. Et pourtant, une seule publication lui suffit \u00e0 cr\u00e9er <strong>une vague de r\u00e9actions<\/strong> de la part de ses fans.<\/p>\n<p>\u00ab\u00a0Je crois qu\u2019i<strong>l \u00e9tait surpris<\/strong>. Je l\u2019ai senti <strong>tr\u00e8s \u00e9mu<\/strong>, vraiment touch\u00e9\u00a0\u00bb, confie son producteur. En 2017, il chantait devant 500 personnes dans une petite salle parisienne. Aujourd\u2019hui, il remplit deux fois le Stade de France.<\/p>\n<p>Ce lien sinc\u00e8re avec son public est <strong>sa plus grande force<\/strong>. Il n\u2019a pas besoin de discours, juste d\u2019un micro et de quelques mots pour cr\u00e9er une communion. Ses concerts deviennent <strong>des moments suspendus<\/strong>, o\u00f9 chacun se sent concern\u00e9.<\/p>\n<p>Pour son producteur, Ninho est bien le Johnny Hallyday d\u2019aujourd\u2019hui<\/p>\n<p>Dans l\u2019histoire de la sc\u00e8ne fran\u00e7aise, <strong>peu d\u2019artistes <a href=\"https:\/\/www.public.fr\/mylene-farmer-se-retrouve-au-milieu-de-jul-ninho-et-pnl\" target=\"_blank\" rel=\"noopener\">ont marqu\u00e9 les esprits<\/a><\/strong> avec autant d\u2019impact. Johnny, Myl\u00e8ne Farmer, Soprano\u2026 et d\u00e9sormais Ninho. Pour Pierre-Alexandre Vertadier, le parall\u00e8le est \u00e9vident : \u00ab\u00a0Remplir deux fois le Stade de France, <strong>c\u2019est symbolique<\/strong>. Ninho est le Johnny Hallyday d\u2019aujourd\u2019hui\u00a0\u00bb.<\/p>\n<p><strong>Une troisi\u00e8me date<\/strong> aurait pu \u00eatre envisag\u00e9e, mais DJ Snake occupera la sc\u00e8ne <strong>la semaine suivante<\/strong>. L\u2019envie \u00e9tait l\u00e0, le public aussi. Mais parfois, l\u2019histoire s\u2019\u00e9crit aussi avec des limites\u2026 et un peu de frustration.<\/p>\n<p>Quoi qu\u2019il en soit, ce double concert restera comme <strong>une date cl\u00e9<\/strong> pour toute une g\u00e9n\u00e9ration. Ninho n\u2019est plus seulement un rappeur \u00e0 succ\u00e8s. Il est devenu <strong>une figure centrale<\/strong> de la culture fran\u00e7aise.<\/p>\n<p>      Mentionn\u00e9s dans cet article<\/p>\n<p>\u00c0 lire aussi<\/p>\n","protected":false},"excerpt":{"rendered":"Il y a des mots qui p\u00e8sent lourd dans la musique fran\u00e7aise. Quand Pierre-Alexandre Vertadier, producteur de Ninho,&hellip;\n","protected":false},"author":2,"featured_media":75325,"comment_status":"","ping_status":"","sticky":false,"template":"","format":"standard","meta":{"footnotes":""},"categories":[8],"tags":[58,59,1011,27,1304,10598,3241,14478],"class_list":{"0":"post-75324","1":"post","2":"type-post","3":"status-publish","4":"format-standard","5":"has-post-thumbnail","7":"category-divertissement","8":"tag-divertissement","9":"tag-entertainment","10":"tag-fr","11":"tag-france","12":"tag-johnny-hallyday","13":"tag-musique-francaise","14":"tag-record","15":"tag-stade-de-france"},"share_on_mastodon":{"url":"https:\/\/pubeurope.com\/@fr\/114452130976486363","error":""},"_links":{"self":[{"href":"https:\/\/www.europesays.com\/fr\/wp-json\/wp\/v2\/posts\/75324","targetHints":{"allow":["GET"]}}],"collection":[{"href":"https:\/\/www.europesays.com\/fr\/wp-json\/wp\/v2\/posts"}],"about":[{"href":"https:\/\/www.europesays.com\/fr\/wp-json\/wp\/v2\/types\/post"}],"author":[{"embeddable":true,"href":"https:\/\/www.europesays.com\/fr\/wp-json\/wp\/v2\/users\/2"}],"replies":[{"embeddable":true,"href":"https:\/\/www.europesays.com\/fr\/wp-json\/wp\/v2\/comments?post=75324"}],"version-history":[{"count":0,"href":"https:\/\/www.europesays.com\/fr\/wp-json\/wp\/v2\/posts\/75324\/revisions"}],"wp:featuredmedia":[{"embeddable":true,"href":"https:\/\/www.europesays.com\/fr\/wp-json\/wp\/v2\/media\/75325"}],"wp:attachment":[{"href":"https:\/\/www.europesays.com\/fr\/wp-json\/wp\/v2\/media?parent=75324"}],"wp:term":[{"taxonomy":"category","embeddable":true,"href":"https:\/\/www.europesays.com\/fr\/wp-json\/wp\/v2\/categories?post=75324"},{"taxonomy":"post_tag","embeddable":true,"href":"https:\/\/www.europesays.com\/fr\/wp-json\/wp\/v2\/tags?post=75324"}],"curies":[{"name":"wp","href":"https:\/\/api.w.org\/{rel}","templated":true}]}}