{"id":75332,"date":"2025-05-04T23:24:11","date_gmt":"2025-05-04T23:24:11","guid":{"rendered":"https:\/\/www.europesays.com\/fr\/75332\/"},"modified":"2025-05-04T23:24:11","modified_gmt":"2025-05-04T23:24:11","slug":"autoroutes-privatisees-la-fin-dune-aire-liberation","status":"publish","type":"post","link":"https:\/\/www.europesays.com\/fr\/75332\/","title":{"rendered":"Autoroutes privatis\u00e9es : la fin d\u2019une aire ? &#8211; Lib\u00e9ration"},"content":{"rendered":"<ol>\n<li><a href=\"https:\/\/news.google.com\/rss\/articles\/CBMisAFBVV95cUxNM2ZIOWtBeEQ3bnVrbU14UExfRTh2V21uY3hoTEdiZVpfVUdpZ3RyUFpzaXlVTk5ZZHVkb2toTUpBeWtDR3NMRUY5QzBQOE1WNkVHYUtYSWEzb1MxNzlSYjRPbGU5aVB1VkFfZjlJcGhCM2YyTl83QWFTNEdLWDFxaVBkQ1N2NDFlaVhrNWFOQlNMUFFmYi1mWkx3QWFqNDkyeVhia0I2WGtUVDJVSkRJYQ?oc=5\" target=\"_blank\" rel=\"nofollow noopener\">Autoroutes privatis\u00e9es : la fin d\u2019une aire ?<\/a>&nbsp;&nbsp;Lib\u00e9ration<\/li>\n<li><a href=\"https:\/\/news.google.com\/rss\/articles\/CBMiggJBVV95cUxOeXd4VXdVYXUzTE00b25NdFV3R2NqdHNackF3NnFNdGx3bFJpbEJUN3BXUXJCVUJQWnpPUTRjY1FVMVpBMFJUelBGQ0kzRjByNmJuNkl0ektHX2JyVm0zdWN6U3pTeXBEMGQ4TWhMaWFCN010dndDcHppOGFJQzZPUFdiTzMteENEYWF3UXpBT1NwZlNkdmdodU9DZUUtTHRaWFU0dFNZb3FZMGZiOXZ6TWRyM1JmWTNpd2JpYWRFbnNXbFhvVVplZG9mUC0ydHhzZHJSQjBtWHJpMUwtelNid1hoSk5FZUxRX3cyNWtVeFNVcWVtZWt6SHZjTjJKSmF0S3c?oc=5\" target=\"_blank\" rel=\"nofollow noopener\">Une \u00ab\u00a0conf\u00e9rence de financement des mobilit\u00e9s\u00a0\u00bb : quel est ce projet que Fran\u00e7ois Bayrou va lancer \u00e0 Marseille lundi ?<\/a>&nbsp;&nbsp;La Provence<\/li>\n<li><a href=\"https:\/\/news.google.com\/rss\/articles\/CBMikAJBVV95cUxNRlJJQkFlYUMxekNQSEdhQ0RXb0xCT0lCUW5PWU5ZeTFBbVhKX2NkNHg1OG1iWW1BY2VkZ3pDYUlaWllXMWVBWkJ3UFN5OU4weWV3V2I2NlJURXNibzIwenFCNVJOV3drZi12dXh3QnEzRVp5b1EzTGlGc2JWR3gtWFB6SnlDYVdDZ1ZqUkRKc1N0a3h1SUtnZ0hZVEJHYW5ZMEJSODNJb2tzeHhoVUZMZGRJa05pdUQ0dUp0NnBSV0QtMWU1dTlPaHVaMDNRLUFrclpZanlmdDJKWlZtNlZMem9Yb1dYczZpUXYwazVnLWNDNEplcGxDVTVVN1NXSlQtbXdjSURERms2YU1QREhCbQ?oc=5\" target=\"_blank\" rel=\"nofollow noopener\">Organis\u00e9e lundi par Fran\u00e7ois Bayrou, la conf\u00e9rence pour financer les transports interroge<\/a>&nbsp;&nbsp;Ouest-France<\/li>\n<li><a href=\"https:\/\/news.google.com\/rss\/articles\/CBMiywFBVV95cUxNenFzblFLUEtLdUhkRWs2ZW9xRGVwcXJNZDdTQ1lCTGVNcTVDbHhUdm9MYVlUaGRuWmtBUjJtMFNMZlRWRTQwNXY4YW80NWw4bDdSZXE3ekt2Y1ZRMUszZlYtMmlySS1BV19LWkJ5amgxRmk5THBPTm45ZnFzWEpiS0JXNW43MXRvWTF4YWFrOHdyYktEY3dsYmhuMkdNNTU0eXh1VE9DWGg0WXpWdGtLU1NqRWJOOUZhcXU3YWY0aTB4WUFFaUxYMTIzTQ?oc=5\" target=\"_blank\" rel=\"nofollow noopener\">Profits des autoroutes, cr\u00e9dits carbone\u2026 Le train cherche d\u00e9sesp\u00e9r\u00e9ment des financements<\/a>&nbsp;&nbsp;Le Figaro<\/li>\n<li><a href=\"https:\/\/news.google.com\/rss\/articles\/CBMijAJBVV95cUxNU2FWNjgwRnlHX2pNaXYyTWowei04MTF1MVN3MHJFa1JKQUxMYks1NTBpYjhYdHQyekpHb3hTc2hfdkdGdlpjRGFGZ0RVMVpneWpiUWhPYjN4VGN4YTVwRU1vOXE1ZVVxakNFcEc1Vk9BRmw1enJ1WVByelRTb0Y4eV9YVC1zRmlnYk9Ea0ItVEVnNERUcDh3Ul84U3V4alVGZGtKWmRSdzV0VUE5SDlJRi1HakEzV3ZGZVhuQzNHSUlUZTJfWHpQUC1oNktNZkZMcmhBZUNCMUV2M3dQb3B2NWFrOHhsZEUxSEJ4b0R2R2M0VndhRkdLOHB6TkczSUN1bzFSYS1RWERfSDYw?oc=5\" target=\"_blank\" rel=\"nofollow noopener\">\u00ab Les b\u00e9n\u00e9fices des autoroutes doivent financer les mobilit\u00e9s d\u00e9carbon\u00e9es comme le train \u00bb, assure Antonin Mazel, expert ferroviaire<\/a>&nbsp;&nbsp;L&rsquo;Humanit\u00e9<\/li>\n<\/ol>\n","protected":false},"excerpt":{"rendered":"Autoroutes privatis\u00e9es : la fin d\u2019une aire ?&nbsp;&nbsp;Lib\u00e9ration Une \u00ab\u00a0conf\u00e9rence de financement des mobilit\u00e9s\u00a0\u00bb : quel est ce&hellip;\n","protected":false},"author":2,"featured_media":75333,"comment_status":"","ping_status":"","sticky":false,"template":"","format":"standard","meta":{"footnotes":""},"categories":[4],"tags":[11,1011,27,431,12,25],"class_list":{"0":"post-75332","1":"post","2":"type-post","3":"status-publish","4":"format-standard","5":"has-post-thumbnail","7":"category-france","8":"tag-actualites","9":"tag-fr","10":"tag-france","11":"tag-francois-bayrou","12":"tag-news","13":"tag-republique-francaise"},"share_on_mastodon":{"url":"https:\/\/pubeurope.com\/@fr\/114452146620233891","error":""},"_links":{"self":[{"href":"https:\/\/www.europesays.com\/fr\/wp-json\/wp\/v2\/posts\/75332","targetHints":{"allow":["GET"]}}],"collection":[{"href":"https:\/\/www.europesays.com\/fr\/wp-json\/wp\/v2\/posts"}],"about":[{"href":"https:\/\/www.europesays.com\/fr\/wp-json\/wp\/v2\/types\/post"}],"author":[{"embeddable":true,"href":"https:\/\/www.europesays.com\/fr\/wp-json\/wp\/v2\/users\/2"}],"replies":[{"embeddable":true,"href":"https:\/\/www.europesays.com\/fr\/wp-json\/wp\/v2\/comments?post=75332"}],"version-history":[{"count":0,"href":"https:\/\/www.europesays.com\/fr\/wp-json\/wp\/v2\/posts\/75332\/revisions"}],"wp:featuredmedia":[{"embeddable":true,"href":"https:\/\/www.europesays.com\/fr\/wp-json\/wp\/v2\/media\/75333"}],"wp:attachment":[{"href":"https:\/\/www.europesays.com\/fr\/wp-json\/wp\/v2\/media?parent=75332"}],"wp:term":[{"taxonomy":"category","embeddable":true,"href":"https:\/\/www.europesays.com\/fr\/wp-json\/wp\/v2\/categories?post=75332"},{"taxonomy":"post_tag","embeddable":true,"href":"https:\/\/www.europesays.com\/fr\/wp-json\/wp\/v2\/tags?post=75332"}],"curies":[{"name":"wp","href":"https:\/\/api.w.org\/{rel}","templated":true}]}}