{"id":75345,"date":"2025-05-04T23:33:10","date_gmt":"2025-05-04T23:33:10","guid":{"rendered":"https:\/\/www.europesays.com\/fr\/75345\/"},"modified":"2025-05-04T23:33:10","modified_gmt":"2025-05-04T23:33:10","slug":"on-a-mis-de-lenvie-par-intermittence-face-a-montpellier-le-stade-brestois-sest-contente-du-strict-minimum-2","status":"publish","type":"post","link":"https:\/\/www.europesays.com\/fr\/75345\/","title":{"rendered":"\u00ab\u00a0On a mis de l\u2019envie par intermittence\u00a0\u00bb\u00a0: face \u00e0 Montpellier, le Stade Brestois s\u2019est content\u00e9 du strict minimum"},"content":{"rendered":"<p>      Dans une ambiance bien terne, jamais les Brestois n\u2019ont v\u00e9ritablement emball\u00e9 un match \u00e0 leur port\u00e9e. Malgr\u00e9 tout, les Brestois ont assur\u00e9 le top\u00a010 face aux bons derniers du championnat.<\/p>\n<p>                    Ligue 1 (32e journ\u00e9e). Stade Brestois &#8211; Montpellier HSC : 1-0<\/p>\n<p>Il y a les statistiques : une bonne vingtaine de tirs au total, une possession largement brestoise et une victoire \u00e0 la cl\u00e9, le tout sous un soleil radieux. Et il y a le ressenti : le duel entre Brest et Montpellier s\u2019inscrit comme l\u2019un des matchs les moins emballants du week-end, et plus largement de la saison brestoise. \u00ab Si vous vous \u00eates ennuy\u00e9s, d\u00e9sol\u00e9, mais pas moi, s\u2019est pourtant d\u00e9fendu \u00c9ric Roy en conf\u00e9rence de presse. Quand on gagne, moi, je suis toujours satisfait. Apr\u00e8s, je pense qu\u2019on aurait pu faire mieux, faire plus. \u00bb<\/p>\n<p>Si le Stade Brestois a bien renou\u00e9 avec la victoire apr\u00e8s n\u2019avoir glan\u00e9 qu\u2019un point sur neuf possibles, l\u2019appel \u00e0 la remobilisation, lanc\u00e9 en fin de semaine par Gr\u00e9gory Lorenzi, ne s\u2019est pas toujours laiss\u00e9 entrevoir sur le pr\u00e9 de Le Bl\u00e9. \u00ab Que personne ne se sente en vacances \u00bb, <a href=\"https:\/\/www.letelegramme.fr\/sports\/football\/stade-brestois\/que-personne-ne-se-sente-en-vacances-le-recadrage-de-gregory-lorenzi-directeur-sportif-du-stade-brestois-6810045.php\" target=\"_blank\" rel=\"nofollow noopener\">avait tanc\u00e9 le directeur sportif<\/a> en r\u00e9ponse \u00e0 certaines attitudes un peu trop en dilettante.<\/p>\n<p>Une pauvret\u00e9 technique rare<\/p>\n<p>Face \u00e0 la pire \u00e9quipe du championnat (12 d\u00e9faites en 13 matchs), les Rouge et Blanc n\u2019ont jamais emball\u00e9 le rythme, sans doute peu aid\u00e9s l\u2019absence du poumon du stade : la tribune Kemper, suspendue. Les chants habituels ont ainsi laiss\u00e9 place \u00e0 un brouhaha aussi confus que l\u2019animation brestoise, les hommes d\u2019\u00c9ric Roy faisant, par s\u00e9quences, jeu \u00e9gal avec le MHSC dans la m\u00e9diocrit\u00e9 technique g\u00e9n\u00e9rale. Seul le but de Romain Del Castillo d\u00e9coulait d\u2019un bel encha\u00eenement, avec une d\u00e9viation de Mahdi Camara sur un corner de Mathias Pereira Lage (15\u2019).<\/p>\n<p>\u00ab Apr\u00e8s l\u2019ouverture du score, on n\u2019a pas \u00e9t\u00e9 tr\u00e8s juste techniquement, on a perdu des ballons, on n\u2019\u00e9tait pas assez coordonn\u00e9s dans le pressing \u00bb, reconna\u00eet tout de m\u00eame l\u2019entra\u00eeneur brestois, loin d\u2019\u00eatre pleinement satisfait dans tous les domaines, sinon par le neuvi\u00e8me clean-sheet des siens cette saison.<\/p>\n<p>\u00ab Il ne faut pas minimiser les victoires \u00bb, soutient Camara<\/p>\n<p>\u00ab On a mis de l\u2019envie par intermittence, on ne va pas se le cacher, admet, quant \u00e0 lui, Mathias Pereira Lage, Brestois le plus remuant. Ce sont des matchs un peu compliqu\u00e9s, parce qu\u2019il n\u2019y a pas trop d\u2019intensit\u00e9 dans ce genre de match. \u00bb En marchant, Pierre Lees-Melou a n\u00e9anmoins touch\u00e9 115 ballons, soit plus du double de son voisin du dessus Kamory Doumbia (56), de retour dans le onze. Devant, Ludovic Ajorque est apparu comme l\u2019ombre de lui-m\u00eame, multipliant les fautes techniques. Dans les couloirs, ni Ha\u00efdara ni Lala n\u2019ont relev\u00e9 le niveau d\u2019adresse, sans pour autant se montrer chahut\u00e9s par des Montpelli\u00e9rains d\u00e9j\u00e0 sous terre depuis de longs mois.<\/p>\n<p>Malgr\u00e9 tout, \u00ab il ne faut pas minimiser les victoires \u00bb, rappelle Camara, plut\u00f4t au rendez-vous pour sa part. Celle-ci permet aux Finist\u00e9riens d\u2019ent\u00e9riner le top 10, de tenir le rythme lensois dans une course symbolique pour la 8e place, et de prouver qu\u2019ils ne sont pas encore totalement en vacances. L\u2019affiche du jour installe pourtant une pens\u00e9e pr\u00e9dominante : il est temps que cette saison si haute en couleurs se termine.<\/p>\n<p>Cr\u00e9dit photo : Photo Nicolas Cr\u00e9ach<\/p>\n","protected":false},"excerpt":{"rendered":"Dans une ambiance bien terne, jamais les Brestois n\u2019ont v\u00e9ritablement emball\u00e9 un match \u00e0 leur port\u00e9e. Malgr\u00e9 tout,&hellip;\n","protected":false},"author":2,"featured_media":75346,"comment_status":"","ping_status":"","sticky":false,"template":"","format":"standard","meta":{"footnotes":""},"categories":[9599],"tags":[1111,11,1777,674,63,1011,27,2208,12,2680,25,60,4449],"class_list":{"0":"post-75345","1":"post","2":"type-post","3":"status-publish","4":"format-standard","5":"has-post-thumbnail","7":"category-montpellier","8":"tag-actu","9":"tag-actualites","10":"tag-eu","11":"tag-europe","12":"tag-football","13":"tag-fr","14":"tag-france","15":"tag-montpellier","16":"tag-news","17":"tag-occitanie","18":"tag-republique-francaise","19":"tag-sports","20":"tag-stade-brestois"},"share_on_mastodon":{"url":"https:\/\/pubeurope.com\/@fr\/114452181982222719","error":""},"_links":{"self":[{"href":"https:\/\/www.europesays.com\/fr\/wp-json\/wp\/v2\/posts\/75345","targetHints":{"allow":["GET"]}}],"collection":[{"href":"https:\/\/www.europesays.com\/fr\/wp-json\/wp\/v2\/posts"}],"about":[{"href":"https:\/\/www.europesays.com\/fr\/wp-json\/wp\/v2\/types\/post"}],"author":[{"embeddable":true,"href":"https:\/\/www.europesays.com\/fr\/wp-json\/wp\/v2\/users\/2"}],"replies":[{"embeddable":true,"href":"https:\/\/www.europesays.com\/fr\/wp-json\/wp\/v2\/comments?post=75345"}],"version-history":[{"count":0,"href":"https:\/\/www.europesays.com\/fr\/wp-json\/wp\/v2\/posts\/75345\/revisions"}],"wp:featuredmedia":[{"embeddable":true,"href":"https:\/\/www.europesays.com\/fr\/wp-json\/wp\/v2\/media\/75346"}],"wp:attachment":[{"href":"https:\/\/www.europesays.com\/fr\/wp-json\/wp\/v2\/media?parent=75345"}],"wp:term":[{"taxonomy":"category","embeddable":true,"href":"https:\/\/www.europesays.com\/fr\/wp-json\/wp\/v2\/categories?post=75345"},{"taxonomy":"post_tag","embeddable":true,"href":"https:\/\/www.europesays.com\/fr\/wp-json\/wp\/v2\/tags?post=75345"}],"curies":[{"name":"wp","href":"https:\/\/api.w.org\/{rel}","templated":true}]}}