{"id":75373,"date":"2025-05-04T23:54:13","date_gmt":"2025-05-04T23:54:13","guid":{"rendered":"https:\/\/www.europesays.com\/fr\/75373\/"},"modified":"2025-05-04T23:54:13","modified_gmt":"2025-05-04T23:54:13","slug":"le-tandem-gouiri-rabiot-frappe-encore-lenorme-bourde-de-rulli-les-tops-et-les-flops","status":"publish","type":"post","link":"https:\/\/www.europesays.com\/fr\/75373\/","title":{"rendered":"le tandem Gouiri-Rabiot frappe encore, l\u2019\u00e9norme bourde de Rulli&#8230; Les tops et les flops"},"content":{"rendered":"<p>En cl\u00f4ture de la 32e journ\u00e9e de Ligue 1, l\u2019OM a \u00e9t\u00e9 accroch\u00e9 sur la pelouse de Lille (1-1). Retrouvez les tops et les flops de ce choc de haut de tableau.<\/p>\n<p class=\"fig-paragraph\"><strong>TOPS<\/strong><\/p>\n<p>L\u2019axe Rabiot-Gouiri<\/p>\n<p class=\"fig-paragraph\">Comme un air de d\u00e9j\u00e0-vu. D\u00e9j\u00e0 \u00e0 son avantage le week-end dernier face \u00e0 Brest (4-1), le duo Adrien Rabiot-Amine Gouiri a encore frapp\u00e9. Les deux hommes, peu en vue en premi\u00e8re p\u00e9riode, ont vite hauss\u00e9 leur niveau apr\u00e8s la pause, emmenant l\u2019ensemble du collectif olympien dans leur sillage. Mena\u00e7ant une premi\u00e8re fois (51e), le tandem franco-alg\u00e9rien a permis \u00e0 l\u2019OM de concr\u00e9tiser sa domination peu avant l\u2019heure de jeu. Rabiot, dont les projections ont fait tr\u00e8s mal aux Dogues, a offert une belle passe d\u00e9cisive \u00e0 Gouiri, sans piti\u00e9 face \u00e0 Chevalier.<\/p>\n<p class=\"fig-body-link\">\n            \u00c0 lire aussi<br \/>\n        <a class=\"fig-body-link__link\" href=\"http:\/\/www.lefigaro.fr\/sports\/football\/ligue-1\/ligue-1-plombe-par-rulli-l-om-perd-deux-points-a-lille-mais-reste-2e-20250504\" target=\"_blank\" data-fig-type=\"NewsFlash\" rel=\"noopener\" data-gtm-custom-categorie=\"navigation\" data-gtm-custom-action=\"crossclick\" data-gtm-custom-label=\"Contextuel\" data-gtm-event=\"customEventSPE\" data-fig-domain=\"LEFIGARO\">Ligue 1\u00a0: plomb\u00e9 par Rulli, l\u2019OM perd deux points \u00e0 Lille mais reste 2e<br \/>\n    <\/a>\n<\/p>\n<p>Chevalier a maintenu Lille en vie<\/p>\n<p class=\"fig-paragraph\">Irr\u00e9prochable. Certes battu de pr\u00e8s par Gouiri sur l\u2019ouverture du score marseillaise, Lucas Chevalier a su retarder l\u2019\u00e9ch\u00e9ance \u00e0 plusieurs reprises. Notamment face \u00e0 Murillo, sur l\u2019unique occasion d\u2019une premi\u00e8re p\u00e9riode tr\u00e8s ferm\u00e9e. \u00c9galement d\u00e9cisif face \u00e0 Rabiot au retour des vestiaires. Encore un gros match pour le joueur de 23 ans, candidat s\u00e9rieux au Troph\u00e9es UNFP de meilleur gardien de Ligue 1 cette saison.<\/p>\n<p><strong>FLOPS<\/strong><\/p>\n<p>Rulli plombe l\u2019OM<\/p>\n<p class=\"fig-paragraph\">L\u2019OM peut nourrir de gros regrets \u00e0 l\u2019issue de ce choc. Logiquement en t\u00eate apr\u00e8s l\u2019ouverture du score de Gouiri, les Phoc\u00e9ens ont laiss\u00e9 \u00e9chapper une victoire qui leur tendait les bras. La faute \u00e0 une \u00e9norme bourde de Geronimo Rulli, juste avant l\u2019entame du dernier quart d\u2019heure de jeu. Jamais mis \u00e0 contribution jusque-l\u00e0, le portier marseillais s\u2019est laiss\u00e9 endormir et a compl\u00e8tement manqu\u00e9 son d\u00e9gagement, contr\u00e9 par David. Le ballon est revenu sur le jeune Fernandez-Pardo, buteur opportuniste. Une erreur terrible pour l\u2019international argentin, qui figure parmi les joueurs les plus r\u00e9guliers de l\u2019effectif olympien cette saison.<\/p>\n<p>Lille fr\u00f4le le n\u00e9ant offensif<\/p>\n<p class=\"fig-paragraph\">Les r\u00e9sultats sont toujours l\u00e0, mais le Losc n\u2019affiche plus autant de ma\u00eetrise dans le jeu dans cette fin de saison. Les Dogues, amput\u00e9s de Zhegrova depuis de longs mois, ont confirm\u00e9 leurs difficult\u00e9s du moment ce dimanche. Brouillons et inoffensifs pendant une tr\u00e8s grande partie du match, les hommes de Bruno Genesio ont attendu l\u2019\u00e9norme erreur de Rulli pour s\u2019offrir leur seule frappe cadr\u00e9e de la rencontre. Et obtenir une \u00e9galisation flatteuse au vu de la physionomie de la rencontre.<\/p>\n<p>Bennacer, le mauvais choix<\/p>\n<p class=\"fig-paragraph\">Une semaine apr\u00e8s la belle victoire marseillaise face \u00e0 Brest (4-1), Roberto De Zerbi a reconduit son syst\u00e8me \u00e0 quatre derri\u00e8re et n\u2019a effectu\u00e9 qu\u2019un seul changement, en redonnant sa chance \u00e0 Isma\u00ebl Bennacer au milieu de terrain. Un pari rat\u00e9. Durant un premier acte ferm\u00e9 \u00e0 double tour, le joueur pr\u00eat\u00e9 par le Milan AC n\u2019a pas su se mettre en \u00e9vidence. Bien au contraire. Pas assez influent, il a mis son \u00e9quipe en grosse difficult\u00e9 sur deux ballons perdus pr\u00e8s de sa surface. L\u2019entra\u00eeneur marseillais n\u2019a pas franchement appr\u00e9ci\u00e9 et a d\u00e9cid\u00e9 de remplacer l\u2019international alg\u00e9rien d\u00e8s la pause.<\/p>\n","protected":false},"excerpt":{"rendered":"En cl\u00f4ture de la 32e journ\u00e9e de Ligue 1, l\u2019OM a \u00e9t\u00e9 accroch\u00e9 sur la pelouse de Lille&hellip;\n","protected":false},"author":2,"featured_media":75374,"comment_status":"","ping_status":"","sticky":false,"template":"","format":"standard","meta":{"footnotes":""},"categories":[2814],"tags":[1111,11,525,1981,814,1777,674,2257,63,1011,27,3309,66,1307,2267,884,955,12,1176,978,882,93,25,1980],"class_list":{"0":"post-75373","1":"post","2":"type-post","3":"status-publish","4":"format-standard","5":"has-post-thumbnail","7":"category-marseille","8":"tag-actu","9":"tag-actualites","10":"tag-calendrier","11":"tag-classement","12":"tag-direct","13":"tag-eu","14":"tag-europe","15":"tag-foot","16":"tag-football","17":"tag-fr","18":"tag-france","19":"tag-l1","20":"tag-ligue-1","21":"tag-lille","22":"tag-losc","23":"tag-marseille","24":"tag-match","25":"tag-news","26":"tag-olympique-de-marseille","27":"tag-olympique-lyonnais","28":"tag-provence-alpes-cote-dazur","29":"tag-psg","30":"tag-republique-francaise","31":"tag-resultats"},"share_on_mastodon":{"url":"https:\/\/pubeurope.com\/@fr\/114452264620896398","error":""},"_links":{"self":[{"href":"https:\/\/www.europesays.com\/fr\/wp-json\/wp\/v2\/posts\/75373","targetHints":{"allow":["GET"]}}],"collection":[{"href":"https:\/\/www.europesays.com\/fr\/wp-json\/wp\/v2\/posts"}],"about":[{"href":"https:\/\/www.europesays.com\/fr\/wp-json\/wp\/v2\/types\/post"}],"author":[{"embeddable":true,"href":"https:\/\/www.europesays.com\/fr\/wp-json\/wp\/v2\/users\/2"}],"replies":[{"embeddable":true,"href":"https:\/\/www.europesays.com\/fr\/wp-json\/wp\/v2\/comments?post=75373"}],"version-history":[{"count":0,"href":"https:\/\/www.europesays.com\/fr\/wp-json\/wp\/v2\/posts\/75373\/revisions"}],"wp:featuredmedia":[{"embeddable":true,"href":"https:\/\/www.europesays.com\/fr\/wp-json\/wp\/v2\/media\/75374"}],"wp:attachment":[{"href":"https:\/\/www.europesays.com\/fr\/wp-json\/wp\/v2\/media?parent=75373"}],"wp:term":[{"taxonomy":"category","embeddable":true,"href":"https:\/\/www.europesays.com\/fr\/wp-json\/wp\/v2\/categories?post=75373"},{"taxonomy":"post_tag","embeddable":true,"href":"https:\/\/www.europesays.com\/fr\/wp-json\/wp\/v2\/tags?post=75373"}],"curies":[{"name":"wp","href":"https:\/\/api.w.org\/{rel}","templated":true}]}}