{"id":75389,"date":"2025-05-05T00:02:14","date_gmt":"2025-05-05T00:02:14","guid":{"rendered":"https:\/\/www.europesays.com\/fr\/75389\/"},"modified":"2025-05-05T00:02:14","modified_gmt":"2025-05-05T00:02:14","slug":"mercato-budget-staff-quelles-ambitions-pour-le-paris-fc-version-famille-arnault-en-ligue-1","status":"publish","type":"post","link":"https:\/\/www.europesays.com\/fr\/75389\/","title":{"rendered":"Mercato, budget, staff\u2026 Quelles ambitions pour le Paris FC version famille Arnault en Ligue\u00a01\u00a0?"},"content":{"rendered":"<p><strong>D\u00c9CRYPTAGE<\/strong> &#8211; Apr\u00e8s avoir valid\u00e9 sa mont\u00e9e dans l\u2019\u00e9lite vendredi, le club parisien fait face \u00e0 de nombreux chantiers pour les semaines \u00e0 venir.<\/p>\n<p class=\"fig-paragraph\">Week-end de r\u00eave pour le Paris FC. Entre\u00a0<a href=\"http:\/\/www.lefigaro.fr\/sports\/football\/ligue-1\/ligue-1-le-paris-fc-propriete-de-la-famille-arnault-rejoint-le-psg-dans-l-elite-du-football-francais-20250502\" data-fig-type=\"NewsFlash\" data-gtm-custom-categorie=\"navigation\" data-gtm-custom-action=\"crossclick\" data-gtm-custom-label=\"Contextuel\" data-gtm-event=\"customEventSPE\" data-fig-domain=\"LEFIGARO\" target=\"_blank\" rel=\"noopener\">la mont\u00e9e en Ligue 1 valid\u00e9e<\/a>\u00a0vendredi soir et\u00a0<a href=\"http:\/\/www.lefigaro.fr\/sports\/football\/coupe-de-france\/coupe-de-france-f-aux-tirs-au-but-le-paris-fc-remporte-la-coupe-contre-le-psg-20250503\" data-fig-type=\"NewsFlash\" data-gtm-custom-categorie=\"navigation\" data-gtm-custom-action=\"crossclick\" data-gtm-custom-label=\"Contextuel\" data-gtm-event=\"customEventSPE\" data-fig-domain=\"LEFIGARO\" target=\"_blank\" rel=\"noopener\">le gain de la Coupe de France f\u00e9minine<\/a>\u00a0samedi aux d\u00e9pens du PSG, Antoine Arnault, fils de Bernard, n\u2019a pas boud\u00e9 son plaisir. De Martigues \u00e0 Calais &#8211; lieux des rencontres du jour &#8211; en passant par la capitale, le repr\u00e9sentant de la famille Arnault, accompagn\u00e9 du pr\u00e9sident Pierre Ferracci, a v\u00e9cu des \u00e9motions immenses en moins de vingt-quatre heures. Samedi prochain contre l\u2019AC Ajaccio devant ses supporteurs \u00e0 Charl\u00e9ty, le PFC tentera m\u00eame de remporter le titre de champion de Ligue\u00a02, avant de penser aux retrouvailles avec l\u2019\u00e9lite, une premi\u00e8re depuis\u2026 1979.<\/p>\n<p class=\"fig-paragraph\">Un peu plus de six mois apr\u00e8s le rachat du club par Agache, holding de Bernard Arnault (1re fortune de France selon Forbes, avec 143,6\u00a0milliards de dollars), accompagn\u00e9 de Red Bull (10,6\u00a0%) et le maintien du pr\u00e9sident Ferracci jusqu\u2019en 2027, les nouveaux patrons ont d\u00e9j\u00e0 frapp\u00e9 un grand coup avec cette accession en Ligue\u00a01. Entre le d\u00e9m\u00e9nagement \u00e0 Jean-Bouin\u2026<\/p>\n<p class=\"fig-premium-paywall__infos\">\n        Cet article est r\u00e9serv\u00e9 aux abonn\u00e9s.        Il vous reste 80% \u00e0 d\u00e9couvrir.\n    <\/p>\n<p>                <img  data- alt=\"Le Figaro\" class=\"fig-img--complete fig-img\"\/><\/p>\n<p class=\"fig-premium-paywall__title\">Je m&rsquo;informe, je m&rsquo;inspire, je m&rsquo;abonne.<\/p>\n<p class=\"fig-premium-paywall__subtitle\">D\u00e9couvrez notre offre de bienvenue.<\/p>\n<p class=\"fig-premium-paywall__connect\">\n                D\u00e9j\u00e0 abonn\u00e9\u00a0?                <a class=\"fig-premium-paywall__connect-link\" href=\"https:\/\/connect.lefigaro.fr\/login?client=horizon_web&amp;type=main&amp;redirect_uri=https%3A%2F%2Fwww.lefigaro.fr%2Fsports%2Ffootball%2Fligue-1%2Fmercato-budget-staff-quelles-ambitions-pour-le-paris-fc-version-famille-arnault-en-ligue-1-20250504\" data-js-gtm=\"{&quot;customCategorie&quot;: &quot;conversion&quot;, &quot;customAction&quot;: &quot;before_Landing_Connexion_paywall_auto&quot;, &quot;customLabel&quot;: &quot;bGVmaWdhcm8uZnJfXzFmMDI4ZTQwLTBkNzktNjI4Mi1hMDZhLTBiZjFhOTgzOWQ1NF9fQXJ0aWNsZQ==_Mercato, budget, staff\u2026 Quelles ambitions pour le Paris FC version famille Arnault en Ligue\u00a01\u00a0?_351&quot;, &quot;customIDSPE&quot;: &quot;bGVmaWdhcm8uZnJfXzFmMDI4ZTQwLTBkNzktNjI4Mi1hMDZhLTBiZjFhOTgzOWQ1NF9fQXJ0aWNsZQ==&quot;, &quot;event&quot;: &quot;customEventSPE&quot;}\" target=\"_blank\" rel=\"noopener\"><br \/>\n                    Connectez-vous<br \/>\n                <\/a>\n            <\/p>\n","protected":false},"excerpt":{"rendered":"D\u00c9CRYPTAGE &#8211; Apr\u00e8s avoir valid\u00e9 sa mont\u00e9e dans l\u2019\u00e9lite vendredi, le club parisien fait face \u00e0 de nombreux&hellip;\n","protected":false},"author":2,"featured_media":75390,"comment_status":"","ping_status":"","sticky":false,"template":"","format":"standard","meta":{"footnotes":""},"categories":[1888],"tags":[11,18011,525,1981,814,1777,674,2257,63,1011,27,3309,66,1307,955,11486,12,1176,978,626,445,93,25,1980],"class_list":{"0":"post-75389","1":"post","2":"type-post","3":"status-publish","4":"format-standard","5":"has-post-thumbnail","7":"category-paris","8":"tag-actualites","9":"tag-antoine-arnault","10":"tag-calendrier","11":"tag-classement","12":"tag-direct","13":"tag-eu","14":"tag-europe","15":"tag-foot","16":"tag-football","17":"tag-fr","18":"tag-france","19":"tag-l1","20":"tag-ligue-1","21":"tag-lille","22":"tag-match","23":"tag-nasser-al-khelaifi","24":"tag-news","25":"tag-olympique-de-marseille","26":"tag-olympique-lyonnais","27":"tag-paris","28":"tag-paris-fc","29":"tag-psg","30":"tag-republique-francaise","31":"tag-resultats"},"share_on_mastodon":{"url":"https:\/\/pubeurope.com\/@fr\/114452296087785197","error":""},"_links":{"self":[{"href":"https:\/\/www.europesays.com\/fr\/wp-json\/wp\/v2\/posts\/75389","targetHints":{"allow":["GET"]}}],"collection":[{"href":"https:\/\/www.europesays.com\/fr\/wp-json\/wp\/v2\/posts"}],"about":[{"href":"https:\/\/www.europesays.com\/fr\/wp-json\/wp\/v2\/types\/post"}],"author":[{"embeddable":true,"href":"https:\/\/www.europesays.com\/fr\/wp-json\/wp\/v2\/users\/2"}],"replies":[{"embeddable":true,"href":"https:\/\/www.europesays.com\/fr\/wp-json\/wp\/v2\/comments?post=75389"}],"version-history":[{"count":0,"href":"https:\/\/www.europesays.com\/fr\/wp-json\/wp\/v2\/posts\/75389\/revisions"}],"wp:featuredmedia":[{"embeddable":true,"href":"https:\/\/www.europesays.com\/fr\/wp-json\/wp\/v2\/media\/75390"}],"wp:attachment":[{"href":"https:\/\/www.europesays.com\/fr\/wp-json\/wp\/v2\/media?parent=75389"}],"wp:term":[{"taxonomy":"category","embeddable":true,"href":"https:\/\/www.europesays.com\/fr\/wp-json\/wp\/v2\/categories?post=75389"},{"taxonomy":"post_tag","embeddable":true,"href":"https:\/\/www.europesays.com\/fr\/wp-json\/wp\/v2\/tags?post=75389"}],"curies":[{"name":"wp","href":"https:\/\/api.w.org\/{rel}","templated":true}]}}