{"id":75395,"date":"2025-05-05T00:05:11","date_gmt":"2025-05-05T00:05:11","guid":{"rendered":"https:\/\/www.europesays.com\/fr\/75395\/"},"modified":"2025-05-05T00:05:11","modified_gmt":"2025-05-05T00:05:11","slug":"les-houthis-du-yemen-rapportent-une-dizaine-de-frappes-imputees-aux-etats-unis","status":"publish","type":"post","link":"https:\/\/www.europesays.com\/fr\/75395\/","title":{"rendered":"Les Houthis du Y\u00e9men rapportent une dizaine de frappes imput\u00e9es aux \u00c9tats-Unis"},"content":{"rendered":"<p>Les Houthis, qui font partie de l\u2019\u00abaxe de r\u00e9sistance\u00bb de l\u2019Iran contre Isra\u00ebl et les \u00c9tats-Unis, disent agir en solidarit\u00e9 avec les Palestiniens de la bande de Gaza.<\/p>\n<p class=\"fig-paragraph\">Les Houthis au Y\u00e9men ont affirm\u00e9 lundi qu&rsquo;une dizaine de frappes attribu\u00e9es aux \u00c9tats-Unis avaient vis\u00e9 la capitale Sanaa et ses environs, au moment o\u00f9 Washington m\u00e8ne une campagne de bombardements quasiment quotidiens visant ces rebelles pro-iraniens. Selon l&rsquo;agence de presse des rebelles, Saba, \u00abdeux frappes de l&rsquo;ennemi am\u00e9ricain ont vis\u00e9 la rue Arbaeen\u00bb \u00e0 Sanaa et \u00abune frappe a cibl\u00e9 la route de l&rsquo;a\u00e9roport\u00bb. Saba avait d\u00e9j\u00e0 rapport\u00e9 deux frappes pr\u00e9c\u00e9dentes attribu\u00e9es \u00e0 \u00abl&rsquo;agression am\u00e9ricaine\u00bb et sept autres frappes aux environs de la capitale.<\/p>\n<p class=\"fig-paragraph\">T\u00f4t lundi, le correspondant de l&rsquo;AFP a entendu de violentes explosions dans la capitale, contr\u00f4l\u00e9e par les Houthis depuis 2014. Fin avril, des frappes imput\u00e9es aux Am\u00e9ricains sur Sanaa avaient fait au moins huit morts et des bless\u00e9s, selon les rebelles. Des frappes ont \u00e9galement \u00e9t\u00e9 men\u00e9es dans les r\u00e9gions de Marib (centre), de Saadah, bastion des Houthis, et de Jaouf, dans le nord du Y\u00e9men, d&rsquo;apr\u00e8s la m\u00eame source, les attribuant aux forces am\u00e9ricaines.<\/p>\n<p class=\"fig-paragraph\">Les Houthis, qui font partie de l&rsquo;\u00abaxe de r\u00e9sistance\u00bb de l&rsquo;Iran contre Isra\u00ebl et les \u00c9tats-Unis, disent agir en solidarit\u00e9 avec les Palestiniens de la bande de Gaza, d\u00e9vast\u00e9e par une campagne militaire lanc\u00e9e par Isra\u00ebl apr\u00e8s l&rsquo;attaque surprise du Hamas le 7 octobre 2023. Depuis janvier 2024, l&rsquo;arm\u00e9e am\u00e9ricaine attaque les positions des Houthis pour tenter de mettre fin \u00e0 leurs attaques de missiles et de drones contre Isra\u00ebl et les cargos empruntant la mer Rouge.<\/p>\n<p>Le trafic maritime mondial perturb\u00e9<\/p>\n<p class=\"fig-paragraph\">Les attaques des Houthis ont emp\u00each\u00e9 les navires de passer par le canal de Suez, art\u00e8re essentielle o\u00f9 passe normalement 12% du trafic maritime mondial. Par cons\u00e9quent, de nombreuses soci\u00e9t\u00e9s ont d\u00fb faire de co\u00fbteux d\u00e9tours par le sud de l&rsquo;Afrique.<\/p>\n<p class=\"fig-paragraph\">Depuis l&rsquo;entr\u00e9e en fonction du pr\u00e9sident Donald Trump en janvier, les raids a\u00e9riens am\u00e9ricains se sont intensifi\u00e9s, avec des frappes quasi quotidiennes au cours du mois dernier. L&rsquo;arm\u00e9e am\u00e9ricaine a annonc\u00e9 avoir frapp\u00e9 depuis mi-mars plus de 1.000 cibles au Y\u00e9men.<\/p>\n<p class=\"fig-paragraph\">Dimanche, le Premier ministre isra\u00e9lien, Benjamin Netanyahu, a promis des repr\u00e9sailles contre les rebelles houthis du Y\u00e9men et l&rsquo;Iran, apr\u00e8s le tir d&rsquo;un missile ayant touch\u00e9, pour la premi\u00e8re fois, la zone de l&rsquo;a\u00e9roport Ben-Gourion, pr\u00e8s de Tel-Aviv, o\u00f9 le trafic a\u00e9rien a \u00e9t\u00e9 bri\u00e8vement suspendu. Les rebelles houthis du Y\u00e9men ont annonc\u00e9 plus tard dimanche qu&rsquo;ils continueraient \u00e0 \u00abcibler les a\u00e9roports isra\u00e9liens\u00bb et ont appel\u00e9 les compagnies a\u00e9riennes \u00e0 \u00abannuler leurs vols\u00bb vers Isra\u00ebl.<\/p>\n","protected":false},"excerpt":{"rendered":"Les Houthis, qui font partie de l\u2019\u00abaxe de r\u00e9sistance\u00bb de l\u2019Iran contre Isra\u00ebl et les \u00c9tats-Unis, disent agir&hellip;\n","protected":false},"author":2,"featured_media":75396,"comment_status":"","ping_status":"","sticky":false,"template":"","format":"standard","meta":{"footnotes":""},"categories":[1589],"tags":[259,11,260,952,75,73,1866,1070,14,261,12,262,1864,1865,1863,308,3885],"class_list":{"0":"post-75395","1":"post","2":"type-post","3":"status-publish","4":"format-standard","5":"has-post-thumbnail","7":"category-etats-unis","8":"tag-actualite-internationale","9":"tag-actualites","10":"tag-affaires-etrangeres","11":"tag-benyamin-netanyahou","12":"tag-donald-trump","13":"tag-etats-unis","14":"tag-etats-unis-damerique","15":"tag-houthis","16":"tag-international","17":"tag-ministere-des-affaires-etrangeres","18":"tag-news","19":"tag-politique-etrangere","20":"tag-united-states","21":"tag-united-states-of-america","22":"tag-us","23":"tag-usa","24":"tag-yemen"},"share_on_mastodon":{"url":"https:\/\/pubeurope.com\/@fr\/114452307858473174","error":""},"_links":{"self":[{"href":"https:\/\/www.europesays.com\/fr\/wp-json\/wp\/v2\/posts\/75395","targetHints":{"allow":["GET"]}}],"collection":[{"href":"https:\/\/www.europesays.com\/fr\/wp-json\/wp\/v2\/posts"}],"about":[{"href":"https:\/\/www.europesays.com\/fr\/wp-json\/wp\/v2\/types\/post"}],"author":[{"embeddable":true,"href":"https:\/\/www.europesays.com\/fr\/wp-json\/wp\/v2\/users\/2"}],"replies":[{"embeddable":true,"href":"https:\/\/www.europesays.com\/fr\/wp-json\/wp\/v2\/comments?post=75395"}],"version-history":[{"count":0,"href":"https:\/\/www.europesays.com\/fr\/wp-json\/wp\/v2\/posts\/75395\/revisions"}],"wp:featuredmedia":[{"embeddable":true,"href":"https:\/\/www.europesays.com\/fr\/wp-json\/wp\/v2\/media\/75396"}],"wp:attachment":[{"href":"https:\/\/www.europesays.com\/fr\/wp-json\/wp\/v2\/media?parent=75395"}],"wp:term":[{"taxonomy":"category","embeddable":true,"href":"https:\/\/www.europesays.com\/fr\/wp-json\/wp\/v2\/categories?post=75395"},{"taxonomy":"post_tag","embeddable":true,"href":"https:\/\/www.europesays.com\/fr\/wp-json\/wp\/v2\/tags?post=75395"}],"curies":[{"name":"wp","href":"https:\/\/api.w.org\/{rel}","templated":true}]}}