{"id":75399,"date":"2025-05-05T00:07:09","date_gmt":"2025-05-05T00:07:09","guid":{"rendered":"https:\/\/www.europesays.com\/fr\/75399\/"},"modified":"2025-05-05T00:07:09","modified_gmt":"2025-05-05T00:07:09","slug":"harry-kane-brise-enfin-la-malediction-avec-le-bayern","status":"publish","type":"post","link":"https:\/\/www.europesays.com\/fr\/75399\/","title":{"rendered":"Harry Kane brise enfin la mal\u00e9diction avec le Bayern"},"content":{"rendered":"<p>Le capitaine de l&rsquo;Angleterre Harry Kane a enfin bris\u00e9 la mal\u00e9diction dimanche en remportant \u00e0 31 ans un premier titre, le championnat d&rsquo;Allemagne, pour sa deuxi\u00e8me saison avec le Bayern.<\/p>\n<p>Quelques jours avant l&rsquo;officialisation du sacre, le pr\u00e9sident d&rsquo;honneur du g\u00e9ant munichois Uli Hoeness, a rendu sur la cha\u00eene Sky un hommage tr\u00e8s appuy\u00e9 \u00e0 son attaquant: \u00ab\u00a0il n&rsquo;y a personne d&rsquo;autre qui l&rsquo;aura plus m\u00e9rit\u00e9 que lui. Il se bat, il travaille, il marque un nombre incroyable de buts, mais il travaille aussi pour toute l&rsquo;\u00e9quipe.\u00a0\u00bb<\/p>\n<p>Quelques minutes apr\u00e8s le match nul de Leverkusen sur la pelouse de Fribourg (2-2), suivi dans un restaurant munichois avec quelques co\u00e9quipiers, l&rsquo;int\u00e9ress\u00e9 a repris le \u00ab\u00a0We are the champions\u00a0\u00bb de Queen, dans une vid\u00e9o publi\u00e9e sur son compte instagram. Juste avant, il avait post\u00e9 une story avec un troph\u00e9e en or sur un fond noir.<\/p>\n<p>Recrut\u00e9 pour 100 millions d&rsquo;euros, une somme record pour la Bundesliga, l&rsquo;ancienne figure de proue de Tottenham est l&rsquo;un des attaquants les plus brillants de sa g\u00e9n\u00e9ration, capitaine et meilleur buteur de la s\u00e9lection anglaise (71), meilleur r\u00e9alisateur de la Coupe du monde 2018 (6), de la Ligue des champions 2024 (8), du championnat d&rsquo;Angleterre 2016 (25), 2017 (29), 2021 (23), du championnat d&rsquo;Allemagne 2024 (36), et Soulier d&rsquo;or europ\u00e9en (2024).<\/p>\n<p>&#8211;\u00a0Jusqu&rsquo;en 2027 au Bayern &#8211;<\/p>\n<p>Et pourtant&#8230; Pass\u00e9 ses 30 ans \u00e0 l&rsquo;\u00e9t\u00e9 2023, il n&rsquo;avait toujours pas remport\u00e9 le moindre titre collectif, une anomalie d\u00e9sormais corrig\u00e9e.<\/p>\n<p>\u00ab\u00a0Beaucoup de personnes ne parlent que du fait que je n&rsquo;ai remport\u00e9 aucun titre dans ma carri\u00e8re. Ce serait bien de pouvoir les r\u00e9duire au silence\u00a0\u00bb, avait-il gliss\u00e9 d\u00e9but f\u00e9vrier apr\u00e8s la victoire du Bayern contre Kiel (4-3).<\/p>\n<p>Avant le sacre, Harry Kane avait disput\u00e9 et perdu six finales, dont deux avec l&rsquo;Angleterre \u00e0 l&rsquo;Euro -en 2021 contre l&rsquo;Italie et en 2024 contre l&rsquo;Espagne-, et une finale avec Tottenham en Ligue des champions -contre Liverpool en 2019. Il avait \u00e9galement termin\u00e9 \u00e0 la 2e place du championnat d&rsquo;Angleterre avec les Spurs (2017).<\/p>\n<p>Pour conna\u00eetre enfin la joie de soulever un troph\u00e9e apr\u00e8s avoir pass\u00e9 sa carri\u00e8re en Angleterre, il s&rsquo;est engag\u00e9 \u00e0 l&rsquo;\u00e9t\u00e9 2023 avec le Bayern, mastodonte du foot allemand et qui a remport\u00e9 au moins un titre chaque ann\u00e9e depuis 2012.<\/p>\n<p>Le lendemain de sa signature, le 12 ao\u00fbt, le Bayern parvient in extremis \u00e0 le qualifier pour la Supercoupe d&rsquo;Allemagne dans l&rsquo;espoir de briser rapidement le sort. Il joue une demi-heure, mais le Bayern est corrig\u00e9 par le RB Leipzig \u00e0 l&rsquo;Allianz Arena (3-0).<\/p>\n<p>&#8211; Poursuivre la s\u00e9rie &#8211;<\/p>\n<p>Sa premi\u00e8re saison munichoise a \u00e9t\u00e9 \u00e0 l&rsquo;image de sa carri\u00e8re jusque-l\u00e0. Avec 36 buts en Bundesliga, il a longtemps \u00e9t\u00e9 sur les temps de passage du record de Robert Lewandowski (41), et a pu d\u00e9crocher le Soulier d&rsquo;Or europ\u00e9en. Mais toujours pas de titre collectif, la faute \u00e0 une saison quasiment parfaite de Leverkusen en Bundesliga, alors que l&rsquo;aventure en Ligue des champions s&rsquo;est arr\u00eat\u00e9e en demi-finale \u00e0 Madrid contre le Real.<\/p>\n<p>Recrut\u00e9 pour remplacer Lewandowski, parti au FC Barcelone en juillet 2022, Kane pr\u00e9sente un profil d&rsquo;attaquant bien diff\u00e9rent de celui de l&rsquo;international polonais, participant beaucoup plus \u00e0 la construction du jeu.<\/p>\n<p>Sous contrat avec le Bayern encore deux saisons, il aura l&rsquo;occasion d&rsquo;enrichir son palmar\u00e8s d\u00e8s les prochaines semaines, avec \u00e0 l&rsquo;horizon le Mondial des clubs aux Etats-Unis (14 juin-13 juillet) et la Supercoupe Franz-Beckenbauer (16 ao\u00fbt). Puis viendront les nouveaux r\u00eaves d&rsquo;Europe en Ligue des champions.<\/p>\n<p>En s\u00e9lection, l&rsquo;Allemand Thomas Tuchel, qu&rsquo;il a c\u00f4toy\u00e9 avec le Bayern de fin mars 2023 \u00e0 mi-mai 2024, a \u00e9t\u00e9 nomm\u00e9 \u00e0 la t\u00eate des Three Lions et l&rsquo;a confirm\u00e9 sans h\u00e9sitation comme capitaine.<\/p>\n<p>A court terme, les regards de Kane se portent forc\u00e9ment sur le Mondial-2026 en Am\u00e9rique du Nord et \u00e0 moyen terme sur l&rsquo;Euro-2028 \u00e0 domicile en Angleterre, lorsqu&rsquo;il soufflera presque ses 35 bougies.<\/p>\n<p>tba\/nip\/ll\/ng<\/p>\n","protected":false},"excerpt":{"rendered":"Le capitaine de l&rsquo;Angleterre Harry Kane a enfin bris\u00e9 la mal\u00e9diction dimanche en remportant \u00e0 31 ans un&hellip;\n","protected":false},"author":2,"featured_media":75400,"comment_status":"","ping_status":"","sticky":false,"template":"","format":"standard","meta":{"footnotes":""},"categories":[1587],"tags":[11,672,4782,1804,12474,18013,1805,1803,1777,674,1801,17523,17529,2209,447,918,12,18012,1802,18014,18015],"class_list":{"0":"post-75399","1":"post","2":"type-post","3":"status-publish","4":"format-standard","5":"has-post-thumbnail","7":"category-allemagne","8":"tag-actualites","9":"tag-allemagne","10":"tag-bayern-munich","11":"tag-bundesrepublik-deutschland","12":"tag-championnat-dallemagne","13":"tag-coupe-du-monde-2018","14":"tag-de","15":"tag-deutschland","16":"tag-eu","17":"tag-europe","18":"tag-germany","19":"tag-harry-kane","20":"tag-joshua-kimmich","21":"tag-kiel","22":"tag-ligue-des-champions","23":"tag-mars","24":"tag-news","25":"tag-rb-leipzig","26":"tag-republique-federale-dallemagne","27":"tag-robert-lewandowski","28":"tag-tottenham"},"share_on_mastodon":{"url":"https:\/\/pubeurope.com\/@fr\/114452315700208736","error":""},"_links":{"self":[{"href":"https:\/\/www.europesays.com\/fr\/wp-json\/wp\/v2\/posts\/75399","targetHints":{"allow":["GET"]}}],"collection":[{"href":"https:\/\/www.europesays.com\/fr\/wp-json\/wp\/v2\/posts"}],"about":[{"href":"https:\/\/www.europesays.com\/fr\/wp-json\/wp\/v2\/types\/post"}],"author":[{"embeddable":true,"href":"https:\/\/www.europesays.com\/fr\/wp-json\/wp\/v2\/users\/2"}],"replies":[{"embeddable":true,"href":"https:\/\/www.europesays.com\/fr\/wp-json\/wp\/v2\/comments?post=75399"}],"version-history":[{"count":0,"href":"https:\/\/www.europesays.com\/fr\/wp-json\/wp\/v2\/posts\/75399\/revisions"}],"wp:featuredmedia":[{"embeddable":true,"href":"https:\/\/www.europesays.com\/fr\/wp-json\/wp\/v2\/media\/75400"}],"wp:attachment":[{"href":"https:\/\/www.europesays.com\/fr\/wp-json\/wp\/v2\/media?parent=75399"}],"wp:term":[{"taxonomy":"category","embeddable":true,"href":"https:\/\/www.europesays.com\/fr\/wp-json\/wp\/v2\/categories?post=75399"},{"taxonomy":"post_tag","embeddable":true,"href":"https:\/\/www.europesays.com\/fr\/wp-json\/wp\/v2\/tags?post=75399"}],"curies":[{"name":"wp","href":"https:\/\/api.w.org\/{rel}","templated":true}]}}