{"id":754717,"date":"2026-02-23T17:49:19","date_gmt":"2026-02-23T17:49:19","guid":{"rendered":"https:\/\/www.europesays.com\/fr\/754717\/"},"modified":"2026-02-23T17:49:19","modified_gmt":"2026-02-23T17:49:19","slug":"la-plus-ancienne-piscine-de-paris-a-rouvert-ses-portes-avec-un-incroyable-bassin-art-deco","status":"publish","type":"post","link":"https:\/\/www.europesays.com\/fr\/754717\/","title":{"rendered":"La plus ancienne piscine de Paris a rouvert ses portes avec un incroyable bassin Art d\u00e9co"},"content":{"rendered":"<p class=\"p1\">Une nouvelle piscine qui ouvre en f\u00e9vrier, on a fait mieux comme timing, mais celle-ci vaut le d\u00e9tour m\u00eame en hiver. Lundi matin, la piscine Ch\u00e2teau-Landon, la plus ancienne <a href=\"https:\/\/www.timeout.fr\/paris\/sport\/meilleures-piscines-paris\" rel=\"nofollow noopener\" target=\"_blank\">piscine<\/a> couverte de France, et une des plus belles sans doute, a rouvert ses portes dans le 10e arrondissement apr\u00e8s huit ans de r\u00e9novations.<\/p>\n<p class=\"p1\">Inaugur\u00e9e en 1884, la piscine, log\u00e9e au bord des rails de gare de l\u2019Est, entre Stalingrad et Louis Blanc, a \u00e9t\u00e9 transform\u00e9e entre 1925 et 1927 pour \u00e9pouser le style \u201cpaquebot\u201d \u2013 on est en pleine <a href=\"https:\/\/www.timeout.fr\/paris\/art\/100-ans-dart-deco-les-9-plus-beaux-batiments-a-travers-le-monde-selon-time-out\" rel=\"nofollow noopener\" target=\"_blank\">p\u00e9riode Art d\u00e9co<\/a>. Les angles sont arrondis, deux \u201cponts\u201d abritent des cabines en coursive, et une grande verri\u00e8re est construite. De plus, la piscine est dot\u00e9e d\u2019un syst\u00e8me permettant de chauffer l\u2019eau \u00e0 25 \u00b0C, une r\u00e9volution pour les Parisien(ne)s, qui peuvent enfin se baigner <a href=\"https:\/\/www.timeout.fr\/paris\/actualites\/4-rooftops-chics-et-chauffes-a-paris-a-tester-cet-hiver-121725\" rel=\"nofollow noopener\" target=\"_blank\">l\u2019hiver<\/a> !<\/p>\n<p class=\"p2\">En travaux depuis sa fermeture en 2018, la piscine a vu son architecture conserv\u00e9e, avec un bassin de 25 m\u00e8tres sur 10, surplomb\u00e9 de deux \u00e9tages de portes bleues et jaunes, sous le joli plafond vo\u00fbt\u00e9 et un \u00e9clairage am\u00e9lior\u00e9. La piscine est d\u00e9sormais accessible \u00e0 100 % aux personnes \u00e0 mobilit\u00e9 r\u00e9duite au rez-de-chauss\u00e9e, et propose des horaires \u00e9tendus, jusqu\u2019\u00e0 20h30 et 22h30 le lundi et le mercredi.\u00a0<\/p>\n<p class=\"p1\"><strong>O\u00f9 ?<\/strong> 31 rue du Ch\u00e2teau-Landon, Paris 10e.<br \/><strong>Quand ?<\/strong> Tous les jours, 9h\u201320h30, sauf lundi 9h\u201322h30, mercredi 7h\u201322h30 et vendredi 7h\u201320h30.<br \/><strong>Combien ?<\/strong> 2-3,50 \u20ac.<\/p>\n","protected":false},"excerpt":{"rendered":"Une nouvelle piscine qui ouvre en f\u00e9vrier, on a fait mieux comme timing, mais celle-ci vaut le d\u00e9tour&hellip;\n","protected":false},"author":2,"featured_media":754718,"comment_status":"","ping_status":"","sticky":false,"template":"","format":"standard","meta":{"footnotes":"","_share_on_mastodon":"0"},"categories":[1888],"tags":[1111,1928,11,1927,4573,4572,1777,674,1011,27,12,1926,626,1925,3907,25],"class_list":["post-754717","post","type-post","status-publish","format-standard","has-post-thumbnail","category-paris","tag-actu","tag-actu-paris","tag-actualites","tag-actualites-paris","tag-actualites-vivre-en-ville","tag-categories-que-faire","tag-eu","tag-europe","tag-fr","tag-france","tag-news","tag-news-paris","tag-paris","tag-paris-news","tag-que-faire","tag-republique-francaise"],"share_on_mastodon":{"url":"https:\/\/pubeurope.com\/@fr\/116121211381404651","error":""},"_links":{"self":[{"href":"https:\/\/www.europesays.com\/fr\/wp-json\/wp\/v2\/posts\/754717","targetHints":{"allow":["GET"]}}],"collection":[{"href":"https:\/\/www.europesays.com\/fr\/wp-json\/wp\/v2\/posts"}],"about":[{"href":"https:\/\/www.europesays.com\/fr\/wp-json\/wp\/v2\/types\/post"}],"author":[{"embeddable":true,"href":"https:\/\/www.europesays.com\/fr\/wp-json\/wp\/v2\/users\/2"}],"replies":[{"embeddable":true,"href":"https:\/\/www.europesays.com\/fr\/wp-json\/wp\/v2\/comments?post=754717"}],"version-history":[{"count":0,"href":"https:\/\/www.europesays.com\/fr\/wp-json\/wp\/v2\/posts\/754717\/revisions"}],"wp:featuredmedia":[{"embeddable":true,"href":"https:\/\/www.europesays.com\/fr\/wp-json\/wp\/v2\/media\/754718"}],"wp:attachment":[{"href":"https:\/\/www.europesays.com\/fr\/wp-json\/wp\/v2\/media?parent=754717"}],"wp:term":[{"taxonomy":"category","embeddable":true,"href":"https:\/\/www.europesays.com\/fr\/wp-json\/wp\/v2\/categories?post=754717"},{"taxonomy":"post_tag","embeddable":true,"href":"https:\/\/www.europesays.com\/fr\/wp-json\/wp\/v2\/tags?post=754717"}],"curies":[{"name":"wp","href":"https:\/\/api.w.org\/{rel}","templated":true}]}}