{"id":754730,"date":"2026-02-23T17:56:23","date_gmt":"2026-02-23T17:56:23","guid":{"rendered":"https:\/\/www.europesays.com\/fr\/754730\/"},"modified":"2026-02-23T17:56:23","modified_gmt":"2026-02-23T17:56:23","slug":"les-demandeurs-dasile-autorises-a-travailler-apres-trois-mois-de-presence-sur-le-sol-allemand","status":"publish","type":"post","link":"https:\/\/www.europesays.com\/fr\/754730\/","title":{"rendered":"les demandeurs d\u2019asile autoris\u00e9s \u00e0 travailler apr\u00e8s trois mois de pr\u00e9sence sur le sol allemand"},"content":{"rendered":"<p>                     <img loading=\"lazy\" decoding=\"async\" src=\"https:\/\/www.europesays.com\/fr\/wp-content\/uploads\/2026\/02\/7d2c5be_ftp-1-i50zllhwbeeq-2026-01-27t090626z-638821431-rc2k9jadf3a5-rtrmadp-3-germany-politics-extr.jpeg\" alt=\"Le ministre allemand de l\u2019int\u00e9rieur, Alexander Dobrindt, lors d\u2019une conf\u00e9rence de presse \u00e0 Berlin, le 27\u00a0janvier 2026.\"   width=\"664\" height=\"443\"\/>    Le ministre allemand de l\u2019int\u00e9rieur, Alexander Dobrindt, lors d\u2019une conf\u00e9rence de presse \u00e0 Berlin, le 27\u00a0janvier 2026.  ANNEGRET HILSE\/REUTERS                 <\/p>\n<p class=\"article__paragraph  \">Le tour de vis contre l\u2019immigration men\u00e9 par Berlin peut-il tenir face \u00e0 une \u00e9conomie p\u00e9nalis\u00e9e par des p\u00e9nuries r\u00e9currentes de main-d\u2019\u0153uvre\u00a0? Les demandeurs d\u2019asile devraient bient\u00f4t \u00eatre autoris\u00e9s \u00e0 travailler apr\u00e8s seulement trois mois de pr\u00e9sence sur le sol allemand, et ce m\u00eame si leur proc\u00e9dure d\u2019asile n\u2019est pas encore examin\u00e9e. Telle est la mesure annonc\u00e9e contre toute attente par le ministre de l\u2019int\u00e9rieur, Alexander Dobrindt, dimanche 22\u00a0f\u00e9vrier. \u00ab\u00a0Ceux qui viennent ici doivent pouvoir travailler, et rapidement. La meilleure int\u00e9gration se fait par le monde du travail\u00a0\u00bb, a justifi\u00e9 le ministre, issu du parti conservateur bavarois CSU, dans un entretien au quotidien Bild am Sonntag.<\/p>\n<p class=\"article__paragraph  \">Actuellement, les demandeurs d\u2019asile ne sont pas autoris\u00e9s \u00e0 travailler pendant au moins six mois quand ils sont tenus de r\u00e9sider dans un centre d\u2019accueil, c\u2019est-\u00e0-dire lorsqu\u2019ils ont peu de<strong> <\/strong>chance d\u2019obtenir le statut de r\u00e9fugi\u00e9 parce que leur s\u00e9curit\u00e9 n\u2019est pas menac\u00e9e dans leur pays d\u2019origine. Selon le minist\u00e8re de l\u2019int\u00e9rieur, la nouvelle r\u00e9glementation n\u2019aura aucune incidence sur l\u2019issue de la proc\u00e9dure d\u2019asile\u00a0: le fait de travailler ne sera, en th\u00e9orie, pas un argument en faveur de l\u2019obtention d\u2019un droit de s\u00e9jour. Les personnes dont la demande d\u2019asile a d\u00e9j\u00e0 \u00e9t\u00e9 rejet\u00e9e et celles qui n\u2019ont pas coop\u00e9r\u00e9, par exemple en dissimulant leur identit\u00e9 ou en fournissant des informations inexactes sur le motif de la fuite de leur pays, ne pourront en outre pas en b\u00e9n\u00e9ficier.<\/p>\n<p class=\"reading-mode-only \"><strong>Il vous reste 70.05% de cet article \u00e0 lire. La suite est r\u00e9serv\u00e9e aux abonn\u00e9s.<\/strong><\/p>\n","protected":false},"excerpt":{"rendered":"Le ministre allemand de l\u2019int\u00e9rieur, Alexander Dobrindt, lors d\u2019une conf\u00e9rence de presse \u00e0 Berlin, le 27\u00a0janvier 2026. ANNEGRET&hellip;\n","protected":false},"author":2,"featured_media":754731,"comment_status":"","ping_status":"","sticky":false,"template":"","format":"standard","meta":{"footnotes":"","_share_on_mastodon":"0"},"categories":[1587],"tags":[11,672,1804,1805,1803,1777,674,1801,12,1802],"class_list":["post-754730","post","type-post","status-publish","format-standard","has-post-thumbnail","category-allemagne","tag-actualites","tag-allemagne","tag-bundesrepublik-deutschland","tag-de","tag-deutschland","tag-eu","tag-europe","tag-germany","tag-news","tag-republique-federale-dallemagne"],"share_on_mastodon":{"url":"https:\/\/pubeurope.com\/@fr\/116121238949585107","error":""},"_links":{"self":[{"href":"https:\/\/www.europesays.com\/fr\/wp-json\/wp\/v2\/posts\/754730","targetHints":{"allow":["GET"]}}],"collection":[{"href":"https:\/\/www.europesays.com\/fr\/wp-json\/wp\/v2\/posts"}],"about":[{"href":"https:\/\/www.europesays.com\/fr\/wp-json\/wp\/v2\/types\/post"}],"author":[{"embeddable":true,"href":"https:\/\/www.europesays.com\/fr\/wp-json\/wp\/v2\/users\/2"}],"replies":[{"embeddable":true,"href":"https:\/\/www.europesays.com\/fr\/wp-json\/wp\/v2\/comments?post=754730"}],"version-history":[{"count":0,"href":"https:\/\/www.europesays.com\/fr\/wp-json\/wp\/v2\/posts\/754730\/revisions"}],"wp:featuredmedia":[{"embeddable":true,"href":"https:\/\/www.europesays.com\/fr\/wp-json\/wp\/v2\/media\/754731"}],"wp:attachment":[{"href":"https:\/\/www.europesays.com\/fr\/wp-json\/wp\/v2\/media?parent=754730"}],"wp:term":[{"taxonomy":"category","embeddable":true,"href":"https:\/\/www.europesays.com\/fr\/wp-json\/wp\/v2\/categories?post=754730"},{"taxonomy":"post_tag","embeddable":true,"href":"https:\/\/www.europesays.com\/fr\/wp-json\/wp\/v2\/tags?post=754730"}],"curies":[{"name":"wp","href":"https:\/\/api.w.org\/{rel}","templated":true}]}}