{"id":754918,"date":"2026-02-23T19:46:30","date_gmt":"2026-02-23T19:46:30","guid":{"rendered":"https:\/\/www.europesays.com\/fr\/754918\/"},"modified":"2026-02-23T19:46:30","modified_gmt":"2026-02-23T19:46:30","slug":"grenoble-florian-lex-adore-raler","status":"publish","type":"post","link":"https:\/\/www.europesays.com\/fr\/754918\/","title":{"rendered":"Grenoble. Florian Lex adore r\u00e2ler"},"content":{"rendered":"<p>Comme tout bon Fran\u00e7ais qui se respecte, Florian Lex (Sc\u00e8nes de m\u00e9nages sur M6) la ram\u00e8ne \u00e0 tout propos, adore r\u00e2ler et aime beaucoup trop\u2026 la raclette. Il r\u00eave d\u2019un monde o\u00f9 les diktats de la soci\u00e9t\u00e9 et les embrouilles du quotidien n\u2019existent pas. Pourtant, Florian sait que tout \u00e7a est impossible et qu\u2019il vaut mieux y jeter un regard amus\u00e9 et le tourner en d\u00e9rision \u00e0 la moindre occasion. \u00ab\u00a0Il y a beaucoup de choses\u00a0! Des personnages, du stand-up, du chant, de la musique, de la danse, de la lumi\u00e8re et de la vid\u00e9o\u00a0! C\u2019est un spectacle tr\u00e8s vivant et tr\u00e8s complet\u00a0\u00bb, confie-t-il.<\/p>\n<p class=\"note\">Vendredi 27\u00a0f\u00e9vrier \u00e0 20\u00a0heures \u00e0 l\u2019Auditorium (Alpexpo) \u00e0 Grenoble. Tarif\u00a0: 39\u00a0\u20ac.<\/p>\n","protected":false},"excerpt":{"rendered":"Comme tout bon Fran\u00e7ais qui se respecte, Florian Lex (Sc\u00e8nes de m\u00e9nages sur M6) la ram\u00e8ne \u00e0 tout&hellip;\n","protected":false},"author":2,"featured_media":754919,"comment_status":"","ping_status":"","sticky":false,"template":"","format":"standard","meta":{"footnotes":"","_share_on_mastodon":"0"},"categories":[9566],"tags":[1111,11,2430,1687,112,1777,674,1011,27,2731,2732,108,12,25,3140],"class_list":["post-754918","post","type-post","status-publish","format-standard","has-post-thumbnail","category-grenoble","tag-actu","tag-actualites","tag-auvergne-rhone-alpes","tag-culture-loisirs","tag-edition-grenoble-agglomeration","tag-eu","tag-europe","tag-fr","tag-france","tag-grenoble","tag-grenoble-bassin","tag-isere","tag-news","tag-republique-francaise","tag-spectacle"],"share_on_mastodon":{"url":"https:\/\/pubeurope.com\/@fr\/116121671238873710","error":""},"_links":{"self":[{"href":"https:\/\/www.europesays.com\/fr\/wp-json\/wp\/v2\/posts\/754918","targetHints":{"allow":["GET"]}}],"collection":[{"href":"https:\/\/www.europesays.com\/fr\/wp-json\/wp\/v2\/posts"}],"about":[{"href":"https:\/\/www.europesays.com\/fr\/wp-json\/wp\/v2\/types\/post"}],"author":[{"embeddable":true,"href":"https:\/\/www.europesays.com\/fr\/wp-json\/wp\/v2\/users\/2"}],"replies":[{"embeddable":true,"href":"https:\/\/www.europesays.com\/fr\/wp-json\/wp\/v2\/comments?post=754918"}],"version-history":[{"count":0,"href":"https:\/\/www.europesays.com\/fr\/wp-json\/wp\/v2\/posts\/754918\/revisions"}],"wp:featuredmedia":[{"embeddable":true,"href":"https:\/\/www.europesays.com\/fr\/wp-json\/wp\/v2\/media\/754919"}],"wp:attachment":[{"href":"https:\/\/www.europesays.com\/fr\/wp-json\/wp\/v2\/media?parent=754918"}],"wp:term":[{"taxonomy":"category","embeddable":true,"href":"https:\/\/www.europesays.com\/fr\/wp-json\/wp\/v2\/categories?post=754918"},{"taxonomy":"post_tag","embeddable":true,"href":"https:\/\/www.europesays.com\/fr\/wp-json\/wp\/v2\/tags?post=754918"}],"curies":[{"name":"wp","href":"https:\/\/api.w.org\/{rel}","templated":true}]}}