{"id":755085,"date":"2026-02-23T21:22:17","date_gmt":"2026-02-23T21:22:17","guid":{"rendered":"https:\/\/www.europesays.com\/fr\/755085\/"},"modified":"2026-02-23T21:22:17","modified_gmt":"2026-02-23T21:22:17","slug":"soiree-100-cote-dor-a-paris-on-ne-gagnera-pas-la-bataille-de-la-souverainete-alimentaire-sans-confiance","status":"publish","type":"post","link":"https:\/\/www.europesays.com\/fr\/755085\/","title":{"rendered":"Soir\u00e9e 100\u00a0% C\u00f4te-d\u2019Or \u00e0 Paris. \u00ab\u00a0On ne gagnera pas la bataille de la souverainet\u00e9 alimentaire sans confiance\u00a0\u00bb"},"content":{"rendered":"<p>Avec une vue imprenable sur la Tour Eiffel, qui s\u2019est par\u00e9e de ses plus belles lumi\u00e8res pour l\u2019occasion, Fran\u00e7ois Sauvadet, pr\u00e9sident du Conseil d\u00e9partemental de C\u00f4te-d\u2019Or a encore une fois voulu marquer les esprits pour l\u2019organisation de sa traditionnelle soir\u00e9e \u201c100\u00a0% C\u00f4te-d\u2019Or\u201d, en marge du Salon de l\u2019agriculture \u00e0 Paris.<\/p>\n<p>C\u2019est donc au restaurant Les Ombres que l\u2019ensemble des convives, compos\u00e9s de chefs cuisiniers, d\u2019artisans, mais aussi d\u2019invit\u00e9s sp\u00e9ciaux comme l\u2019humoriste\u00a0Laurent Gerra ou la journaliste Natacha Polony, se sont r\u00e9unis en d\u00e9but de soir\u00e9e pour c\u00e9l\u00e9brer le d\u00e9partement de la C\u00f4te-d\u2019Or, ses talents culinaires et artisanaux.<\/p>\n<p>\u00ab\u00a0Pourquoi ici\u00a0? Car il n\u2019y a pas de lumi\u00e8re sans ombre, et j\u2019esp\u00e8re qu\u2019il s\u2019agira d\u2019un moment lumineux pour tous, avec le plaisir de se retrouver pour mettre en valeur tous nos savoir-faire\u00a0\u00bb, lance Fran\u00e7ois Sauvadet en pr\u00e9ambule.<\/p>\n<p>  \u00ab\u00a0Le r\u00f4le des agriculteurs est irrempla\u00e7able\u00a0\u00bb<\/p>\n<p>\u00ab\u00a0On ne gagnera pas la bataille de la souverainet\u00e9 alimentaire sans confiance, sans apporter de la reconnaissance aux m\u00e9tiers de la terre. Le r\u00f4le des agriculteurs est irrempla\u00e7able. Nous sommes aujourd\u2019hui dans un monde qui va vite mais on oublie une chose essentielle\u00a0: on aura besoin d\u2019une alimentation saine, c\u2019est un d\u00e9fi majeur\u00a0\u00bb, mart\u00e8le le pr\u00e9sident.<\/p>\n<p>\u00ab\u00a0Nous aurons prochainement 50\u00a0% des agriculteurs qui vont partir en retraite. C\u2019est un enjeu national que le renouvellement des g\u00e9n\u00e9rations. Il n\u2019y a pas de m\u00e9tier plus beau que l\u2019agriculture, car c\u2019est l\u00e0 que se nourrit la diversit\u00e9 de la France. Il faut aujourd\u2019hui que chaque d\u00e9partement fran\u00e7ais puisse retrouver sa diversit\u00e9, renouer avec sa propre histoire.\u00a0\u00bb<\/p>\n<p>  La rose mise \u00e0 l\u2019honneur<\/p>\n<p>Sur place, c\u2019est la rose de C\u00f4te-d\u2019Or qui est mise \u00e0 l\u2019honneur, avec diff\u00e9rents artisans lui ayant rendu hommage, selon leurs comp\u00e9tences et savoir-faire. Comme Marie-France Bravard, des <a href=\"https:\/\/www.bienpublic.com\/culture-loisirs\/2022\/06\/03\/elles-ont-reproduit-le-parfum-d-un-climat-de-meursault\" target=\"_blank\" rel=\"nofollow noopener\">Ateliers vins et parfums<\/a> \u00e0 Meursault et Beaune. \u00ab\u00a0Au mois de f\u00e9vrier, parler d\u2019une rose n\u2019est pas possible au niveau de sa culture, mais on peut \u00e9voquer son parfum \u00e0 travers une composition. Nous avons donc travaill\u00e9 avec l\u2019\u00e9quipe d\u00e9partementale \u00e0 recr\u00e9er l\u2019odeur de cette rose de C\u00f4te-d\u2019Or, pour faire vivre et d\u00e9couvrir le patrimoine bourguignon. Nous avons donc ici toutes les mati\u00e8res premi\u00e8res qui ont servi \u00e0 l\u2019\u00e9laboration de ce parfum, et le parfum fini\u00a0\u00bb, d\u00e9taille Marie-France Bravard.<\/p>\n<p>Aussi, les biscuits en sable d\u00e9cor\u00e9s de p\u00e2te \u00e0 sucre de <a href=\"https:\/\/www.bienpublic.com\/economie\/2025\/11\/01\/apres-plus-de-trente-ans-dans-le-milieu-medico-social-elle-devient-biscuitiere-j-ai-retrouve-confiance-en-moi\" target=\"_blank\" rel=\"nofollow noopener\">Carole Vaspard,<\/a> bas\u00e9e \u00e0 Asni\u00e8res-l\u00e8s-Dijon, sont eux parfaitement dans le th\u00e8me, avec de d\u00e9licates roses blanches pr\u00eates \u00e0 \u00eatre croqu\u00e9es. Un peu plus loin, c\u2019est Isabelle Cornetet, venue de Montmain, qui, apr\u00e8s une reconversion professionnelle en p\u00e2tisserie, a confectionn\u00e9 une confiture \u00e0 la rose sp\u00e9cialement pour l\u2019occasion.<\/p>\n<p>  Des confitures d\u2019asperges ou de piments<\/p>\n<p>\u00ab\u00a0Pour mes confitures, j\u2019utilise des fruits, des l\u00e9gumes et des plantes que je trouve dans la nature environnante. J\u2019ai d\u00e9j\u00e0 fait de la confiture d\u2019asperges ou de piments, par exemple. Elles sont toutes produites en petites quantit\u00e9s. Ce que je veux, c\u2019est respecter le produit, ne pas faire un travail \u00e0 la cha\u00eene\u00a0\u00bb, pr\u00e9cise Isabelle Cornetet, qui s\u2019inscrit ainsi pleinement dans la volont\u00e9 de Fran\u00e7ois Sauvadet de pr\u00e9server toutes les sp\u00e9cificit\u00e9s des savoir-faire.<\/p>\n<p>\u00ab\u00a0Nous avons une grande chance d\u2019\u00eatre dans un pays en paix et d\u2019avoir autant de talents ici. Ce Salon de l\u2019agriculture, particuli\u00e8rement, doit \u00eatre le salon de l\u2019espoir, de la confiance en nos producteurs, mais aussi en notre diversit\u00e9, en notre territoire et en notre unit\u00e9\u00a0\u00bb, devait-il conclure.<\/p>\n","protected":false},"excerpt":{"rendered":"Avec une vue imprenable sur la Tour Eiffel, qui s\u2019est par\u00e9e de ses plus belles lumi\u00e8res pour l\u2019occasion,&hellip;\n","protected":false},"author":2,"featured_media":755086,"comment_status":"","ping_status":"","sticky":false,"template":"","format":"standard","meta":{"footnotes":"","_share_on_mastodon":"0"},"categories":[1888],"tags":[11,327,1477,4406,130,2931,33,1777,674,107,1011,27,12,626,25,433,216,6182],"class_list":["post-755085","post","type-post","status-publish","format-standard","has-post-thumbnail","category-paris","tag-actualites","tag-agriculture","tag-artisanat","tag-commerce-et-services","tag-consommation","tag-cote-dor","tag-economie","tag-eu","tag-europe","tag-fil-info","tag-fr","tag-france","tag-news","tag-paris","tag-republique-francaise","tag-salon-de-lagriculture","tag-vie-des-entreprises","tag-vins-et-viticulture"],"share_on_mastodon":{"url":"https:\/\/pubeurope.com\/@fr\/116122048637871014","error":""},"_links":{"self":[{"href":"https:\/\/www.europesays.com\/fr\/wp-json\/wp\/v2\/posts\/755085","targetHints":{"allow":["GET"]}}],"collection":[{"href":"https:\/\/www.europesays.com\/fr\/wp-json\/wp\/v2\/posts"}],"about":[{"href":"https:\/\/www.europesays.com\/fr\/wp-json\/wp\/v2\/types\/post"}],"author":[{"embeddable":true,"href":"https:\/\/www.europesays.com\/fr\/wp-json\/wp\/v2\/users\/2"}],"replies":[{"embeddable":true,"href":"https:\/\/www.europesays.com\/fr\/wp-json\/wp\/v2\/comments?post=755085"}],"version-history":[{"count":0,"href":"https:\/\/www.europesays.com\/fr\/wp-json\/wp\/v2\/posts\/755085\/revisions"}],"wp:featuredmedia":[{"embeddable":true,"href":"https:\/\/www.europesays.com\/fr\/wp-json\/wp\/v2\/media\/755086"}],"wp:attachment":[{"href":"https:\/\/www.europesays.com\/fr\/wp-json\/wp\/v2\/media?parent=755085"}],"wp:term":[{"taxonomy":"category","embeddable":true,"href":"https:\/\/www.europesays.com\/fr\/wp-json\/wp\/v2\/categories?post=755085"},{"taxonomy":"post_tag","embeddable":true,"href":"https:\/\/www.europesays.com\/fr\/wp-json\/wp\/v2\/tags?post=755085"}],"curies":[{"name":"wp","href":"https:\/\/api.w.org\/{rel}","templated":true}]}}