{"id":755178,"date":"2026-02-23T22:29:17","date_gmt":"2026-02-23T22:29:17","guid":{"rendered":"https:\/\/www.europesays.com\/fr\/755178\/"},"modified":"2026-02-23T22:29:17","modified_gmt":"2026-02-23T22:29:17","slug":"municipales-a-haubourdin-un-troisieme-ex-conseiller-de-la-majorite-rejoint-la-liste-soutenue-par-le-rn","status":"publish","type":"post","link":"https:\/\/www.europesays.com\/fr\/755178\/","title":{"rendered":"Municipales \u00e0 Haubourdin\u00a0: un troisi\u00e8me ex-conseiller de la majorit\u00e9 rejoint la liste soutenue par le RN"},"content":{"rendered":"<p>Il avait d\u00e9missionn\u00e9 de son mandat de conseiller municipal fin 2024. Plus d\u2019un an apr\u00e8s, Fran\u00e7ois Wilinski, avocat au barreau de Lille, a annonc\u00e9 rejoindre la liste de l\u2019ex-d\u00e9put\u00e9 d\u2019extr\u00eame droite Victor Catteau pour les \u00e9lections municipales de mars. Apr\u00e8s <a href=\"https:\/\/www.lavoixdunord.fr\/1671055\/article\/2026-02-02\/haubourdin-l-adjoint-au-sport-rejoint-la-liste-soutenue-par-le-rassemblement\" target=\"_blank\" rel=\"nofollow noopener\">l\u2019adjoint au sport<\/a> Eric Leclercq et <a href=\"https:\/\/www.lavoixdunord.fr\/1673165\/article\/2026-02-09\/apres-l-adjoint-au-sport-l-adjointe-la-jeunesse-rejoint-la-liste-soutenue-par-le\" target=\"_blank\" rel=\"nofollow noopener\">l\u2019adjointe \u00e0 la jeunesse<\/a> Fran\u00e7oise Corneillie, c\u2019est le troisi\u00e8me \u00e9lu sortant \u00e0 rejoindre la liste d\u2019extr\u00eame droite soutenue par le Rassemblement national (RN).<\/p>\n<p>&#13;<br \/>\n&#13;<\/p>\n<p>&#13;<br \/>\n&#13;<br \/>\nAdh\u00e9rent \u00e0 l\u2019UDR d\u2019\u00c9ric Ciotti<\/p>\n<p>\u00ab\u00a0Je ne me retrouvais plus dans les id\u00e9es et les projets qui \u00e9taient port\u00e9s par la majorit\u00e9\u00a0\u00bb, indique Fran\u00e7ois Wilinski, qui explique sa d\u00e9cision par des id\u00e9es qui \u00ab\u00a0n\u2019\u00e9taient plus compatibles avec celles de la majorit\u00e9 en place\u00a0\u00bb au sujet des zones \u00e0 faibles \u00e9missions (ZFE), de la s\u00e9curit\u00e9 ou encore de la propret\u00e9 de la commune.<\/p>\n<blockquote><p>\u00ab\u00a0Pour moi, la logique du cordon sanitaire aujourd\u2019hui n\u2019a plus \u00e0 s\u2019appliquer avec le Rassemblement national.\u00a0\u00bb<\/p><\/blockquote>\n<p><strong>Fran\u00e7ois Wilinski<\/strong>, Candidat sur la liste de Victor Catteau<\/p>\n<p>&#13;<br \/>\n&#13;<\/p>\n<p>Ancien adh\u00e9rent Les r\u00e9publicains (LR), il a aujourd\u2019hui sa carte \u00e0 l\u2019UDR, le parti d\u2019\u00c9ric Ciotti, et se f\u00e9licite de rejoindre une liste qu\u2019il qualifie d\u2019\u00ab\u00a0union des droites\u00a0\u00bb qui \u00ab\u00a0rassemble des profils extr\u00eamement vari\u00e9s\u00a0\u00bb. Mais m\u00eame si le logo \u00e0 la flamme n\u2019appara\u00eet nulle part dans les communications de campagne de \u00ab\u00a0Haubourdin, fi\u00e8re et vivante\u00a0\u00bb, <a href=\"https:\/\/www.lavoixdunord.fr\/1647619\/article\/2025-11-19\/l-ex-depute-rn-victor-catteau-part-la-conquete-de-la-mairie-d-haubourdin\" target=\"_blank\" rel=\"nofollow noopener\">sa t\u00eate de liste<\/a> et plusieurs de ses membres sont bien issus du Rassemblement national (RN).<\/p>\n<p>&#13;<br \/>\n&#13;<\/p>\n<p>&#13;<br \/>\n&#13;<\/p>\n<p>\u00ab\u00a0Cette union des droites n\u2019est plus un tabou aujourd\u2019hui, c\u2019est une n\u00e9cessit\u00e9 pour gagner, commente l\u2019ex-conseiller municipal. Pour moi, la logique du cordon sanitaire aujourd\u2019hui n\u2019a plus \u00e0 s\u2019appliquer avec le Rassemblement national.\u00a0\u00bb<\/p>\n<p>\n  <img decoding=\"async\" data-copyright=\"Photo d\u2019archives La Voix\" class=\"r-img\"  typeof=\"foaf:Image\" src=\"https:\/\/www.europesays.com\/fr\/wp-content\/uploads\/2026\/02\/64492329.jpeg\" alt=\"Victor Catteau, lors de l\u2019annonce de sa candidature en novembre 2025, avec plusieurs\u00a0de\u00a0ses colistiers et\u00a0de\u00a0ses soutiens dont Matthieu Valet, candidat RN \u00e0 la mairie de Lille (\u00e0 sa droite).\"\/>Victor Catteau, lors de l\u2019annonce de sa candidature en novembre 2025, avec plusieurs\u00a0de\u00a0ses colistiers et\u00a0de\u00a0ses soutiens dont Matthieu Valet, candidat RN \u00e0 la mairie de Lille (\u00e0 sa droite). &#8211; Photo d\u2019archives La Voix\n<\/p>\n<p>Futur adjoint aux finances et \u00e0 l\u2019urbanisme<\/p>\n<p>Dans le communiqu\u00e9 de presse annon\u00e7ant son ralliement, la liste \u00ab\u00a0Haubourdin, fi\u00e8re et vivante\u00a0\u00bb vante l\u2019\u00ab\u00a0expertise solide en mati\u00e8re de march\u00e9s publics et de gestion des collectivit\u00e9s\u00a0\u00bb de Fran\u00e7ois Wilinski et son exp\u00e9rience politique acquise lors de la pr\u00e9c\u00e9dente mandature. Si Victor Catteau \u00e9tait \u00e9lu, l\u2019avocat serait amen\u00e9 \u00e0 devenir adjoint au maire charg\u00e9 des finances et de l\u2019urbanisme.<\/p>\n<p>&#13;<br \/>\n&#13;<\/p>\n<p>&#13;<br \/>\n&#13;<\/p>\n<p>&#13;<br \/>\n&#13;<\/p>\n<p>La nouvelle de ce ralliement a aussi surpris l\u2019actuel maire d\u2019Haubourdin. \u00ab\u00a0Je suis tr\u00e8s \u00e9tonn\u00e9, parce que je pensais que monsieur Wilinski avait d\u00e9m\u00e9nag\u00e9 de notre ville depuis un an\u00a0\u00bb, a r\u00e9agi Pierre B\u00e9harelle. Fran\u00e7ois Wilinski d\u00e9ment et assure \u00eatre toujours domicili\u00e9 dans la commune.<\/p>\n<p>Pierre B\u00e9harelle, qui revendique une candidature sans \u00e9tiquette bien que sa liste ait \u00e9t\u00e9 class\u00e9e \u00ab\u00a0divers droite\u00a0\u00bb lors des \u00e9lections de 2020, assure ne pas voir \u00ab\u00a0l\u2019int\u00e9r\u00eat de s\u2019associer avec un parti politique pour piloter la ville\u00a0\u00bb, \u00ab\u00a0en g\u00e9n\u00e9ral, et en particulier le Rassemblement national\u00a0\u00bb. Et de rappeler\u00a0: \u00ab\u00a0\u00c0 titre personnel, je ne partage pas les id\u00e9es du Rassemblement national.\u00a0\u00bb<\/p>\n","protected":false},"excerpt":{"rendered":"Il avait d\u00e9missionn\u00e9 de son mandat de conseiller municipal fin 2024. Plus d\u2019un an apr\u00e8s, Fran\u00e7ois Wilinski, avocat&hellip;\n","protected":false},"author":2,"featured_media":755179,"comment_status":"","ping_status":"","sticky":false,"template":"","format":"standard","meta":{"footnotes":"","_share_on_mastodon":"0"},"categories":[2815],"tags":[1111,11,1777,674,1011,27,83954,811,1307,12,25],"class_list":["post-755178","post","type-post","status-publish","format-standard","has-post-thumbnail","category-lille","tag-actu","tag-actualites","tag-eu","tag-europe","tag-fr","tag-france","tag-haubourdin-nord","tag-hauts-de-france","tag-lille","tag-news","tag-republique-francaise"],"share_on_mastodon":{"url":"https:\/\/pubeurope.com\/@fr\/116122312230032148","error":""},"_links":{"self":[{"href":"https:\/\/www.europesays.com\/fr\/wp-json\/wp\/v2\/posts\/755178","targetHints":{"allow":["GET"]}}],"collection":[{"href":"https:\/\/www.europesays.com\/fr\/wp-json\/wp\/v2\/posts"}],"about":[{"href":"https:\/\/www.europesays.com\/fr\/wp-json\/wp\/v2\/types\/post"}],"author":[{"embeddable":true,"href":"https:\/\/www.europesays.com\/fr\/wp-json\/wp\/v2\/users\/2"}],"replies":[{"embeddable":true,"href":"https:\/\/www.europesays.com\/fr\/wp-json\/wp\/v2\/comments?post=755178"}],"version-history":[{"count":0,"href":"https:\/\/www.europesays.com\/fr\/wp-json\/wp\/v2\/posts\/755178\/revisions"}],"wp:featuredmedia":[{"embeddable":true,"href":"https:\/\/www.europesays.com\/fr\/wp-json\/wp\/v2\/media\/755179"}],"wp:attachment":[{"href":"https:\/\/www.europesays.com\/fr\/wp-json\/wp\/v2\/media?parent=755178"}],"wp:term":[{"taxonomy":"category","embeddable":true,"href":"https:\/\/www.europesays.com\/fr\/wp-json\/wp\/v2\/categories?post=755178"},{"taxonomy":"post_tag","embeddable":true,"href":"https:\/\/www.europesays.com\/fr\/wp-json\/wp\/v2\/tags?post=755178"}],"curies":[{"name":"wp","href":"https:\/\/api.w.org\/{rel}","templated":true}]}}