{"id":75523,"date":"2025-05-05T01:20:12","date_gmt":"2025-05-05T01:20:12","guid":{"rendered":"https:\/\/www.europesays.com\/fr\/75523\/"},"modified":"2025-05-05T01:20:12","modified_gmt":"2025-05-05T01:20:12","slug":"rc-lens-comment-le-craquage-fatal-des-lyonnais-en-ligue-1-est-symbolise-par-trois-folies","status":"publish","type":"post","link":"https:\/\/www.europesays.com\/fr\/75523\/","title":{"rendered":"RC Lens\u00a0: Comment le craquage fatal des Lyonnais en Ligue 1 est symbolis\u00e9 par trois folies"},"content":{"rendered":"<p>Au Parc OL,<\/p>\n<p>C\u2019est une bonne situation \u00e7a, la <a href=\"https:\/\/www.20minutes.fr\/sport\/ligue-europa-conference\/\" class=\"color-ultramarine c-link\" target=\"_blank\" rel=\"noopener\">Ligue Conf\u00e9rence<\/a>\u00a0? La perspective de batailler avec Djurgardens, le Legia Varsovie, le NK Celje et Jagiellonia Bialystok (tous quarts-de-finalistes de cette C4 en\u00a02025) n&rsquo;excitera pas de sit\u00f4t les supporteurs de l\u2019<a href=\"https:\/\/www.20minutes.fr\/sport\/ol\/\" class=\"color-ultramarine c-link\" target=\"_blank\" rel=\"noopener\">OL<\/a>. Mais ces affiches sont depuis ce dimanche bien plus probables \u00e0 Lyon qu\u2019un retour en <a href=\"https:\/\/www.20minutes.fr\/sport\/ligue_des_champions\/\" class=\"color-ultramarine c-link\" target=\"_blank\" rel=\"noopener\">Ligue des champions<\/a>, cinq ans apr\u00e8s la parenth\u00e8se enchant\u00e9e du Final 8 \u00e0 Lisbonne.<\/p>\n<p>La faute \u00e0 <a href=\"https:\/\/www.20minutes.fr\/sport\/football\/ligue-1\/4151482-20250504-direct-ol-rc-lens-lyon-refuse-etre-decroche-course-vitale-ligue-champions-suivez-match-ligue-1-16h30\" class=\"color-ultramarine c-link\" target=\"_blank\" rel=\"noopener\">une d\u00e9faite (1-2)<\/a> que personne n\u2019avait vu venir contre un RC Lens (8e) leader du ventre mou en <a href=\"https:\/\/www.20minutes.fr\/sport\/ligue-1\/\" class=\"color-ultramarine c-link\" target=\"_blank\" rel=\"noopener\">Ligue 1<\/a>, et a priori d\u00e9mobilis\u00e9 au vu de la claque subie la semaine pass\u00e9e (0-4 face \u00e0 Auxerre). Mais non, l\u2019OL est tomb\u00e9 dans le pi\u00e8ge et se retrouve 7e et l\u00e2ch\u00e9 (\u00e0 quatre points de Monaco et Marseille, \u00e0 trois de Nice et Strasbourg) au pire moment, \u00e0 deux journ\u00e9es du terme d\u2019une saison palpitante pour la course \u00e0 l\u2019Europe.<\/p>\n<\/p>\n<p>\u00ab\u00a0Il y a \u00e9norm\u00e9ment de d\u00e9ception, c\u2019est un vrai coup dur, reconna\u00eet Moussa Niakhat\u00e9. On avait pour objectif de faire trois victoires en trois matchs et on n\u2019imaginait pas ce sc\u00e9nario. Il y a une certitude\u00a0: on n\u2019a plus notre destin entre nos mains. Mais il y a de l\u2019espoir. On y croit et on va continuer d\u2019y croire jusqu\u2019au bout.\u00a0\u00bb Tout comme lui, Georges Mikautadze a tent\u00e9 de nous\/se convaincre que \u00ab\u00a0tout est encore jouable\u00a0\u00bb. Mais voil\u00e0 surtout en trois points pourquoi ce match symbolise la lose actuelle de l\u2019OL, qui n\u2019aura pas pour la sixi\u00e8me saison de rang cette C1 devenue vitale, sportivement et (surtout) \u00e9conomiquement.<\/p>\n<p>Une stat folle<\/p>\n<p>Entra\u00eeneur adjoint d\u2019un Paulo Fonseca suspendu jusqu\u2019\u00e0 l\u2019automne en Ligue 1, <a href=\"https:\/\/x.com\/beinsports_FR\/status\/1919085113578594479\" rel=\"nofollow\" target=\"_blank\" class=\"color-ultramarine c-link\">Jorge Maciel a vite flair\u00e9 la dinguerie<\/a> sur beIN SPORTS\u00a0: \u00ab\u00a0On est arriv\u00e9 un nombre incalculable de fois dans la surface adverse\u00a0\u00bb. Opta \u00e9tait illico sur le coup pour nous apprendre que <a href=\"https:\/\/x.com\/OptaJean\/status\/1919083394488574108\" rel=\"nofollow\" target=\"_blank\" class=\"color-ultramarine c-link\">l\u2019OL avait explos\u00e9 un record<\/a> en touchant 75 ballons (SOIXANTE-QUINZE BALLONS\u00a0!) dans la surface adverse, soit le plus haut total pour une \u00e9quipe dans un match de Ligue 1 depuis que la soci\u00e9t\u00e9 de statistiques r\u00e9f\u00e9rence collecte ces donn\u00e9es, en 2006-2007.<\/p>\n<p>M\u00eame le <a href=\"https:\/\/www.20minutes.fr\/sport\/psg\/\" class=\"color-ultramarine c-link\" target=\"_blank\" rel=\"noopener\">PSG<\/a> version QSI, avec sa domination outrageuse sur le championnat, n\u2019avait pas sign\u00e9 pareille \u00ab\u00a0prouesse\u00a0\u00bb. 75 ballons dans la surface pour seulement un but tardif (Mikautadze \u00e0 la 79e) et 4 tirs cadr\u00e9s sur 18, comment est-ce possible lorsqu\u2019on associe des profils aussi talentueux que Mikautadze, Cherki, Fofana, Almada et Tolisso\u00a0?<\/p>\n<p>\u00ab\u00a0Finalement il ne s\u2019y passait pas grand-chose dans la surface, conc\u00e8de Jorge Maciel. Quand on veut changer le match, on prend parfois trop l\u2019initiative individuelle, et on tombe dans de l\u2019individualisme dans le dernier tiers du terrain. On n\u2019a pas eu de si grosses occasions que \u00e7a et on n\u2019a pas \u00e9t\u00e9 assez lucides.\u00a0\u00bb Un regret l\u00e9gitime, et une impuissance que ne cachaient pas les joueurs apr\u00e8s cette 10e d\u00e9faite en Ligue 1 (trois de plus que Nice, Strasbourg et Lille).<\/p>\n<p><img decoding=\"async\" alt=\"Facundo Medina a repouss\u00e9 in extremis le danger \u00e0 deux reprises devant Corentin Tolisso, alors que son gardien de but Mathew Ryan \u00e9tait battu. \" class=\"c-img\" loading=\"lazy\" fetchpriority=\"auto\" width=\"718\"  src=\"https:\/\/www.europesays.com\/fr\/wp-content\/uploads\/2025\/05\/1746408011_303_718x0.jpeg; charset=utf-8\" \/>Facundo Medina a repouss\u00e9 in extremis le danger \u00e0 deux reprises devant Corentin Tolisso, alors que son gardien de but Mathew Ryan \u00e9tait battu. \u2002-\u00a0J.-P. Ksiazek \/ AFP<\/p>\n<p>\u00ab\u00a0\u00c7a a \u00e9t\u00e9 compliqu\u00e9 face \u00e0 ce bloc bas, note Georges Mikautadze. On r\u00e9cup\u00e9rait les ballons assez haut (68,5\u00a0% de possession et 637 passes \u00e0 302 ce dimanche) mais c\u2019\u00e9tait difficile de se trouver.\u00a0\u00bb Moussa Niakhat\u00e9 compl\u00e8te\u00a0: \u00ab\u00a0Les Lensois ont fait des sauvetages, leur gardien a fait des arr\u00eats. On n\u2019a pas du tout n\u00e9glig\u00e9 cette \u00e9quipe mais on a but\u00e9 sur cette d\u00e9fense et on a \u00e9norm\u00e9ment manqu\u00e9 de r\u00e9alisme. Si on refait ce match neuf fois, on le gagne neuf fois. Il y avait toujours un pied lensois qui tra\u00eenait\u2026\u00a0\u00bb Comme celui de Facundo Medina, h\u00e9ro\u00efque \u00e0 deux reprises devant sa ligne face \u00e0 <a href=\"https:\/\/www.20minutes.fr\/sport\/corentin-tolisso\/\" class=\"color-ultramarine c-link\" target=\"_blank\" rel=\"noopener\">Corentin Tolisso<\/a> (41e et 75e). Quand \u00e7a ne veut pas\u2026<\/p>\n<p>Un but fou<\/p>\n<p>Le Marseillais Jonathan Rowe et le Lensois Anass Zaroury ont deux points communs\u00a0: \u00eatre des attaquants ayant travers\u00e9 leur premi\u00e8re saison en Ligue 1 de mani\u00e8re quasiment anonyme (avec respectivement 3 buts et 1 but en 26 matchs), mais surtout avoir sign\u00e9 le m\u00eame coup d\u2019\u00e9clat pour glacer le Parc OL, \u00e0 savoir un golazo en lulu de 25 m c\u00f4t\u00e9 gauche.<\/p>\n<p><a href=\"https:\/\/x.com\/beinsports_FR\/status\/1919080043571023910\" rel=\"nofollow\" target=\"_blank\" class=\"color-ultramarine c-link\">Au micro de beIN SPORTS<\/a>, le Marocain de 24 ans du RC Lens, encore muet donc jusqu\u2019\u00e0 ce dimanche en L1, glissait en se marrant\u00a0: \u00ab\u00a0C\u2019est une technique de frappe que j\u2019ai su montrer \u00e0 l\u2019entra\u00eenement jusqu\u2019\u00e0 pr\u00e9sent, et je suis tr\u00e8s content que \u00e7a sorte maintenant en match\u00a0\u00bb. C\u2019est donc tomb\u00e9 sur un OL abattu par ce coup de canon fatal (1-2, 85e), comme il l\u2019avait \u00e9t\u00e9 <a href=\"https:\/\/www.20minutes.fr\/sport\/football\/ligue-1\/4111339-20240923-ol-om-honte-fiasco-olympico-peut-plomber-saison-lyonnaise\" class=\"color-ultramarine c-link\" target=\"_blank\" rel=\"noopener\">par Rowe et l\u2019OM en septembre<\/a> (2-3, 90e+\u00a05).<\/p>\n<p class=\"mb-m@xs text-l@xs\">En cliquant sur\u00ab J\u2019accepte \u00bb, vous acceptez le d\u00e9p\u00f4t de cookies par des services externes et aurez ainsi acc\u00e8s aux contenus de nos partenaires.<\/p>\n<p class=\"mb-xl@xs text-s@xs\">Plus d\u2019informations sur la page<a href=\"https:\/\/www.20minutes.fr\/gestion-cookies\" class=\"mx-xxs@xs color-ultramarine\" target=\"_blank\" rel=\"noopener\">Politique de gestion des cookies<\/a><\/p>\n<p>J\u2019accepte<\/p>\n<p>Mais si Moussa Niakhat\u00e9 \u00e9voque avec fatalit\u00e9 un but \u00ab\u00a0venu d\u2019ailleurs, exceptionnel\u00a0\u00bb, Georges Mikautadze ne cache pas ses regrets\u00a0: \u00ab\u00a0On prend deux buts qu\u2019on peut \u00e9viter, surtout le deuxi\u00e8me o\u00f9 on ne sort pas dessus. Il est tout seul pendant cinq ou dix secondes et il a temps de pr\u00e9parer sa frappe\u00a0\u00bb. L\u2019OL est ainsi devenu expert dans l\u2019art du recul, que ce soit face \u00e0 Bruno Fernandes, Casemiro, Lucas Stassin ou d\u00e9sormais Anass Zaroury.<\/p>\n<p>Une main folle<\/p>\n<p>Pour compl\u00e9ter le tableau de la lose qui s\u2019abat depuis trois semaines sur l\u2019OL, il faut reconna\u00eetre que les d\u00e9cisions arbitrales lui sont actuellement d\u00e9favorables. Ainsley Maitland-Niles (45e+\u00a02, l\u00e9ger accrochage de Mendy) et surtout <a href=\"https:\/\/www.20minutes.fr\/sport\/football\/rayan-cherki\/\" class=\"color-ultramarine c-link\" target=\"_blank\" rel=\"noopener\">Rayan Cherki<\/a> (76e, mini mini obstruction d\u2019El Aynaoui) ont sans doute eu le tort de trop tenter de provoquer un penalty ce dimanche.<\/p>\n<p><img decoding=\"async\" alt=\"Juma a repouss\u00e9 de la main gauche une frappe de Matic ce dimanche.\" class=\"c-img\" loading=\"lazy\" fetchpriority=\"auto\" width=\"718\"  src=\"https:\/\/www.europesays.com\/fr\/wp-content\/uploads\/2025\/05\/718x0-0.1x0.1-98.93684328555213.jpeg; charset=utf-8\" \/>Juma a repouss\u00e9 de la main gauche une frappe de Matic ce dimanche.\u2002-\u00a0Capture d&rsquo;\u00e9cran beIN SPORTS<\/p>\n<p>Mais une situation bien plus litigieuse a eu lieu en premi\u00e8re p\u00e9riode, lorsque Nemanja Matic a arm\u00e9 une frappe frein\u00e9e par Juma Bah\u2026 de la main gauche (42e). Le d\u00e9fenseur lensois s\u2019est jet\u00e9 et a certes l\u00e9g\u00e8rement touch\u00e9 le ballon du pied avant, mais sa position de bras gu\u00e8re naturelle et la trajectoire totalement alt\u00e9r\u00e9e du ballon auraient pu pousser J\u00e9r\u00e9my Stinat et ses assistants VAR \u00e0 opter pour le penalty que tout le stade r\u00e9clamait.<\/p>\n<p><a href=\"https:\/\/www.20minutes.fr\/sport\/ol\/\" class=\"c-link c-btn c-btn--primary\" target=\"_blank\" rel=\"noopener\">Notre dossier sur l&rsquo;OL<\/a><\/p>\n<p>Embourb\u00e9s dans une vilaine passe dans le money time de la saison, les hommes de Paulo Fonseca n\u2019ont donc pas non plus le mojo vis-\u00e0-vis du corps arbitral, de l\u2019expulsion de Tolisso \u00e0 Old Trafford \u00e0 <a href=\"https:\/\/x.com\/SocialGones\/status\/1919090121447444722\" rel=\"nofollow\" target=\"_blank\" class=\"color-ultramarine c-link\">ce non-penalty contre Bah<\/a> qui affole les r\u00e9seaux sociaux, en passant par <a href=\"https:\/\/www.20minutes.fr\/sport\/football\/ligue-1\/4149552-20250421-asse-ol-scandale-comment-letexier-pu-annuler-expulsion-stassin-malgre-blessure-tolisso\" class=\"color-ultramarine c-link\" target=\"_blank\" rel=\"noopener\">la non-exclusion lunaire de Stassin<\/a> dans le derby.<\/p>\n","protected":false},"excerpt":{"rendered":"Au Parc OL, C\u2019est une bonne situation \u00e7a, la Ligue Conf\u00e9rence\u00a0? La perspective de batailler avec Djurgardens, le&hellip;\n","protected":false},"author":2,"featured_media":75524,"comment_status":"","ping_status":"","sticky":false,"template":"","format":"standard","meta":{"footnotes":""},"categories":[2],"tags":[11,8487,2430,63,1011,27,66,447,2428,12,2853,2264,25,2429,2431,517],"class_list":{"0":"post-75523","1":"post","2":"type-post","3":"status-publish","4":"format-standard","5":"has-post-thumbnail","7":"category-actualites","8":"tag-actualites","9":"tag-arbitrage","10":"tag-auvergne-rhone-alpes","11":"tag-football","12":"tag-fr","13":"tag-france","14":"tag-ligue-1","15":"tag-ligue-des-champions","16":"tag-lyon","17":"tag-news","18":"tag-olympique-lyonnais-ol","19":"tag-rc-lens","20":"tag-republique-francaise","21":"tag-rhone","22":"tag-rhone-alpes","23":"tag-sport"},"share_on_mastodon":{"url":"https:\/\/pubeurope.com\/@fr\/114452602949233986","error":""},"_links":{"self":[{"href":"https:\/\/www.europesays.com\/fr\/wp-json\/wp\/v2\/posts\/75523","targetHints":{"allow":["GET"]}}],"collection":[{"href":"https:\/\/www.europesays.com\/fr\/wp-json\/wp\/v2\/posts"}],"about":[{"href":"https:\/\/www.europesays.com\/fr\/wp-json\/wp\/v2\/types\/post"}],"author":[{"embeddable":true,"href":"https:\/\/www.europesays.com\/fr\/wp-json\/wp\/v2\/users\/2"}],"replies":[{"embeddable":true,"href":"https:\/\/www.europesays.com\/fr\/wp-json\/wp\/v2\/comments?post=75523"}],"version-history":[{"count":0,"href":"https:\/\/www.europesays.com\/fr\/wp-json\/wp\/v2\/posts\/75523\/revisions"}],"wp:featuredmedia":[{"embeddable":true,"href":"https:\/\/www.europesays.com\/fr\/wp-json\/wp\/v2\/media\/75524"}],"wp:attachment":[{"href":"https:\/\/www.europesays.com\/fr\/wp-json\/wp\/v2\/media?parent=75523"}],"wp:term":[{"taxonomy":"category","embeddable":true,"href":"https:\/\/www.europesays.com\/fr\/wp-json\/wp\/v2\/categories?post=75523"},{"taxonomy":"post_tag","embeddable":true,"href":"https:\/\/www.europesays.com\/fr\/wp-json\/wp\/v2\/tags?post=75523"}],"curies":[{"name":"wp","href":"https:\/\/api.w.org\/{rel}","templated":true}]}}