{"id":755274,"date":"2026-02-23T23:50:13","date_gmt":"2026-02-23T23:50:13","guid":{"rendered":"https:\/\/www.europesays.com\/fr\/755274\/"},"modified":"2026-02-23T23:50:13","modified_gmt":"2026-02-23T23:50:13","slug":"jai-honte-six-mois-de-prison-pour-un-ancien-pro-apres-lagression-dune-policiere-a-rennes","status":"publish","type":"post","link":"https:\/\/www.europesays.com\/fr\/755274\/","title":{"rendered":"\u00ab\u00a0J&rsquo;ai honte\u00a0\u00bb, six mois de prison pour un ancien pro apr\u00e8s l&rsquo;agression d&rsquo;une polici\u00e8re \u00e0 Rennes"},"content":{"rendered":"<p>En pleine intervention \u00e0 Rennes dans la nuit de samedi \u00e0 dimanche, une polici\u00e8re de 45 ans a \u00e9t\u00e9 violemment agress\u00e9e par un homme fortement alcoolis\u00e9, identifi\u00e9 comme un ancien joueur professionnel de football form\u00e9 au Stade Rennais et pass\u00e9 par Caen.<\/p>\n<p>Un ancien footballeur est dans la tourmente. Dans la nuit de samedi \u00e0 dimanche, une rixe a \u00e9clat\u00e9 aux abords d&rsquo;un bar de Rennes situ\u00e9 au Mail Fran\u00e7ois Mitterrand. En pleine intervention des forces de l&rsquo;ordre qui contr\u00f4laient les identit\u00e9s apr\u00e8s avoir dispers\u00e9 le groupe de bagarreurs, une polici\u00e8re de 45 ans a \u00e9t\u00e9 violemment agress\u00e9e par un quarantenaire, fortement alcoolis\u00e9, identifi\u00e9 comme un ancien footballeur professionnel.<\/p>\n<p>Si son identit\u00e9 n&rsquo;a pas \u00e9t\u00e9 d\u00e9voil\u00e9e, selon les informations de <a href=\"https:\/\/france3-regions.franceinfo.fr\/bretagne\/ille-et-vilaine\/rennes\/un-ancien-joueur-de-football-professionnel-frappe-une-policiere-et-lui-casse-le-nez-apres-une-rixe-a-la-sortie-d-un-bar-3303723.html\" target=\"_blank\" class=\"external_link\" rel=\"nofollow noopener\">France 3 Bretagne<\/a>, il s&rsquo;agirait d&rsquo;un ancien joueur issu du centre de formation du <a href=\"https:\/\/rmcsport.bfmtv.com\/football\/ligue-1\/stade-rennais-ou-racing-club-de-rennes-franck-haise-en-terrain-connu-avant-sa-premiere-bretonne_AV-202602200719.html\" title=\"Stade Rennais ou &quot;Racing Club de Rennes&quot;? Franck Haise en terrain connu avant sa premi\u00e8re bretonne\" class=\"internal_link\" rel=\"nofollow noopener\" target=\"_blank\">Stade Rennais<\/a> et pass\u00e9 par Caen. Toujours selon les \u00e9l\u00e9ments du m\u00e9dia r\u00e9gional, l&rsquo;individu a \u00e9t\u00e9 ma\u00eetris\u00e9 avec difficult\u00e9, les agents de s\u00e9curit\u00e9 de l&rsquo;\u00e9tablissement nocturne apportant leur aide aux policiers.<\/p>\n<p>Ivre au moment des faits, l&rsquo;ancien joueur au casier judiciaire vierge assure n&rsquo;avoir aucun souvenir de la sc\u00e8ne mais ne contester aucunement les faits qui lui sont reproch\u00e9s.<\/p>\n<p>Six mois ferme avec bracelet \u00e9lectronique magr\u00e9 ses excuses et sa \u00ab\u00a0honte\u00a0\u00bb<\/p>\n<p>D&rsquo;abord plac\u00e9 en garde \u00e0 vue puis plac\u00e9 sous contr\u00f4le judiciaire en attendant sa convocation au tribunal, l&rsquo;agresseur est finalement pass\u00e9 en comparution imm\u00e9diate ce lundi. Selon France 3 Bretagne, la polici\u00e8re qu&rsquo;il a agress\u00e9 a fini inconsciente lors de son transport au CHU de Rennes, ressortant avec trois jours d&rsquo;Incapacit\u00e9 Temporaire de Travail (ITT). D&rsquo;apr\u00e8s <a href=\"https:\/\/www.ouest-france.fr\/societe\/faits-divers\/jai-honte-un-ancien-footballeur-professionnel-condamne-pour-avoir-fracture-le-nez-dune-policiere-a-rennes-9013484a-10d5-11f1-8e97-58d10b9feb4d\" target=\"_blank\" class=\"external_link\" rel=\"nofollow noopener\">Ouest-France<\/a>, la polici\u00e8re a une double fracture du nez et une entorse au pouce.<\/p>\n<p>\u00ab\u00a0Du fond du c\u0153ur je suis d\u00e9sol\u00e9e, en aucun cas je n\u2019aurais voulu vous faire du mal, l\u2019alcool n\u2019excuse pas tout\u00a0\u00bb, s&rsquo;est excus\u00e9 l&rsquo;ancien footballeur depuis la barre du tribunal cit\u00e9 par le m\u00e9dial local.<\/p>\n<blockquote class=\"embed embed_quote\"><p>\u00ab\u00a0J\u2019ai honte\u00a0\u00bb<\/p><\/blockquote>\n<p>Si la polici\u00e8re a accept\u00e9 les excuses de son agresseur lors de sa comparution devant la justice, le tribunal l&rsquo;a condamn\u00e9 \u00e0 six mois de prison ferme sous bracelet \u00e9lectronique et six mois avec sursis.<\/p>\n","protected":false},"excerpt":{"rendered":"En pleine intervention \u00e0 Rennes dans la nuit de samedi \u00e0 dimanche, une polici\u00e8re de 45 ans a&hellip;\n","protected":false},"author":2,"featured_media":473925,"comment_status":"","ping_status":"","sticky":false,"template":"","format":"standard","meta":{"footnotes":"","_share_on_mastodon":"0"},"categories":[2821],"tags":[1111,11,829,1777,674,1011,27,12,584,25],"class_list":["post-755274","post","type-post","status-publish","format-standard","has-post-thumbnail","category-rennes","tag-actu","tag-actualites","tag-bretagne","tag-eu","tag-europe","tag-fr","tag-france","tag-news","tag-rennes","tag-republique-francaise"],"share_on_mastodon":{"url":"https:\/\/pubeurope.com\/@fr\/116122630584027086","error":""},"_links":{"self":[{"href":"https:\/\/www.europesays.com\/fr\/wp-json\/wp\/v2\/posts\/755274","targetHints":{"allow":["GET"]}}],"collection":[{"href":"https:\/\/www.europesays.com\/fr\/wp-json\/wp\/v2\/posts"}],"about":[{"href":"https:\/\/www.europesays.com\/fr\/wp-json\/wp\/v2\/types\/post"}],"author":[{"embeddable":true,"href":"https:\/\/www.europesays.com\/fr\/wp-json\/wp\/v2\/users\/2"}],"replies":[{"embeddable":true,"href":"https:\/\/www.europesays.com\/fr\/wp-json\/wp\/v2\/comments?post=755274"}],"version-history":[{"count":0,"href":"https:\/\/www.europesays.com\/fr\/wp-json\/wp\/v2\/posts\/755274\/revisions"}],"wp:featuredmedia":[{"embeddable":true,"href":"https:\/\/www.europesays.com\/fr\/wp-json\/wp\/v2\/media\/473925"}],"wp:attachment":[{"href":"https:\/\/www.europesays.com\/fr\/wp-json\/wp\/v2\/media?parent=755274"}],"wp:term":[{"taxonomy":"category","embeddable":true,"href":"https:\/\/www.europesays.com\/fr\/wp-json\/wp\/v2\/categories?post=755274"},{"taxonomy":"post_tag","embeddable":true,"href":"https:\/\/www.europesays.com\/fr\/wp-json\/wp\/v2\/tags?post=755274"}],"curies":[{"name":"wp","href":"https:\/\/api.w.org\/{rel}","templated":true}]}}