{"id":75539,"date":"2025-05-05T01:31:10","date_gmt":"2025-05-05T01:31:10","guid":{"rendered":"https:\/\/www.europesays.com\/fr\/75539\/"},"modified":"2025-05-05T01:31:10","modified_gmt":"2025-05-05T01:31:10","slug":"caroline-vigneaux-sein-nu-paul-mirabel-et-thomas-jolly-des-jo-a-lhonneur-voici-ce-que-vous-navez-sans-doute-pas-vu-lors-du-flop-des-molieres-2025","status":"publish","type":"post","link":"https:\/\/www.europesays.com\/fr\/75539\/","title":{"rendered":"Caroline Vigneaux sein nu, Paul Mirabel et Thomas Jolly des JO \u00e0 l&rsquo;honneur\u00a0: voici ce que vous n&rsquo;avez sans doute pas vu lors du flop des Moli\u00e8res 2025"},"content":{"rendered":"<p class=\"ap-StoryElement ap-StoryElement--mb ap-StoryText\">Et pourtant, Caroline Vigneaux avait mis les bouch\u00e9es doubles pour sa deuxi\u00e8me fois aux commandes de la c\u00e9r\u00e9monie. Celle qui avait <a href=\"https:\/\/www.dhnet.be\/medias\/divers\/2024\/10\/08\/caroline-vigneaux-victime-de-viol-en-devenant-humoriste-je-me-sens-encore-plus-utile-que-comme-avocate-ASX757AKLVF5XLSTZFQDCXE2FU\/\" target=\"_blank\" rel=\"noopener\">d\u00e9j\u00e0 pr\u00e9sent\u00e9 avec brio le gala t\u00e9l\u00e9vis\u00e9 lors du dernier Festival International du Rire de Li\u00e8g<\/a>e s&rsquo;est en effet fait remarquer d\u00e8s son entr\u00e9e de sc\u00e8ne au th\u00e9\u00e2tre des Folies Berg\u00e8res \u00e0 Paris. La 36e Nuit des Moli\u00e8res s&rsquo;est en effet ouverte par une performance de la troupe de la com\u00e9die musicale Les Mis\u00e9rables avant que la ma\u00eetresse de c\u00e9r\u00e9monie ne les rejoigne\u2026 v\u00eatue d&rsquo;une robe blanche, coiff\u00e9e d&rsquo;un bonnet phrygien, brandissant un drapeau fran\u00e7ais et avec un sein d\u00e9couvert.\u00a0\u00bb<\/p>\n<blockquote class=\"ap-StoryQuote ap-StoryQuote--blockquote\">\n<p class=\"ap-StoryQuote-text\">\u00ab\u00a0L&rsquo;ann\u00e9e derni\u00e8re, elle n&rsquo;avait pas de soutif sous son t-shirt, cette ann\u00e9e elle n&rsquo;a m\u00eame plus de t-shirt&#8230; Vivement l&rsquo;ann\u00e9e prochaine !\u00a0\u00bb<\/p>\n<\/blockquote>\n<p class=\"ap-StoryElement ap-StoryElement--mb ap-StoryText\">Un tableau en hommage \u00e0 La Libert\u00e9 guidant le peuple d&rsquo;Eug\u00e8ne Delacroix.\u00a0\u00bb Bonsoir Les Moli\u00e8res !, scande-t-elle d&rsquo;entr\u00e9e de jeu et sous les acclamations de la salle. Et merci, Les Mis\u00e9rables\u2026 Et oui, en ce moment, la Libert\u00e9 se sent parfois bien seule pour guider le peuple\u00a0\u00bb.<\/p>\n<p class=\"ap-StoryElement ap-StoryElement--mb ap-StoryText\">Si la ministre de la Culture Rachida Dati semblait rester de marbre face \u00e0 cet affront, l&rsquo;animateur Nagui et sa compagne M\u00e9lanie Page \u00e9taient eux, par contre hilares. \u00ab\u00a0Je sais ce que vous \u00eates en train de vous dire. &lsquo;L&rsquo;ann\u00e9e derni\u00e8re, elle n&rsquo;avait pas de soutif sous son t-shirt, cette ann\u00e9e elle n&rsquo;a m\u00eame plus de t-shirt\u2026 Vivement l&rsquo;ann\u00e9e prochaine !&rsquo;, poursuit l&rsquo;humoriste sur sc\u00e8ne. En tout cas, cette ann\u00e9e, oui, c&rsquo;est encore moi et \u00e7a, c&rsquo;est une bonne surprise ! Enfin, oui, si, quand m\u00eame. C&rsquo;est m\u00eame une excellente surprise sauf pour ceux qui n&rsquo;avaient pas aim\u00e9 l&rsquo;ann\u00e9e derni\u00e8re. L\u00e0\u2026 Cheh !\u00a0\u00bb<\/p>\n<p><b>\u00ab\u00a0C&rsquo;est le Moli\u00e8re du peuple\u00a0\u00bb : Paul Mirabel, Moli\u00e8re de l&rsquo;humour<\/b><\/p>\n<p class=\"ap-StoryElement ap-StoryElement--mb ap-StoryText\">Le<a href=\"https:\/\/www.dhnet.be\/dernieres-depeches\/2025\/04\/29\/molieres-2025-ceremonies-des-jo-saluees-la-recompense-echappe-au-belge-christian-hecq-5UXKZQLR2ZGNJMWEI4E23KFDP4\/\" target=\"_blank\" rel=\"noopener\"> palmar\u00e8s de cette 36e Nuit des Moli\u00e8res<\/a> semblait logique d&rsquo;apr\u00e8s les observateurs. \u00c0 commencer par le <a href=\"https:\/\/www.dhnet.be\/medias\/television\/2024\/07\/31\/au-debut-les-jo-etaient-naturistes-quand-philippe-katerine-choque-la-planete-sauf-la-chine-OJ63I5SVUBCONHHQAM6SLG5BTA\/\" target=\"_blank\" rel=\"noopener\">metteur en sc\u00e8ne des c\u00e9r\u00e9monies des JO, <\/a>Thomas Jolly, qui multiplie les troph\u00e9es cette ann\u00e9e. L&rsquo;homme a \u00e9t\u00e9 tr\u00e8s \u00e9mu en recevant un Moli\u00e8re d&rsquo;honneur.<\/p>\n<p class=\"ap-StoryElement ap-StoryElement--mb ap-StoryText\">Quant \u00e0 Paul Mirabel,<a href=\"https:\/\/www.dhnet.be\/medias\/series\/2022\/10\/08\/francois-damiens-jonathan-cohen-gad-elmaleh-virginie-efira-la-saison-3-de-lol-qui-rit-sort-soffre-un-casting-de-luxe-WYIBA3CM45CANKDZZVKN4WBGRQ\/\" target=\"_blank\" rel=\"noopener\"> l&rsquo;humoriste star du moment <\/a>a \u00e9t\u00e9 prim\u00e9 du Moli\u00e8re de l&rsquo;humour pour son spectacle Par amour. Le comique de 29 ans, qui sera en spectacle en mars 2026 \u00e0 Forest National avant l&rsquo;Accor Arena de Paris en avril 2026, \u00e9tait le premier surpris malgr\u00e9 les nombreuses salles qu&rsquo;il remplit en un temps record.<\/p>\n<p class=\"ap-StoryElement ap-StoryElement--mb ap-StoryText\">\u00ab\u00a0\u00c9coutez, j&rsquo;avais \u00e9crit un discours mais j&rsquo;\u00e9tais tellement s\u00fbr de ne pas l&rsquo;avoir que je ne l&rsquo;ai pas pris donc euh\u2026, commence-t-il avant de remercier toutes ses \u00e9quipes m\u00eame si son spectacle est un \u00ab\u00a0one man\u00a0\u00bb show. Sans oublier un petit trait d&rsquo;humour sur son parcours atypique. \u00ab\u00a0Merci au cours Florent de ne pas m&rsquo;avoir gard\u00e9 en me disant que le stand-up n&rsquo;\u00e9tait pas un art \u00e0 part enti\u00e8re. Donc je suis content de vous avoir prouv\u00e9 le contraire.\u00a0\u00bb<\/p>\n<p class=\"ap-StoryElement ap-StoryElement--mb ap-StoryText\">Un troph\u00e9e &#8211;\u00a0\u00bb le Moli\u00e8re du peuple\u00a0\u00bb comme il a \u00e9t\u00e9 dit durant la c\u00e9r\u00e9monie- qu&rsquo;il d\u00e9die avant tout \u00e0 sa maman. Sur les r\u00e9seaux sociaux, il a poursuivi son message en guise de conclusion. \u00ab\u00a0Merci du fond du c\u0153ur pour cette r\u00e9compense totalement zinzin. Merci \u00e0 l&rsquo;acad\u00e9mie des Moli\u00e8res d&rsquo;avoir vot\u00e9 pour moi et de donner du sens \u00e0 ce m\u00e9tier bizarre qui consiste \u00e0 raconter des histoires encore plus bizarres devant des inconnus. Et enfin merci la vie pour tous ces souvenirs, le petit enfant timide qui n&rsquo;arrivait pas \u00e0 parler devant sa classe \u00e0 Montpellier vous sera \u00e0 jamais reconnaissant !\u00a0\u00bb<\/p>\n","protected":false},"excerpt":{"rendered":"Et pourtant, Caroline Vigneaux avait mis les bouch\u00e9es doubles pour sa deuxi\u00e8me fois aux commandes de la c\u00e9r\u00e9monie.&hellip;\n","protected":false},"author":2,"featured_media":75540,"comment_status":"","ping_status":"","sticky":false,"template":"","format":"standard","meta":{"footnotes":""},"categories":[1359],"tags":[58,59,18038,1011,27,973],"class_list":{"0":"post-75539","1":"post","2":"type-post","3":"status-publish","4":"format-standard","5":"has-post-thumbnail","7":"category-people","8":"tag-divertissement","9":"tag-entertainment","10":"tag-forest","11":"tag-fr","12":"tag-france","13":"tag-people"},"share_on_mastodon":{"url":"https:\/\/pubeurope.com\/@fr\/114452645958078346","error":""},"_links":{"self":[{"href":"https:\/\/www.europesays.com\/fr\/wp-json\/wp\/v2\/posts\/75539","targetHints":{"allow":["GET"]}}],"collection":[{"href":"https:\/\/www.europesays.com\/fr\/wp-json\/wp\/v2\/posts"}],"about":[{"href":"https:\/\/www.europesays.com\/fr\/wp-json\/wp\/v2\/types\/post"}],"author":[{"embeddable":true,"href":"https:\/\/www.europesays.com\/fr\/wp-json\/wp\/v2\/users\/2"}],"replies":[{"embeddable":true,"href":"https:\/\/www.europesays.com\/fr\/wp-json\/wp\/v2\/comments?post=75539"}],"version-history":[{"count":0,"href":"https:\/\/www.europesays.com\/fr\/wp-json\/wp\/v2\/posts\/75539\/revisions"}],"wp:featuredmedia":[{"embeddable":true,"href":"https:\/\/www.europesays.com\/fr\/wp-json\/wp\/v2\/media\/75540"}],"wp:attachment":[{"href":"https:\/\/www.europesays.com\/fr\/wp-json\/wp\/v2\/media?parent=75539"}],"wp:term":[{"taxonomy":"category","embeddable":true,"href":"https:\/\/www.europesays.com\/fr\/wp-json\/wp\/v2\/categories?post=75539"},{"taxonomy":"post_tag","embeddable":true,"href":"https:\/\/www.europesays.com\/fr\/wp-json\/wp\/v2\/tags?post=75539"}],"curies":[{"name":"wp","href":"https:\/\/api.w.org\/{rel}","templated":true}]}}