{"id":755414,"date":"2026-02-24T01:38:21","date_gmt":"2026-02-24T01:38:21","guid":{"rendered":"https:\/\/www.europesays.com\/fr\/755414\/"},"modified":"2026-02-24T01:38:21","modified_gmt":"2026-02-24T01:38:21","slug":"lyon-face-aux-futurs-travaux-du-boulevard-le-marche-de-la-croix-rousse-veut-se-faire-entendre","status":"publish","type":"post","link":"https:\/\/www.europesays.com\/fr\/755414\/","title":{"rendered":"Lyon : face aux futurs travaux du boulevard, le march\u00e9 de la Croix-Rousse veut se faire entendre"},"content":{"rendered":"<p>Avec les nouveaux am\u00e9nagements pr\u00e9vus sur le boulevard de la Croix-Rousse dans le futur, les vendeurs du march\u00e9 ne sont pas sereins. D&rsquo;apr\u00e8s eux, les travaux vont desservir le march\u00e9 croix-roussien.<\/p>\n<p>Pas touche \u00e0 mon march\u00e9 ! \u00c0 Lyon, les forains de la Croix-Rousse sont inquiets : avec <a class=\"url\" href=\"https:\/\/www.radioscoop.com\/infos\/lyon-le-boulevard-de-la-croix-rousse-va-faire-peau-neuve_329448\" target=\"_blank\" rel=\"nofollow noopener\">les futurs am\u00e9nagements<\/a> pr\u00e9vus sur ce boulevard tr\u00e8s fr\u00e9quent\u00e9, ils craignent que des emplacements soient supprim\u00e9s.<\/p>\n<p>Le march\u00e9 de la Croix-Rousse, \u00ab\u00a0une institution\u00a0\u00bb<\/p>\n<p>Ces derni\u00e8res semaines, tous les mardis (jour du march\u00e9), ils se sont rassembl\u00e9s pour se faire entendre. C&rsquo;est notamment le cas de V\u00e9ronique, vendeuse de chaussettes sur le march\u00e9 de la Croix-Rousse.<\/p>\n<p>Cette derni\u00e8re d\u00e9plore que son existence, et celle des autres vendeurs, ne soit pas prise en consid\u00e9ration \u00e0 travers les futurs travaux :<\/p>\n<blockquote><p>\u00ab\u00a0Ce march\u00e9 est une institution. Les trottoirs ne doivent pas seulement \u00eatre beaux. Ils servent aussi au lien social, aux interactions entre les personnes. Des clients du march\u00e9 viennent ici pour rencontrer les gens. Pour certains, c&rsquo;est le seul moment de la semaine o\u00f9 ils peuvent faire des rencontres.\u00a0\u00bb<\/p><\/blockquote>\n<p>Pas une place du march\u00e9 ne sera supprim\u00e9e<\/p>\n<p>Contact\u00e9e par Radio SCOOP, la Ville de Lyon rappelle que ce projet de r\u00e9am\u00e9nagement du boulevard de la Croix-Rousse vise \u00e0 mieux partager l&rsquo;espace entre les forains, les commer\u00e7ants et les riverains.<\/p>\n<p>L&rsquo;un des objectifs est de faciliter l&rsquo;acc\u00e8s aux pi\u00e9tons, mais la mairie \u00e9cologiste veut aussi mettre l&rsquo;accent sur la v\u00e9g\u00e9talisation, avec notamment une centaine de nouveaux arbres plant\u00e9s.<\/p>\n<p>\u00ab\u00a0De nombreux temps d&rsquo;\u00e9changes ont eu lieu depuis 2021\u00a0\u00bb, rappellent les \u00e9lus lyonnais. <b>Aucune place du march\u00e9 ne sera supprim\u00e9e.<\/b><\/p>\n<p><img loading=\"lazy\" decoding=\"async\" src=\"https:\/\/www.europesays.com\/fr\/wp-content\/uploads\/2026\/02\/1771897101_361_img.png\" width=\"350\" height=\"200\" border=\"0\" title=\"Quelques minutes en moins sur le trajet de ce bus TCL \u00c3\u00a0 l'ouest de Lyon\"\/><\/p>\n<p>\u25baTransport<\/p>\n<p style=\"font-size: 22px;\"><b>Ouest de Lyon : les usagers de cette ligne de bus vont gagner quelques minutes sur leur trajet<\/b><\/p>\n<p>Pour am\u00e9liorer la r\u00e9gularit\u00e9, r\u00e9duire le temps&#8230;<\/p>\n<p><\/p>\n","protected":false},"excerpt":{"rendered":"Avec les nouveaux am\u00e9nagements pr\u00e9vus sur le boulevard de la Croix-Rousse dans le futur, les vendeurs du march\u00e9&hellip;\n","protected":false},"author":2,"featured_media":755415,"comment_status":"","ping_status":"","sticky":false,"template":"","format":"standard","meta":{"footnotes":"","_share_on_mastodon":"0"},"categories":[1889],"tags":[1111,11,2430,2838,1777,674,1011,27,2428,18005,12,25,2086],"class_list":["post-755414","post","type-post","status-publish","format-standard","has-post-thumbnail","category-lyon","tag-actu","tag-actualites","tag-auvergne-rhone-alpes","tag-croix-rousse","tag-eu","tag-europe","tag-fr","tag-france","tag-lyon","tag-march","tag-news","tag-republique-francaise","tag-travaux"],"share_on_mastodon":{"url":"https:\/\/pubeurope.com\/@fr\/116123055386843951","error":""},"_links":{"self":[{"href":"https:\/\/www.europesays.com\/fr\/wp-json\/wp\/v2\/posts\/755414","targetHints":{"allow":["GET"]}}],"collection":[{"href":"https:\/\/www.europesays.com\/fr\/wp-json\/wp\/v2\/posts"}],"about":[{"href":"https:\/\/www.europesays.com\/fr\/wp-json\/wp\/v2\/types\/post"}],"author":[{"embeddable":true,"href":"https:\/\/www.europesays.com\/fr\/wp-json\/wp\/v2\/users\/2"}],"replies":[{"embeddable":true,"href":"https:\/\/www.europesays.com\/fr\/wp-json\/wp\/v2\/comments?post=755414"}],"version-history":[{"count":0,"href":"https:\/\/www.europesays.com\/fr\/wp-json\/wp\/v2\/posts\/755414\/revisions"}],"wp:featuredmedia":[{"embeddable":true,"href":"https:\/\/www.europesays.com\/fr\/wp-json\/wp\/v2\/media\/755415"}],"wp:attachment":[{"href":"https:\/\/www.europesays.com\/fr\/wp-json\/wp\/v2\/media?parent=755414"}],"wp:term":[{"taxonomy":"category","embeddable":true,"href":"https:\/\/www.europesays.com\/fr\/wp-json\/wp\/v2\/categories?post=755414"},{"taxonomy":"post_tag","embeddable":true,"href":"https:\/\/www.europesays.com\/fr\/wp-json\/wp\/v2\/tags?post=755414"}],"curies":[{"name":"wp","href":"https:\/\/api.w.org\/{rel}","templated":true}]}}