{"id":75553,"date":"2025-05-05T01:41:08","date_gmt":"2025-05-05T01:41:08","guid":{"rendered":"https:\/\/www.europesays.com\/fr\/75553\/"},"modified":"2025-05-05T01:41:08","modified_gmt":"2025-05-05T01:41:08","slug":"chute-des-prix-du-petrole-lalgerie-au-coeur-dune-decision-strategique-de-lopep","status":"publish","type":"post","link":"https:\/\/www.europesays.com\/fr\/75553\/","title":{"rendered":"Chute des prix du p\u00e9trole : l&rsquo;Alg\u00e9rie au c\u0153ur d&rsquo;une d\u00e9cision strat\u00e9gique de l&rsquo;OPEP+"},"content":{"rendered":"<p>La part de l\u2019Alg\u00e9rie dans la production de p\u00e9trole brut augmentera de <strong>neuf mille barils par jour<\/strong> \u00e0 partir du mois de juin prochain. Cette d\u00e9cision a \u00e9t\u00e9 act\u00e9e lors d\u2019une r\u00e9union minist\u00e9rielle regroupant huit pays de <strong>l\u2019alliance OPEP+<\/strong>.<\/p>\n<p>Le ministre d\u2019\u00c9tat, ministre de l\u2019\u00c9nergie et des Mines et des \u00c9nergies renouvelables, <strong>Mohamed Arkab<\/strong>, a particip\u00e9 \u00e0 cette r\u00e9union, tenue ce samedi par visioconf\u00e9rence. Cette hausse s\u2019inscrit dans un contexte d\u2019am\u00e9lioration anticip\u00e9e de la demande mondiale en p\u00e9trole au cours du troisi\u00e8me trimestre de l\u2019ann\u00e9e en cours.<\/p>\n<p>Les huit pays concern\u00e9s ont convenu d\u2019une <strong>augmentation collective et graduelle<\/strong> de leur production, estim\u00e9e \u00e0 <strong>411 000 barils par jour<\/strong> pour le mois de juin 2025. Cette mesure s\u2019appuie sur les d\u00e9cisions prises le 5 d\u00e9cembre 2024 et r\u00e9affirm\u00e9es le 3 mars 2025.<\/p>\n<p><strong>\ud83d\udfe2 \u00c0 LIRE AUSSI : <a href=\"https:\/\/www.algerie360.com\/le-cours-du-petrole-glisse-encore-au-plus-bas-depuis-4-ans\/\" rel=\"nofollow noopener\" target=\"_blank\">Le cours du p\u00e9trole glisse (encore) au plus bas depuis 4 ans !<\/a><\/strong><\/p>\n<p>Toutefois, cette augmentation pourrait \u00eatre ajust\u00e9e ou suspendue en fonction de l\u2019\u00e9volution du march\u00e9, dans le but d\u2019en pr\u00e9server la stabilit\u00e9.<\/p>\n<p>Suivi mensuel de l\u2019OPEP+ : M\u00e9canismes de compensation et respect des quotas p\u00e9troliers<\/p>\n<p>Les ministres des huit pays membres de l\u2019OPEP+ ont \u00e9galement convenu de poursuivre leurs r\u00e9unions mensuelles pour examiner l\u2019\u00e9tat du march\u00e9 et v\u00e9rifier le respect des engagements. Ils ont aussi pr\u00e9vu de r\u00e9viser les m\u00e9canismes de compensation pour les volumes exc\u00e9dentaires produits. La prochaine r\u00e9union est fix\u00e9e au 1er juin.<\/p>\n<p>Quels sont les pays concern\u00e9s ?<\/p>\n<p>Cette r\u00e9union a rassembl\u00e9 les huit pays appliquant des ajustements volontaires de leur production depuis avril 2023, \u00e0 savoir :<\/p>\n<ul>\n<li>L\u2019Arabie saoudite<\/li>\n<li>La Russie<\/li>\n<li>L\u2019Irak<\/li>\n<li>Les \u00c9mirats arabes unis<\/li>\n<li>Le Kowe\u00eft<\/li>\n<li>Le Kazakhstan<\/li>\n<li>L\u2019Alg\u00e9rie<\/li>\n<li>et Oman<\/li>\n<\/ul>\n<p><strong>\ud83d\udfe2 \u00c0 LIRE AUSSI :\u00a0<a href=\"https:\/\/www.algerie360.com\/petrole-apres-3-ans-darret-lalgerie-exporte-a-nouveau-vers-ce-pays-dafrique\/\" rel=\"nofollow noopener\" target=\"_blank\">P\u00e9trole : apr\u00e8s 3 ans d\u2019arr\u00eat, l\u2019Alg\u00e9rie exporte \u00e0 nouveau vers ce pays d\u2019Afrique<\/a><\/strong><\/p>\n<p>Les participants ont analys\u00e9 la situation actuelle du march\u00e9 p\u00e9trolier mondial et \u00e9valu\u00e9 ses perspectives futures. Ils ont \u00e9galement discut\u00e9 du respect des <strong>r\u00e9ductions volontaires<\/strong> convenues et des moyens de compenser les surplus de production.<\/p>\n<p>P\u00e9trole : la glissade continue vers les abysses des prix<\/p>\n<p>Pour la troisi\u00e8me s\u00e9ance cons\u00e9cutive, les cours du brut ont plong\u00e9, atteignant des <strong>planchers in\u00e9dits depuis plus de quatre ans !<\/strong><\/p>\n<p>L\u2019ambiance, d\u00e9j\u00e0 morose, a \u00e9t\u00e9 plomb\u00e9e ce jeudi 1er mai par une confluence de facteurs inqui\u00e9tants : le spectre d\u2019un ralentissement \u00e9conomique global, les ondes de choc persistantes de la confrontation commerciale sino-am\u00e9ricaine, et la hantise d\u2019une offre exc\u00e9dentaire.<\/p>\n<p>Les \u00e9crans de cotation ont vir\u00e9 au rouge d\u00e8s l\u2019ouverture. Le <strong>Brent<\/strong>, barom\u00e8tre mondial, a <strong>c\u00e9d\u00e9 0,16%<\/strong> pour s\u2019\u00e9tablir \u00e0 60,96 dollars le baril. Outre-Atlantique, le West Texas Intermediate (WTI) a suivi la m\u00eame trajectoire, reculant de 0,24% \u00e0 58,07 dollars le baril. Des niveaux qui nous ram\u00e8nent brutalement en mars 2021, au lendemain du chaos initial provoqu\u00e9 par la pand\u00e9mie mondiale.<\/p>\n<p><strong>\ud83d\udfe2 \u00c0 LIRE AUSSI : <a href=\"https:\/\/www.algerie360.com\/ce-leader-mondial-du-petrole-et-du-gaz-va-investir-8-milliards-de-dollars-en-algerie\/\" rel=\"nofollow noopener\" target=\"_blank\">Ce leader mondial du p\u00e9trole et du gaz va investir 8 milliards de dollars en Alg\u00e9rie<\/a><\/strong><\/p>\n<p>En effet, le mois d\u2019avril restera grav\u00e9 dans les annales comme un v\u00e9ritable cauchemar pour les producteurs. Le march\u00e9 a essuy\u00e9 son plus violent repli mensuel <strong>depuis novembre 2021.<\/strong> Dans le d\u00e9tail, le Brent a vu 15,5% de sa valeur s\u2019\u00e9vaporer, tandis que le WTI a subi une d\u00e9gringolade encore plus spectaculaire de 18,56%.<\/p>\n<p>Loin d\u2019\u00eatre de simples soubresauts passagers, ces baisses cons\u00e9cutives s\u2019inscrivent dans une <strong>dynamique profonde<\/strong>, nourrie par un cocktail explosif de <strong>tensions \u00e9conomiques et g\u00e9opolitiques<\/strong>. La fragilit\u00e9 de la reprise post-pand\u00e9mique, exacerb\u00e9e par une inflation persistante dans certaines r\u00e9gions et des politiques mon\u00e9taires plus restrictives, p\u00e8se lourdement sur les perspectives de demande \u00e9nerg\u00e9tique.<\/p>\n","protected":false},"excerpt":{"rendered":"La part de l\u2019Alg\u00e9rie dans la production de p\u00e9trole brut augmentera de neuf mille barils par jour \u00e0&hellip;\n","protected":false},"author":2,"featured_media":75554,"comment_status":"","ping_status":"","sticky":false,"template":"","format":"standard","meta":{"footnotes":""},"categories":[6],"tags":[328,35,33,34,1011,27],"class_list":{"0":"post-75553","1":"post","2":"type-post","3":"status-publish","4":"format-standard","5":"has-post-thumbnail","7":"category-economie","8":"tag-a-la-une","9":"tag-business","10":"tag-economie","11":"tag-economy","12":"tag-fr","13":"tag-france"},"share_on_mastodon":{"url":"https:\/\/pubeurope.com\/@fr\/114452685311918451","error":""},"_links":{"self":[{"href":"https:\/\/www.europesays.com\/fr\/wp-json\/wp\/v2\/posts\/75553","targetHints":{"allow":["GET"]}}],"collection":[{"href":"https:\/\/www.europesays.com\/fr\/wp-json\/wp\/v2\/posts"}],"about":[{"href":"https:\/\/www.europesays.com\/fr\/wp-json\/wp\/v2\/types\/post"}],"author":[{"embeddable":true,"href":"https:\/\/www.europesays.com\/fr\/wp-json\/wp\/v2\/users\/2"}],"replies":[{"embeddable":true,"href":"https:\/\/www.europesays.com\/fr\/wp-json\/wp\/v2\/comments?post=75553"}],"version-history":[{"count":0,"href":"https:\/\/www.europesays.com\/fr\/wp-json\/wp\/v2\/posts\/75553\/revisions"}],"wp:featuredmedia":[{"embeddable":true,"href":"https:\/\/www.europesays.com\/fr\/wp-json\/wp\/v2\/media\/75554"}],"wp:attachment":[{"href":"https:\/\/www.europesays.com\/fr\/wp-json\/wp\/v2\/media?parent=75553"}],"wp:term":[{"taxonomy":"category","embeddable":true,"href":"https:\/\/www.europesays.com\/fr\/wp-json\/wp\/v2\/categories?post=75553"},{"taxonomy":"post_tag","embeddable":true,"href":"https:\/\/www.europesays.com\/fr\/wp-json\/wp\/v2\/tags?post=75553"}],"curies":[{"name":"wp","href":"https:\/\/api.w.org\/{rel}","templated":true}]}}