{"id":75621,"date":"2025-05-05T02:27:14","date_gmt":"2025-05-05T02:27:14","guid":{"rendered":"https:\/\/www.europesays.com\/fr\/75621\/"},"modified":"2025-05-05T02:27:14","modified_gmt":"2025-05-05T02:27:14","slug":"allemagne-chaque-euro-depense-dans-larmement-est-un-euro-qui-manque-pour-les-politiques-sociales","status":"publish","type":"post","link":"https:\/\/www.europesays.com\/fr\/75621\/","title":{"rendered":"Allemagne : \u00ab\u00a0chaque euro d\u00e9pens\u00e9 dans l\u2019armement est un euro qui manque pour les politiques sociales\u00a0\u00bb"},"content":{"rendered":"<p>L\u02bcinvasion de l\u02bcUkraine a permis \u00e0 l\u02bcestablishment allemand \u2013 entre autres \u2013 de se l\u00e2cher. Le budget de la D\u00e9fense a explos\u00e9 et de 70 000, le nombre de travailleurs dans l\u02bcindustrie de la guerre est maintenant pass\u00e9 \u00e0 500 000. Comment expliquer cette militarisation\u00a0? Nous avons rencontr\u00e9 Ulrike Eifler, membre de la direction du parti de gauche Die Linke, pour faire le point.<\/p>\n<p>Si l\u02bcEurope \u00e9tait un train vers la guerre, l\u02bcAllemagne serait une locomotive. Alors que la classe travailleuse a besoin d\u02bcinvestissements pour les gens, les dirigeants pr\u00e9f\u00e8rent investir dans les canons. Nous avons rencontr\u00e9 une habitu\u00e9e de ManiFiesta\u00a0: Ulrike Eifler, membre de la direction de Die Linke et porte-parole f\u00e9d\u00e9rale du groupe de travail f\u00e9d\u00e9ral Entreprise &amp; Syndicat.<\/p>\n<p>Le seul budget que le nouveau gouvernement en Belgique a augment\u00e9 est celui de la d\u00e9fense. Et en Allemagne, les d\u00e9penses pour la guerre explosent. \u00c0 quoi est-ce d\u00fb, selon vous ?<\/p>\n<p><strong>Ulrike Eifler. <\/strong>En Allemagne, la hausse des d\u00e9penses militaires s\u2019explique par deux \u00e9volutions. D\u2019abord, l\u2019Allemagne cherche \u00e0 reprendre son r\u00f4le de leader mondial et europ\u00e9en. Le Chancelier (qui dirige le gouvernement, NdlR) Olaf Scholz, en ao\u00fbt 2022, a justifi\u00e9 les livraisons d\u2019armements \u00e0 l\u2019Ukraine en expliquant que l\u2019Europe, avec l\u2019Allemagne \u00e0 sa t\u00eate, devait jouer un r\u00f4le majeur face aux tensions entre les \u00c9tats-Unis et la Chine.<\/p>\n<p>Ensuite, l\u2019Allemagne est en r\u00e9cession, et certains voient la militarisation comme une forme de relance \u00e9conomique. L\u2019industrie de l\u2019armement devient un secteur cl\u00e9, avec des propositions d\u2019investir jusqu\u2019\u00e0 5% du PIB dans la d\u00e9fense.<\/p>\n<p><img loading=\"lazy\" decoding=\"async\" alt=\"\" height=\"650\" src=\"https:\/\/www.europesays.com\/fr\/wp-content\/uploads\/2025\/05\/signal-2025-03-06-132243.jpeg\" width=\"650\"\/>Ulrike Eifler, membre de la direction de Die Linke et porte-parole f\u00e9d\u00e9rale du groupe de travail f\u00e9d\u00e9ral Entreprise &amp; Syndicat. (Photo DR)<br \/>\nQuelles sont les cons\u00e9quences de cette militarisation pour les travailleurs ?<\/p>\n<p><strong>Ulrike Eifler. <\/strong>Chaque euro investi dans l\u2019armement est un euro qui manque pour les services sociaux. Par exemple, un char co\u00fbte 27 millions d\u2019euros et les fabricants de chars se sont lanc\u00e9s dans la production en s\u00e9rie. Cette somme n\u2019est pas utilis\u00e9e pour financer les retraites ou l\u2019\u00e9ducation, mais pour renforcer l\u2019arm\u00e9e. De plus, dans cette atmosph\u00e8re de renoncement, les revendications sociales sont affaiblies. Les travailleurs subissent \u00e9galement une militarisation des services publics. Par exemple, le secteur de la sant\u00e9 est r\u00e9organis\u00e9 pour prioriser les besoins militaires, ce qui prive les citoyens de services essentiels.<\/p>\n<p>Lors de votre visite \u00e0 ManiFiesta l\u02bcann\u00e9e derni\u00e8re, vous aviez expliqu\u00e9 que le gouvernement allemand multipliait la publicit\u00e9 pour l\u2019arm\u00e9e. Comment agit-il\u00a0?<\/p>\n<p>Ulrike Eifler. La Bundeswehr est omnipr\u00e9sente dans la vie quotidienne, notamment par des campagnes de recrutement et de valorisation de son image. Par exemple, des bo\u00eetes de pizza et des sachets de pain portent des slogans incitant \u00e0 rejoindre l\u2019arm\u00e9e. Des affiches dans les arr\u00eats de bus montrent des soldats, avec des messages comme \u00ab\u00a0Le plus grand mouvement pour la paix\u00a0\u00bb, une fa\u00e7on de normaliser la pens\u00e9e militaire. Le gouvernement va m\u00eame jusqu\u2019\u00e0 diriger les demandeurs d\u2019emploi vers l\u2019arm\u00e9e gr\u00e2ce \u00e0 un accord avec l\u2019Agence f\u00e9d\u00e9rale pour l\u2019emploi. Et en tant que militaires, pas en tant que civils.<\/p>\n<p><img loading=\"lazy\" decoding=\"async\" alt=\"\" height=\"434\" src=\"https:\/\/www.europesays.com\/fr\/wp-content\/uploads\/2025\/05\/shutterstock_24732310611.jpg\" width=\"650\"\/>Le g\u00e9ant allemand de l\u02bcindustrie de la guerre Rheinmetall pr\u00e9voit de doubler son chiffre d\u02bcaffaires d\u02bcici 2027. (Photo Torsten Pursche)<br \/>\nQue vise le gouvernement en exposant les gens \u00e0 cette publicit\u00e9 ?<\/p>\n<p><strong>Ulrike Eifler.<\/strong> L\u2019objectif est de recruter du personnel pour l\u2019arm\u00e9e et de pr\u00e9parer la population \u00e0 accepter une guerre contre la Russie. En normalisant la pr\u00e9sence militaire dans la vie quotidienne, le gouvernement cherche \u00e0 obtenir le soutien tacite de la population et \u00e0 faire accepter cette guerre en cas de n\u00e9cessit\u00e9, ou \u00e0 minimiser l\u2019opposition \u00e0 cette guerre.<\/p>\n<p>Les gens sont-ils favorables \u00e0 l\u2019id\u00e9e de partir en guerre ou y a-t-il une volont\u00e9 de paix ?<\/p>\n<p><strong>Ulrike Eifler.<\/strong> Les Allemands restent globalement r\u00e9ticents \u00e0 l\u2019id\u00e9e de partir en guerre, car cela fait 80 ans qu\u2019ils vivent en paix. Pourtant, la propagande gouvernementale, qui met en avant la menace d\u2019une attaque russe et la n\u00e9cessit\u00e9 de sauvegarder les droits humains en Ukraine, engendre l\u2019incertitude. La gauche, les syndicats et les mouvements pacifistes travaillent pour convaincre les travailleurs que cette guerre serait nuisible \u00e0 leurs int\u00e9r\u00eats. Car, en fin de compte, qui sera envoy\u00e9 au front\u00a0? Pas les \u00e9lites ni les oligarques, mais les enfants des travailleurs.<\/p>\n<p>L\u2019ann\u00e9e derni\u00e8re, un \u00e9conomiste allemand a utilis\u00e9 l\u2019expression \u00ab des canons plut\u00f4t que du beurre \u00bb. Quelle est la port\u00e9e de cette expression ?<\/p>\n<p><strong>Ulrike Eifler.<\/strong> L\u2019\u00e9conomiste Clemens F\u00fc\u00df a repris une phrase de Rudolf Hess, bras droit d\u2019Hitler, antis\u00e9mite, militariste, qui, en 1936, disait qu\u2019il fallait sacrifier les d\u00e9penses sociales pour financer l\u2019armement. En 1939, l\u2019Allemagne envahissait la Pologne. Cette citation est utilis\u00e9e aujourd\u2019hui pour justifier la r\u00e9duction des d\u00e9penses sociales en faveur de la guerre. Le fait que cette citation ne fasse pas scandale est inqui\u00e9tant. Cela montre une d\u00e9rive de la pens\u00e9e politique, et il est important de d\u00e9noncer cette id\u00e9e, \u00e0 l\u2019origine \u00e9mise par un nazi, de prioriser les d\u00e9penses militaires au d\u00e9triment des droits sociaux. Nous devons rejeter ces propositions et continuer \u00e0 d\u00e9fendre les services publics et les droits sociaux.<\/p>\n<p><strong>Retrouvez Ulrike Eifler \u00e0 ManiFiesta\u00a0!<\/strong><\/p>\n<p>Que dire aux travailleurs qui ont peur de perdre leur emploi et \u00e0 qui le gouvernement dit qu\u2019ils devraient travailler dans l\u2019industrie de la guerre ?<\/p>\n<p><strong>Ulrike Eifler. <\/strong>Le gouvernement promeut une politique industrielle favorable \u00e0 l\u2019industrie de l\u2019armement. L\u2019industrie de la d\u00e9fense en Allemagne emploie d\u00e9sormais entre 400 000 et 500 000 personnes, un bond \u00e9norme par rapport aux 70 000 d\u2019avant l\u02bcinvasion russe en Ukraine. Les syndicats sont bien plac\u00e9s pour aider les travailleurs \u00e0 comprendre ce qui se passe et les encourager \u00e0 adopter une position critique. Une reconversion de l\u2019industrie de l\u2019armement vers une production civile, utile \u00e0 la soci\u00e9t\u00e9, est possible. Les syndicats sont aussi l\u00e0 pour garantir de bonnes conditions de travail dans ces industries, tout en luttant pour transformer ces secteurs en atouts pour l\u2019\u00e9conomie civile.<\/p>\n<p>Voyez-vous des r\u00e9actions alternatives parmi les travailleurs allemands ?<\/p>\n<p><strong>Ulrike Eifler. <\/strong>Il existe de nombreuses initiatives locales de paix, dont certaines sont soutenues par des syndicalistes. Par exemple, une conf\u00e9rence syndicale pour la paix se tiendra cette ann\u00e9e \u00e0 Salzgitter, o\u00f9 une industrie sid\u00e9rurgique verte est pr\u00e9sente. L\u2019objectif est de discuter avec les travailleurs pour r\u00e9orienter la production vers des biens civils, utiles \u00e0 la soci\u00e9t\u00e9, comme les trains ou les bus. Ces initiatives grandissent chaque ann\u00e9e, avec un int\u00e9r\u00eat croissant. De plus, une alliance nationale anti-service militaire se forme parmi les jeunes \u00e0 qui le minist\u00e8re de la D\u00e9fense pr\u00e9sente le service militaire obligatoire comme une opportunit\u00e9 de travail qualifi\u00e9 et l\u2019arm\u00e9e la garantie d\u2019un avenir et d\u2019un emploi s\u00fbrs. Les jeunesses politiques de gauche et syndicales refusent de devenir des soldats et militent contre la militarisation de la soci\u00e9t\u00e9.<\/p>\n","protected":false},"excerpt":{"rendered":"L\u02bcinvasion de l\u02bcUkraine a permis \u00e0 l\u02bcestablishment allemand \u2013 entre autres \u2013 de se l\u00e2cher. Le budget de&hellip;\n","protected":false},"author":2,"featured_media":75622,"comment_status":"","ping_status":"","sticky":false,"template":"","format":"standard","meta":{"footnotes":""},"categories":[1587],"tags":[11,672,1804,1805,1803,18054,1777,674,1801,18055,12,1802],"class_list":{"0":"post-75621","1":"post","2":"type-post","3":"status-publish","4":"format-standard","5":"has-post-thumbnail","7":"category-allemagne","8":"tag-actualites","9":"tag-allemagne","10":"tag-bundesrepublik-deutschland","11":"tag-de","12":"tag-deutschland","13":"tag-die-linke","14":"tag-eu","15":"tag-europe","16":"tag-germany","17":"tag-militarisation","18":"tag-news","19":"tag-republique-federale-dallemagne"},"share_on_mastodon":{"url":"https:\/\/pubeurope.com\/@fr\/114452866264550822","error":""},"_links":{"self":[{"href":"https:\/\/www.europesays.com\/fr\/wp-json\/wp\/v2\/posts\/75621","targetHints":{"allow":["GET"]}}],"collection":[{"href":"https:\/\/www.europesays.com\/fr\/wp-json\/wp\/v2\/posts"}],"about":[{"href":"https:\/\/www.europesays.com\/fr\/wp-json\/wp\/v2\/types\/post"}],"author":[{"embeddable":true,"href":"https:\/\/www.europesays.com\/fr\/wp-json\/wp\/v2\/users\/2"}],"replies":[{"embeddable":true,"href":"https:\/\/www.europesays.com\/fr\/wp-json\/wp\/v2\/comments?post=75621"}],"version-history":[{"count":0,"href":"https:\/\/www.europesays.com\/fr\/wp-json\/wp\/v2\/posts\/75621\/revisions"}],"wp:featuredmedia":[{"embeddable":true,"href":"https:\/\/www.europesays.com\/fr\/wp-json\/wp\/v2\/media\/75622"}],"wp:attachment":[{"href":"https:\/\/www.europesays.com\/fr\/wp-json\/wp\/v2\/media?parent=75621"}],"wp:term":[{"taxonomy":"category","embeddable":true,"href":"https:\/\/www.europesays.com\/fr\/wp-json\/wp\/v2\/categories?post=75621"},{"taxonomy":"post_tag","embeddable":true,"href":"https:\/\/www.europesays.com\/fr\/wp-json\/wp\/v2\/tags?post=75621"}],"curies":[{"name":"wp","href":"https:\/\/api.w.org\/{rel}","templated":true}]}}