{"id":75653,"date":"2025-05-05T02:50:08","date_gmt":"2025-05-05T02:50:08","guid":{"rendered":"https:\/\/www.europesays.com\/fr\/75653\/"},"modified":"2025-05-05T02:50:08","modified_gmt":"2025-05-05T02:50:08","slug":"laurent-delahousse-lui-aussi-sous-le-charme-de-vassili-schneider","status":"publish","type":"post","link":"https:\/\/www.europesays.com\/fr\/75653\/","title":{"rendered":"Laurent Delahousse, lui aussi, sous le charme de Vassili Schneider"},"content":{"rendered":"<p>Le journaliste de France 2 \u00e9tait intarissable de compliments envers le jeune acteur, d\u00e9cor\u00e9 de la R\u00e9v\u00e9lation masculine aux derniers Moli\u00e8res, ce soir dans \u00ab20H30 le dimanche\u00bb.<\/p>\n<p class=\"fig-paragraph\">Il a marqu\u00e9\u00a0<a href=\"http:\/\/tvmag.lefigaro.fr\/programme-tv\/ce-soir-tele\/je-vais-vous-choquer-jean-marc-dumontet-evoque-les-faibles-audiences-de-la-ceremonie-des-molieres-20250425\" target=\"_blank\" data-fig-type=\"Article\" rel=\"noopener\" data-gtm-custom-categorie=\"navigation\" data-gtm-custom-action=\"crossclick\" data-gtm-custom-label=\"Contextuel\" data-gtm-event=\"customEventSPE\" data-fig-domain=\"TVMAG\">la c\u00e9r\u00e9monie des Moli\u00e8res<\/a>\u00a0le 28 avril dernier avec un touchant discours. \u00abJ\u2019aimerais profiter de ce moment pour dire \u201cje t\u2019aime\u201d aux gens que j\u2019aime et \u00e0 qui je dois tout\u00bb, a d\u00e9clar\u00e9 sur sc\u00e8ne<strong>\u00a0<\/strong><a href=\"http:\/\/tvmag.lefigaro.fr\/programme-tv\/actu-tele\/vous-etes-soulant-vassili-schneider-suscite-la-jalousie-de-mohamed-bouhafsi-dans-c-a-vous-20250425\" target=\"_blank\" data-fig-type=\"Article\" rel=\"noopener\" data-gtm-custom-categorie=\"navigation\" data-gtm-custom-action=\"crossclick\" data-gtm-custom-label=\"Contextuel\" data-gtm-event=\"customEventSPE\" data-fig-domain=\"TVMAG\"><strong>Vassili Schneider<\/strong><\/a>, sacr\u00e9 R\u00e9v\u00e9lation masculine. C\u2019est avec son troph\u00e9e \u00e0 la main qu\u2019il a r\u00e9pondu \u00e0 l\u2019invitation de \u00ab20H30 le dimanche\u00bb ce soir sur France 2.<\/p>\n<p class=\"fig-paragraph\">\u00abJ\u2019ai re\u00e7u un paquet de messages, d\u2019appels et de mots d\u2019amour, mais je ne peux pas m\u2019arr\u00eater sur ce prix. Je vais de l\u2019avant\u00bb, commente le jeune acteur de 26 ans. \u00abNous, on a aim\u00e9 cette \u00e9motion\u00bb, affirme\u00a0<a href=\"http:\/\/tvmag.lefigaro.fr\/programme-tv\/people\/il-m-aura-fallu-27-ans-pour-revoir-ces-images-pamela-anderson-evoque-alerte-a-malibu-face-a-laurent-delahousse-20250223\" target=\"_blank\" data-fig-type=\"Article\" rel=\"noopener\" data-gtm-custom-categorie=\"navigation\" data-gtm-custom-action=\"crossclick\" data-gtm-custom-label=\"Contextuel\" data-gtm-event=\"customEventSPE\" data-fig-domain=\"TVMAG\"><strong>Laurent Delahousse<\/strong><\/a> \u00a0qui ne pourra pas se contenter de ce seul compliment durant son \u00e9mission.<\/p>\n<blockquote class=\"fig-quote&#10;    \">\n<p class=\"fig-quote__text\">Vous livrez beaucoup d\u2019amour.<\/p>\n<p>            Laurent Delahousse \u00e0 Vassili Schneider dans \u00ab20H30 le dimanche\u00bb\n    <\/p><\/blockquote>\n<p class=\"fig-paragraph\">\u00abVous \u00eates le benjamin d\u2019une fratrie solaire, touch\u00e9e par la gr\u00e2ce artistique et l\u2019humilit\u00e9 en tout cas\u00bb, le journaliste ne s\u2019arr\u00eate plus. \u00abIl y a vous Vassili, puis il y a Niels acteur, Volodia musicien, Aliocha chanteur dont les titres raisonnent beaucoup en ce moment et qui est \u00e9galement acteur. On est ce soir oblig\u00e9 de red\u00e9clarer notre amour au Qu\u00e9bec parce que gr\u00e2ce \u00e0 eux, gr\u00e2ce \u00e0 vous, vous nous livrez beaucoup d\u2019amour\u00bb, ajoute-t-il. En effet, la famille Schneifer est originaire de Montr\u00e9al.<\/p>\n<p class=\"fig-paragraph\">C\u2019est ensuite en direction de la g\u00e9n\u00e9ration pr\u00e9c\u00e9dente que Laurent Delahousse envoie ses flatteries: \u00abOn attend avec impatience la sortie du livre de vos parents parce que \u00e7a serait formidable qu\u2019ils nous donnent des cl\u00e9s pour avoir une telle force et une telle solarit\u00e9 qu\u2019ils ont donn\u00e9e\u00bb. Sur le plateau, Vassili Schneider est \u00e9tonn\u00e9 de cette tirade et pr\u00e9f\u00e8re sourire poliment avant de poursuivre l\u2019interview.<\/p>\n<p class=\"fig-paragraph\"><strong>\u00c0 VOIR AUSSI &#8211;<\/strong> \u00abJe vais vous choquer&#8230;\u00bb\u00a0: Jean-Marc Dumontet \u00e9voque les audiences de la c\u00e9r\u00e9monie des Moli\u00e8res<\/p>\n<p>\u00a0\u00bb<br \/>\n        data-script=\u00a0\u00bbhttps:\/\/static.lefigaro.fr\/widget-video\/short-ttl\/video\/index.js\u00a0\u00bb<br \/>\n    &gt;<\/p>\n","protected":false},"excerpt":{"rendered":"Le journaliste de France 2 \u00e9tait intarissable de compliments envers le jeune acteur, d\u00e9cor\u00e9 de la R\u00e9v\u00e9lation masculine&hellip;\n","protected":false},"author":2,"featured_media":75654,"comment_status":"","ping_status":"","sticky":false,"template":"","format":"standard","meta":{"footnotes":""},"categories":[8],"tags":[497,496,499,58,59,1011,27,5097,500,504,505,495,503,502,501,498],"class_list":{"0":"post-75653","1":"post","2":"type-post","3":"status-publish","4":"format-standard","5":"has-post-thumbnail","7":"category-divertissement","8":"tag-actu-tv","9":"tag-actualite-tv","10":"tag-buzz-tv","11":"tag-divertissement","12":"tag-entertainment","13":"tag-fr","14":"tag-france","15":"tag-laurent-delahousse","16":"tag-medias","17":"tag-news-tele","18":"tag-news-television","19":"tag-news-tv","20":"tag-programme-tele","21":"tag-programme-tv","22":"tag-quiz-tv","23":"tag-tv-actu"},"share_on_mastodon":{"url":"https:\/\/pubeurope.com\/@fr\/114452956665200598","error":""},"_links":{"self":[{"href":"https:\/\/www.europesays.com\/fr\/wp-json\/wp\/v2\/posts\/75653","targetHints":{"allow":["GET"]}}],"collection":[{"href":"https:\/\/www.europesays.com\/fr\/wp-json\/wp\/v2\/posts"}],"about":[{"href":"https:\/\/www.europesays.com\/fr\/wp-json\/wp\/v2\/types\/post"}],"author":[{"embeddable":true,"href":"https:\/\/www.europesays.com\/fr\/wp-json\/wp\/v2\/users\/2"}],"replies":[{"embeddable":true,"href":"https:\/\/www.europesays.com\/fr\/wp-json\/wp\/v2\/comments?post=75653"}],"version-history":[{"count":0,"href":"https:\/\/www.europesays.com\/fr\/wp-json\/wp\/v2\/posts\/75653\/revisions"}],"wp:featuredmedia":[{"embeddable":true,"href":"https:\/\/www.europesays.com\/fr\/wp-json\/wp\/v2\/media\/75654"}],"wp:attachment":[{"href":"https:\/\/www.europesays.com\/fr\/wp-json\/wp\/v2\/media?parent=75653"}],"wp:term":[{"taxonomy":"category","embeddable":true,"href":"https:\/\/www.europesays.com\/fr\/wp-json\/wp\/v2\/categories?post=75653"},{"taxonomy":"post_tag","embeddable":true,"href":"https:\/\/www.europesays.com\/fr\/wp-json\/wp\/v2\/tags?post=75653"}],"curies":[{"name":"wp","href":"https:\/\/api.w.org\/{rel}","templated":true}]}}