{"id":757023,"date":"2026-02-24T18:48:13","date_gmt":"2026-02-24T18:48:13","guid":{"rendered":"https:\/\/www.europesays.com\/fr\/757023\/"},"modified":"2026-02-24T18:48:13","modified_gmt":"2026-02-24T18:48:13","slug":"un-pere-de-famille-voulait-se-venger-et-poignarde-la-mauvaise-personne-devant-son-immeuble","status":"publish","type":"post","link":"https:\/\/www.europesays.com\/fr\/757023\/","title":{"rendered":"un p\u00e8re de famille voulait se venger\u2026 et poignarde la mauvaise personne devant son immeuble"},"content":{"rendered":"<p itemprop=\"description\"><strong>INFO LYONMAG.<\/strong><\/p>\n<p>Il est 8h54 ce mardi 24 f\u00e9vrier, \u00e0 Chaponnay, entre la place des Randonneurs et la place Charles-de-Gaulle, lorsque les habitants d\u2019un immeuble sont r\u00e9veill\u00e9s par une sc\u00e8ne particuli\u00e8rement inqui\u00e9tante. Selon plusieurs t\u00e9moignages, un individu encagoul\u00e9 se pr\u00e9sente au pied de la r\u00e9sidence et tente de joindre un habitant pr\u00e9cis.<\/p>\n<p><img loading=\"lazy\" decoding=\"async\" style=\"display: block; margin-left: auto; margin-right: auto;\" src=\"https:\/\/www.europesays.com\/fr\/wp-content\/uploads\/2026\/02\/img-0048-28106.jpg\" alt=\"\" width=\"369\" height=\"671\"\/><\/p>\n<p>Les noms n\u2019\u00e9tant pas affich\u00e9s sur l\u2019interphone, l\u2019homme aurait sonn\u00e9 \u00e0 plusieurs appartements.Un t\u00e9moin affirme avoir entendu \u00e0 travers l\u2019interphone : \u00ab\u00a0descends avec ton gamin de 13 ans je vais vous tuer tous les deux\u00a0\u00bb. Au m\u00eame moment, un r\u00e9sident descend pour partir travailler. Il se retrouve alors face \u00e0 l\u2019individu qui brandit une arme blanche et lui porte deux coups de couteau au visage.<\/p>\n<p>En tentant de se prot\u00e9ger, la victime re\u00e7oit \u00e9galement un coup au niveau de la main, touchant le pouce et la paume. Depuis leurs fen\u00eatres, plusieurs voisins rapportent avoir entendu des insultes et des menaces, notamment :\u00a0\u00a0\u00bb je vais tous vous fumer.\u00a0\u00bb<\/p>\n<p>Une erreur de cible<\/p>\n<p>D\u2019apr\u00e8s les premiers \u00e9l\u00e9ments, l\u2019agresseur serait un p\u00e8re de famille persuad\u00e9 qu\u2019un adolescent de 13 ans vivant dans l\u2019immeuble aurait commis des attouchements sur sa fille. Une enqu\u00eate de gendarmerie serait ouverte sur ces accusations. L\u2019homme aurait ainsi voulu se faire justice lui-m\u00eame, mais se serait tromp\u00e9 de personne, agressant un habitant totalement \u00e9tranger \u00e0 l\u2019affaire et simplement en partance pour son travail.<\/p>\n<p>Transport\u00e9e \u00e0 l\u2019h\u00f4pital, la victime, un homme de 39 ans, a pu sortir dans l\u2019apr\u00e8s-midi avant de se rendre \u00e0 la gendarmerie. Huit jours d\u2019incapacit\u00e9 totale de travail (ITT) lui ont \u00e9t\u00e9 prescrits sous r\u00e9serve de complications ult\u00e9rieures.<\/p>\n<p>Une plainte aurait \u00e9t\u00e9 d\u00e9pos\u00e9e. Contact\u00e9e, la gendarmerie de Corbas confirme qu\u2019une enqu\u00eate est en cours afin d\u2019\u00e9tablir pr\u00e9cis\u00e9ment les circonstances des faits.<\/p>\n<p>D&rsquo;apr\u00e8s nos informations l&rsquo;auteur des coups de couteaux a \u00e9t\u00e9 interpell\u00e9.<\/p>\n","protected":false},"excerpt":{"rendered":"INFO LYONMAG. Il est 8h54 ce mardi 24 f\u00e9vrier, \u00e0 Chaponnay, entre la place des Randonneurs et la&hellip;\n","protected":false},"author":2,"featured_media":757024,"comment_status":"","ping_status":"","sticky":false,"template":"","format":"standard","meta":{"footnotes":"","_share_on_mastodon":"0"},"categories":[1889],"tags":[1111,11,2813,2190,2430,1109,251,1112,2811,1777,674,118,1011,27,1922,1110,1114,2428,2810,12,241,316,25,2812,517,800],"class_list":["post-757023","post","type-post","status-publish","format-standard","has-post-thumbnail","category-lyon","tag-actu","tag-actualites","tag-article","tag-asvel","tag-auvergne-rhone-alpes","tag-breves","tag-culture","tag-depeches","tag-economique","tag-eu","tag-europe","tag-faits-divers","tag-fr","tag-france","tag-info","tag-informations","tag-infos","tag-lyon","tag-lyonmag","tag-news","tag-ol","tag-politique","tag-republique-francaise","tag-sociale","tag-sport","tag-transports"],"share_on_mastodon":{"url":"https:\/\/pubeurope.com\/@fr\/116127105572334691","error":""},"_links":{"self":[{"href":"https:\/\/www.europesays.com\/fr\/wp-json\/wp\/v2\/posts\/757023","targetHints":{"allow":["GET"]}}],"collection":[{"href":"https:\/\/www.europesays.com\/fr\/wp-json\/wp\/v2\/posts"}],"about":[{"href":"https:\/\/www.europesays.com\/fr\/wp-json\/wp\/v2\/types\/post"}],"author":[{"embeddable":true,"href":"https:\/\/www.europesays.com\/fr\/wp-json\/wp\/v2\/users\/2"}],"replies":[{"embeddable":true,"href":"https:\/\/www.europesays.com\/fr\/wp-json\/wp\/v2\/comments?post=757023"}],"version-history":[{"count":0,"href":"https:\/\/www.europesays.com\/fr\/wp-json\/wp\/v2\/posts\/757023\/revisions"}],"wp:featuredmedia":[{"embeddable":true,"href":"https:\/\/www.europesays.com\/fr\/wp-json\/wp\/v2\/media\/757024"}],"wp:attachment":[{"href":"https:\/\/www.europesays.com\/fr\/wp-json\/wp\/v2\/media?parent=757023"}],"wp:term":[{"taxonomy":"category","embeddable":true,"href":"https:\/\/www.europesays.com\/fr\/wp-json\/wp\/v2\/categories?post=757023"},{"taxonomy":"post_tag","embeddable":true,"href":"https:\/\/www.europesays.com\/fr\/wp-json\/wp\/v2\/tags?post=757023"}],"curies":[{"name":"wp","href":"https:\/\/api.w.org\/{rel}","templated":true}]}}