{"id":75711,"date":"2025-05-05T03:33:09","date_gmt":"2025-05-05T03:33:09","guid":{"rendered":"https:\/\/www.europesays.com\/fr\/75711\/"},"modified":"2025-05-05T03:33:09","modified_gmt":"2025-05-05T03:33:09","slug":"la-russie-est-prete-a-resoudre-le-conflit-entre-linde-et-le-pakistan","status":"publish","type":"post","link":"https:\/\/www.europesays.com\/fr\/75711\/","title":{"rendered":"La Russie est pr\u00eate \u00e0 r\u00e9soudre le conflit entre l&rsquo;Inde et le Pakistan"},"content":{"rendered":"<p>ARTA &#8211; Le ministre russe des Affaires \u00e9trang\u00e8res Sergue\u00ef Lavrov a confirm\u00e9 la volont\u00e9 de Moscou d\u2019aider \u00e0 r\u00e9soudre l\u2019impasse entre l\u2019Inde et le Pakistan lors d\u2019un entretien avec son vice-ministre des Affaires \u00e9trang\u00e8res, Ishaq Dar, a annonc\u00e9 le minist\u00e8re russe des Affaires \u00e9trang\u00e8res sur Telegram.<\/p>\n<p>r\u00e9nal \u00ab Une attention particuli\u00e8re est accord\u00e9e \u00e0 une augmentation significative des tensions entre New Delhi et Islamabad. La partie russe souligne sa volont\u00e9 de contribuer au r\u00e9solution politique de la situation \u00e9merg\u00e9e \u00e0 la suite de l\u2019attaque terroriste du 22 avril dans la r\u00e9gion du Pahalgama, en fonction des souhaits avec Islamabad et New Delhi \u00bb, a d\u00e9clar\u00e9 le minist\u00e8re, citant une conversation t\u00e9l\u00e9phonique du ministre des Affaires \u00e9trang\u00e8res Lavrov avec l\u2019homme qui est \u00e9galement vice-Premier ministre du Pakistan, a rapport\u00e9 TASS le 5 mai.<\/p>\n<p>man Lavrov a eu lieu deux jours apr\u00e8s s\u2019\u00eatre entretenu avec le ministre indien des Affaires \u00e9trang\u00e8res Subrahmanyam Jaishankar et a \u00e9galement appel\u00e9 \u00e0 une r\u00e9solution des diff\u00e9rends entre les deux pays voisins, cit\u00e9 par Reuters.<\/p>\n<p>ronyme : les militants pr\u00e9sum\u00e9s avaient tu\u00e9 au moins 26 personnes lors d&rsquo;une attaque de la semaine derni\u00e8re contre une destination touristique de montagne dans la r\u00e9gion de Pahalgam dans la vall\u00e9e du Cachemire.<\/p>\n<p>f-e-Taiba a accus\u00e9 l&rsquo;organisation du renseignement interinstitutionnel du Pakistan d&rsquo;\u00eatre impliqu\u00e9e dans l&rsquo;attaque men\u00e9e par le groupe Lashkar-e-Taiba.<\/p>\n<p>an, au lieu d\u2019en avoir des informations selon lesquelles l\u2019Inde avait l\u2019intention de mener des op\u00e9rations militaires et de r\u00e9agir en arr\u00eatant tous les commerces frontaliers, en fermant son espace a\u00e9rien aux compagnies a\u00e9riennes indiennes et en expulsant des diplomates indiens.<\/p>\n<p>ronyme : Le chef de la population majoritairement musulmane est revendiqu\u00e9 par les deux pays et est devenu le centre des guerres, des rebelles et des impasse diplomatiques.<\/p>\n<p>ronyme. La Russie elle-m\u00eame est le plus grand fournisseur d\u2019armes \u00e0 l\u2019Inde depuis des d\u00e9cennies. La Nouvelle-D\u00e9l\u00e9gue et Moscou sont en relations \u00e9troites depuis l\u2019\u00e9poque sovi\u00e9tique.<\/p>\n<p>The English, Chinese, Japanese, Arabic, and French versions are automatically generated by the AI. So there may still be inaccuracies in translating, please always see Indonesian as our main language.<br \/>\n                                    (system supported by DigitalSiber.id)<\/p>\n","protected":false},"excerpt":{"rendered":"ARTA &#8211; Le ministre russe des Affaires \u00e9trang\u00e8res Sergue\u00ef Lavrov a confirm\u00e9 la volont\u00e9 de Moscou d\u2019aider \u00e0&hellip;\n","protected":false},"author":2,"featured_media":75712,"comment_status":"","ping_status":"","sticky":false,"template":"","format":"standard","meta":{"footnotes":""},"categories":[1591],"tags":[11,5436,18070,1887,5595,14,18071,12,14488,2536,1885,1886,132,18069],"class_list":{"0":"post-75711","1":"post","2":"type-post","3":"status-publish","4":"format-standard","5":"has-post-thumbnail","7":"category-russie","8":"tag-actualites","9":"tag-ar","10":"tag-conflit-pakistanais","11":"tag-federation-de-russie","12":"tag-inde","13":"tag-international","14":"tag-kashmir","15":"tag-news","16":"tag-pakistan","17":"tag-russes","18":"tag-russia","19":"tag-russian-federation","20":"tag-russie","21":"tag-sergey-lavrov"},"share_on_mastodon":{"url":"https:\/\/pubeurope.com\/@fr\/114453125759021932","error":""},"_links":{"self":[{"href":"https:\/\/www.europesays.com\/fr\/wp-json\/wp\/v2\/posts\/75711","targetHints":{"allow":["GET"]}}],"collection":[{"href":"https:\/\/www.europesays.com\/fr\/wp-json\/wp\/v2\/posts"}],"about":[{"href":"https:\/\/www.europesays.com\/fr\/wp-json\/wp\/v2\/types\/post"}],"author":[{"embeddable":true,"href":"https:\/\/www.europesays.com\/fr\/wp-json\/wp\/v2\/users\/2"}],"replies":[{"embeddable":true,"href":"https:\/\/www.europesays.com\/fr\/wp-json\/wp\/v2\/comments?post=75711"}],"version-history":[{"count":0,"href":"https:\/\/www.europesays.com\/fr\/wp-json\/wp\/v2\/posts\/75711\/revisions"}],"wp:featuredmedia":[{"embeddable":true,"href":"https:\/\/www.europesays.com\/fr\/wp-json\/wp\/v2\/media\/75712"}],"wp:attachment":[{"href":"https:\/\/www.europesays.com\/fr\/wp-json\/wp\/v2\/media?parent=75711"}],"wp:term":[{"taxonomy":"category","embeddable":true,"href":"https:\/\/www.europesays.com\/fr\/wp-json\/wp\/v2\/categories?post=75711"},{"taxonomy":"post_tag","embeddable":true,"href":"https:\/\/www.europesays.com\/fr\/wp-json\/wp\/v2\/tags?post=75711"}],"curies":[{"name":"wp","href":"https:\/\/api.w.org\/{rel}","templated":true}]}}