{"id":757141,"date":"2026-02-24T19:59:14","date_gmt":"2026-02-24T19:59:14","guid":{"rendered":"https:\/\/www.europesays.com\/fr\/757141\/"},"modified":"2026-02-24T19:59:14","modified_gmt":"2026-02-24T19:59:14","slug":"au-nord-de-marseille-les-habitants-se-sentent-un-peu-delaisses","status":"publish","type":"post","link":"https:\/\/www.europesays.com\/fr\/757141\/","title":{"rendered":"au nord de Marseille, les habitants se sentent \u00ab\u00a0un peu d\u00e9laiss\u00e9s\u00a0\u00bb"},"content":{"rendered":"<p>\u00c0 Sainte-Marthe, dans le 14e arrondissement, on est bien dans ce qu\u2019on appelle les quartiers nord de Marseille. C\u2019est dans ce <a href=\"https:\/\/www.laprovence.com\/article\/region\/527267523460314\/quartiers-de-marseille-a-sainte-marthe-comme-un-gout-d-autrefois\" target=\"_blank\" rel=\"nofollow noopener\">quartier-village<\/a> que La Provence Mobile a fait \u00e9tape ce mardi matin, pour aller \u00e0 la rencontre des habitants. Et \u00e0 en croire ceux que l\u2019on a crois\u00e9s, aux abords de la gare SNCF, de la poste ou des commerces de proximit\u00e9, on est bien loin de l\u2019image n\u00e9gative que peut v\u00e9hiculer ce secteur de Marseille.<\/p>\n<p>Bord\u00e9 au sud par les grands ensembles des cit\u00e9s Font-Vert et Busserine, \u00ab\u00a0le coin le plus chaud \u00e0 cause des r\u00e9seaux de drogue\u00a0\u00bb, glisse un commer\u00e7ant de la place Albert-Durant, le quartier est plut\u00f4t compos\u00e9 de petits immeubles \u00e0 deux \u00e9tages et de maisons de ville, dont certaines donnent sur un bout de jardin. \u00ab\u00a0Il y a encore beaucoup de maisons d\u00e9labr\u00e9es, qu\u2019il faudrait r\u00e9nover, souligne Nagui, devant ses grands \u00e9tals de fruits et l\u00e9gumes, au bas du chemin de Sainte-Marthe. Mais la priorit\u00e9, ce serait d\u2019encadrer les loyers, il y a beaucoup de gens en difficult\u00e9 dans ce quartier.\u00a0\u00bb Des logements en cours de r\u00e9novation, il y en a, notamment en montant vers le c\u0153ur du village, aux abords de <a href=\"https:\/\/www.laprovence.com\/article\/politique\/6256413\/lepopee-un-village-educatif-du-futur-dans-les-quartiers-nord-de-marseille.html\" target=\"_blank\" rel=\"nofollow noopener\">l\u2019\u00c9pop\u00e9e, ce \u00ab\u00a0tiers-lieu d\u2019innovation \u00e9ducative\u00a0\u00bb<\/a>, implant\u00e9 en\u00a02021 sur le site &#8230;<\/p>\n","protected":false},"excerpt":{"rendered":"\u00c0 Sainte-Marthe, dans le 14e arrondissement, on est bien dans ce qu\u2019on appelle les quartiers nord de Marseille.&hellip;\n","protected":false},"author":2,"featured_media":757142,"comment_status":"","ping_status":"","sticky":false,"template":"","format":"standard","meta":{"footnotes":"","_share_on_mastodon":"0"},"categories":[2814],"tags":[5734,1111,11,5949,1777,674,1011,27,4021,151,884,3434,12,1308,882,25,84116,9066],"class_list":["post-757141","post","type-post","status-publish","format-standard","has-post-thumbnail","category-marseille","tag-5734","tag-actu","tag-actualites","tag-elections","tag-eu","tag-europe","tag-fr","tag-france","tag-habitants","tag-les","tag-marseille","tag-municipales-2026","tag-news","tag-nord","tag-provence-alpes-cote-dazur","tag-republique-francaise","tag-sentent","tag-un"],"share_on_mastodon":{"url":"https:\/\/pubeurope.com\/@fr\/116127384616863909","error":""},"_links":{"self":[{"href":"https:\/\/www.europesays.com\/fr\/wp-json\/wp\/v2\/posts\/757141","targetHints":{"allow":["GET"]}}],"collection":[{"href":"https:\/\/www.europesays.com\/fr\/wp-json\/wp\/v2\/posts"}],"about":[{"href":"https:\/\/www.europesays.com\/fr\/wp-json\/wp\/v2\/types\/post"}],"author":[{"embeddable":true,"href":"https:\/\/www.europesays.com\/fr\/wp-json\/wp\/v2\/users\/2"}],"replies":[{"embeddable":true,"href":"https:\/\/www.europesays.com\/fr\/wp-json\/wp\/v2\/comments?post=757141"}],"version-history":[{"count":0,"href":"https:\/\/www.europesays.com\/fr\/wp-json\/wp\/v2\/posts\/757141\/revisions"}],"wp:featuredmedia":[{"embeddable":true,"href":"https:\/\/www.europesays.com\/fr\/wp-json\/wp\/v2\/media\/757142"}],"wp:attachment":[{"href":"https:\/\/www.europesays.com\/fr\/wp-json\/wp\/v2\/media?parent=757141"}],"wp:term":[{"taxonomy":"category","embeddable":true,"href":"https:\/\/www.europesays.com\/fr\/wp-json\/wp\/v2\/categories?post=757141"},{"taxonomy":"post_tag","embeddable":true,"href":"https:\/\/www.europesays.com\/fr\/wp-json\/wp\/v2\/tags?post=757141"}],"curies":[{"name":"wp","href":"https:\/\/api.w.org\/{rel}","templated":true}]}}