{"id":757300,"date":"2026-02-24T21:38:17","date_gmt":"2026-02-24T21:38:17","guid":{"rendered":"https:\/\/www.europesays.com\/fr\/757300\/"},"modified":"2026-02-24T21:38:17","modified_gmt":"2026-02-24T21:38:17","slug":"ffc-lnc-la-nouvelle-convention-adoptee-pour-un-an-actualite","status":"publish","type":"post","link":"https:\/\/www.europesays.com\/fr\/757300\/","title":{"rendered":"FFC &#8211; LNC : La nouvelle convention adopt\u00e9e pour un an &#8211; Actualit\u00e9"},"content":{"rendered":"<p>L&rsquo;assembl\u00e9e g\u00e9n\u00e9rale de la F\u00e9d\u00e9ration fran\u00e7aise de cyclisme a mis au vote l&rsquo;adoption de\u00a0<a href=\"https:\/\/www.directvelo.com\/actualite\/126575\/la-ffc-reprend-le-pouvoir-sur-le-cyclisme-pro\" target=\"_blank\" rel=\"noopener nofollow\"><strong>la nouvelle convention entre la F\u00e9d\u00e9ration fran\u00e7aise de cyclisme (f\u00e9d\u00e9ration d\u00e9l\u00e9gataire) et la Ligue nationale de cyclisme pour une dur\u00e9e d&rsquo;un an<\/strong><\/a>. Celle qui \u00e9tait en vigueur sera caduque au 1er mars 2026.<\/p>\n<p>Dimanche dernier, lors de cette assembl\u00e9e g\u00e9n\u00e9rale r\u00e9unie \u00e0 Pau, Michel Callot, pr\u00e9sident de la FFC, a r\u00e9sum\u00e9 les nouveaut\u00e9s de cette nouvelle convention. La FFC sera la seule organisatrice du Championnat de France professionnel et la seule interlocutrice des instances internationales.<\/p>\n<p>La Ligue sera comp\u00e9tente pour s&rsquo;occuper des \u00e9quipes pro au sens de l&rsquo;UCI, WorldTeams et ProTeams, ainsi que les \u00e9quipes Continentales \u00ab\u00a0professionnelles\u00a0\u00bb. \u00ab\u00a0La FFC n&rsquo;en pense que du bien\u00a0\u00bb, a soulign\u00e9 Michel Callot en parlant des Conti de la Ligue. La Ligue sera aussi comp\u00e9tente pour les trois niveaux de courses pros : WorldTour, ProSeries et Classe 1. Elle g\u00e8rera la participation des coureurs professionnels dans les \u00e9preuves professionnelles. Sous-entendu, l&rsquo;activit\u00e9 des Conti F\u00e9d\u00e9rales est du ressort de la FFC.\u00a0<\/p>\n<p><strong>LES CLUBS DISENT OUI \u00c0 95%<\/strong><\/p>\n<p>Le Pr\u00e9sident de la FFC a aussi expliqu\u00e9 pendant cette Assembl\u00e9e g\u00e9n\u00e9rale la dur\u00e9e d&rsquo;une ann\u00e9e de cette convention \u00ab\u00a0pour observer comment on fonctionne avec ce nouveau mode de gouvernance. Au bout d&rsquo;un an, soit \u00e7a fonctionne et il n&rsquo;y a pas de probl\u00e8me, soit \u00e7a ne fonctionne pas et il faut modifier les choses pour qu&rsquo;on puisse arriver \u00e0 un cadre satisfaisant pour l&rsquo;ensemble du cyclisme fran\u00e7ais, avant d&rsquo;ajouter, les \u00e9volutions tr\u00e8s rapides du cyclisme international font que l&rsquo;unit\u00e9 de vue sur un cyclisme national, et sur le cyclisme fran\u00e7ais en particulier, est essentielle. On ne peut pas avoir des entit\u00e9s qui partent dans des directions oppos\u00e9es. On sera trop fragiles demain pour pouvoir se le permettre\u00a0\u00bb.<\/p>\n<p>Les clubs et les d\u00e9l\u00e9gu\u00e9s territoriaux des comit\u00e9s ont vot\u00e9 par voie \u00e9lectronique. 542 clubs \u00e9taient inscrits et 150 d\u00e9l\u00e9gu\u00e9s. Les modifications statutaires de la LNC ont \u00e9t\u00e9 vot\u00e9es \u00e0 96,26 %. Dans le d\u00e9tail, les clubs ont vot\u00e9 \u00e0 95,63% et les d\u00e9l\u00e9gu\u00e9s \u00e0 96,89%.<\/p>\n<p>La nouvelle convention est issue d&rsquo;une commission de conciliation entre la Ligue et FFC. Elle avait \u00e9t\u00e9 adopt\u00e9e le 20 janvier par le Conseil d&rsquo;administration de la Ligue, \u00e0 l&rsquo;unanimit\u00e9. Le Conseil F\u00e9d\u00e9ral a rendu un avis favorable mais pas \u00e0 l&rsquo;unanimit\u00e9. Le Bureau ex\u00e9cutif de la FFC a vot\u00e9, pas \u00e0 l&rsquo;unanimit\u00e9 non plus, pour cette modification des statuts de la LNC.<\/p>\n","protected":false},"excerpt":{"rendered":"L&rsquo;assembl\u00e9e g\u00e9n\u00e9rale de la F\u00e9d\u00e9ration fran\u00e7aise de cyclisme a mis au vote l&rsquo;adoption de\u00a0la nouvelle convention entre la&hellip;\n","protected":false},"author":2,"featured_media":757301,"comment_status":"","ping_status":"","sticky":false,"template":"","format":"standard","meta":{"footnotes":"","_share_on_mastodon":"0"},"categories":[1411],"tags":[834,828,836,829,837,827,83,826,824,823,1154,207,814,817,815,816,822,821,832,211,839,1011,27,820,818,819,835,831,830,833,838,60,212,208,825],"class_list":["post-757300","post","type-post","status-publish","format-standard","has-post-thumbnail","category-cyclisme","tag-attaque","tag-belgique","tag-braquet","tag-bretagne","tag-chute","tag-competition","tag-coupe-de-france","tag-coureur","tag-course-cyclisme","tag-course-cycliste","tag-cycling","tag-cyclisme","tag-direct","tag-direct-velo","tag-directvelo","tag-directvelo-com","tag-epreuve","tag-epreuve-cycliste","tag-federation-francaise-de-cyclisme","tag-ffc","tag-flandres","tag-fr","tag-france","tag-live","tag-live-course","tag-live-epreuve","tag-peloton","tag-radio-peloton","tag-radio-tour","tag-ravitaillement","tag-relance","tag-sports","tag-uci","tag-velo","tag-velos"],"share_on_mastodon":{"url":"https:\/\/pubeurope.com\/@fr\/116127773890054895","error":""},"_links":{"self":[{"href":"https:\/\/www.europesays.com\/fr\/wp-json\/wp\/v2\/posts\/757300","targetHints":{"allow":["GET"]}}],"collection":[{"href":"https:\/\/www.europesays.com\/fr\/wp-json\/wp\/v2\/posts"}],"about":[{"href":"https:\/\/www.europesays.com\/fr\/wp-json\/wp\/v2\/types\/post"}],"author":[{"embeddable":true,"href":"https:\/\/www.europesays.com\/fr\/wp-json\/wp\/v2\/users\/2"}],"replies":[{"embeddable":true,"href":"https:\/\/www.europesays.com\/fr\/wp-json\/wp\/v2\/comments?post=757300"}],"version-history":[{"count":0,"href":"https:\/\/www.europesays.com\/fr\/wp-json\/wp\/v2\/posts\/757300\/revisions"}],"wp:featuredmedia":[{"embeddable":true,"href":"https:\/\/www.europesays.com\/fr\/wp-json\/wp\/v2\/media\/757301"}],"wp:attachment":[{"href":"https:\/\/www.europesays.com\/fr\/wp-json\/wp\/v2\/media?parent=757300"}],"wp:term":[{"taxonomy":"category","embeddable":true,"href":"https:\/\/www.europesays.com\/fr\/wp-json\/wp\/v2\/categories?post=757300"},{"taxonomy":"post_tag","embeddable":true,"href":"https:\/\/www.europesays.com\/fr\/wp-json\/wp\/v2\/tags?post=757300"}],"curies":[{"name":"wp","href":"https:\/\/api.w.org\/{rel}","templated":true}]}}