{"id":75736,"date":"2025-05-05T03:50:15","date_gmt":"2025-05-05T03:50:15","guid":{"rendered":"https:\/\/www.europesays.com\/fr\/75736\/"},"modified":"2025-05-05T03:50:15","modified_gmt":"2025-05-05T03:50:15","slug":"cyclisme-la-vuelta-femenina-un-depart-chaotique-pfp-et-visma-furieuses-contre-luci","status":"publish","type":"post","link":"https:\/\/www.europesays.com\/fr\/75736\/","title":{"rendered":"Cyclisme. La Vuelta Femenina &#8211; Un d\u00e9part chaotique&#8230; PFP et Visma furieuses contre l&rsquo;UCI"},"content":{"rendered":"<p><strong><a href=\"https:\/\/www.cyclismactu.net\/..\/news-cyclisme-route-la-vuelta-femenina-la-1ere-etape-pour-lidl-trek-et-van-dijk-fdj-suez-pas-vernie-87664.html\" target=\"_blank\" rel=\"noopener\">La\u00a0Vuelta Espa\u00f1a Femenina by Carrefour.es<\/a><\/strong>\u00a0a d\u00e9but\u00e9 ce dimanche dans les rues de Barcelone par un contre-la-montre par \u00e9quipes remport\u00e9 par la <strong>Lidl-Trek<\/strong>&#8230; et par une grosse pol\u00e9mique qui a entach\u00e9 ce Grand D\u00e9part dans la capitale catalane ! Comme on a pu le constater en direct, plusieurs \u00e9quipes ont en effet rencontr\u00e9 des probl\u00e8mes au d\u00e9part de ce chrono, certaines devant s&rsquo;\u00e9lancer sans \u00eatre au complet ou m\u00eame en retard&#8230; C&rsquo;est notamment le cas de la <strong>Visma | Lease a Bike<\/strong> de <strong>Pauline Ferrand-Pr\u00e9vot<\/strong>\u00a0et de la\u00a0<strong>Uno-X Mobility<\/strong>. Tout ce chaos est en fait parti de la\u00a0<strong>Movistar<\/strong>, qui ne s&rsquo;est pas pr\u00e9sent\u00e9e \u00e0 l&rsquo;heure au contr\u00f4le des v\u00e9los,\u00a0en vue des v\u00e9rifications du mat\u00e9riel par les commissaires. Le retard de l&rsquo;\u00e9quipe espagnole s&rsquo;est ensuite r\u00e9percut\u00e9 sur les formations n\u00e9erlandaise et norv\u00e9gienne, qui ont subi la situation et respectivement termin\u00e9 10e (+ 21&Prime;) et 11e (+ 24&Prime;). Un couac qui n&rsquo;est forc\u00e9ment pas rest\u00e9 sans cons\u00e9quences&#8230;<\/p>\n<p>Vid\u00e9o &#8211; Le d\u00e9part chaotique de la Visma dans le r\u00e9sum\u00e9 du jour Lire la suite de l&rsquo;article&#13;<\/p>\n<p>\u00a0<\/p>\n<p>&#13;<br \/>\n<strong>Pauline Ferrand-Pr\u00e9vot :\u00a0<\/strong>\u00ab\u00a0WTF !\u00a0Comment l&rsquo;organisation d&rsquo;un Grand Tour peut-elle \u00eatre aussi amateur ?\u00a0\u00bb&#13;<\/p>\n<p>Se sentant logiquement flou\u00e9e d&rsquo;\u00eatre partie avec deux coureuses en retard sur les 5 autres, <strong><a href=\"https:\/\/www.instagram.com\/stories\/paulineferrandprevot\/3625148540427317816\/?hl=fr\" target=\"_blank\" rel=\"noopener\">Pauline Ferrand-Pr\u00e9vot<\/a><\/strong>\u00a0a dans un premier temps vivement r\u00e9agi au travers story Instagram. Furieuse, la Fran\u00e7aise a laiss\u00e9 \u00e9clater sa col\u00e8re et sa frustration. \u00ab\u00a0WTF ! Comment l&rsquo;organisation d&rsquo;un Grand Tour peut-elle \u00eatre aussi amateur ? Le jury dort pendant le contr\u00f4le de nos v\u00e9los ?! On \u00e9tait l\u00e0 20 minutes avant le contr\u00f4le et deux de nos filles ne sont pas arriv\u00e9es \u00e0 temps. On n&rsquo;arr\u00eatait pas de dire au jury qu&rsquo;on devait y aller, mais apparemment, ils \u00e9taient d\u00e9tendus. Tant de pr\u00e9paration et d&rsquo;efforts pour rien. Perdre autant de temps au classement g\u00e9n\u00e9ral\u2026 UCI, vous \u00eates en faveur d&rsquo;un sport \u00e9quitable, mais ce n&rsquo;est pas la bonne voie\u00a0\u00bb, avait-elle r\u00e9agi de mani\u00e8re instinctive.<\/p>\n<p>&#13;<\/p>\n<p>Et l&rsquo;affaire n&rsquo;en est pas rest\u00e9e l\u00e0. L&rsquo;Union Cycliste Internationale (<strong>UCI<\/strong>) a dans la foul\u00e9e publi\u00e9 son communiqu\u00e9 de course dans lequel elle a indiqu\u00e9 que la Movistar avait \u00e9cop\u00e9\u00a0d&rsquo;une amende pour retard de 1 600 CHF au total.\u00a0Le jury a ensuite reconnu que la situation n&rsquo;avait pas \u00e9t\u00e9 bien g\u00e9r\u00e9e, mais qu&rsquo;il n&rsquo;y avait d\u00e9sormais plus rien \u00e0 faire pour y rem\u00e9dier. Un constat qui est loin de satisfaire la <strong>Visma | Lease a Bike<\/strong>, qui a annonc\u00e9 dans un communiqu\u00e9\u00a0avoir d\u00e9pos\u00e9 une plainte aupr\u00e8s de l&rsquo;UCI.<\/p>\n<p>&#13;<\/p>\n<blockquote class=\"twitter-tweet\" style=\"width:100%!important;max-width:550px!important;min-width:250px;height:500px;\" data-media-max-width=\"560\"><p>&#13;<\/p>\n<p dir=\"ltr\" lang=\"en\">CHAOS at the start of La Vuelta Femenina for Visma &#8211; Lease a bike!<\/p>\n<p>TWO of their riders missed the team\u2019s TTT start time. What is going on? ? <a href=\"https:\/\/t.co\/O65EbFhC4h\">pic.twitter.com\/O65EbFhC4h<\/a><\/p>\n<p>&#13;<br \/>\n\u2014 Cycling on TNT Sports (@cyclingontnt) <a href=\"https:\/\/twitter.com\/cyclingontnt\/status\/1918993674442051806?ref_src=twsrc%5Etfw\" target=\"_blank\" rel=\"noopener\">May 4, 2025<\/a><\/p><\/blockquote>\n<p>&#13;<br \/>\n&#13;<\/p>\n<p>\u00a0<\/p>\n<p>&#13;<br \/>\nLa Visma d\u00e9pose une plainte aupr\u00e8s de l&rsquo;UCI&#13;<\/p>\n<p>\u00ab\u00a0Le jury de l&rsquo;UCI a reconnu des erreurs dans l&rsquo;organisation du d\u00e9part, mais a indiqu\u00e9 qu&rsquo;aucune autre mesure ne serait prise.\u00a0L&rsquo;\u00e9quipe Visma | Lease a Bike Women va prendre des mesures suppl\u00e9mentaires et d\u00e9poser une plainte officielle aupr\u00e8s du conseil d&rsquo;administration de l&rsquo;UCI\u00a0\u00bb, peut-on lire dans ce communiqu\u00e9. \u00ab\u00a0Nous travaillons dans le sport de haut niveau et il s&rsquo;agit de l&rsquo;une des \u00e9preuves majeures du calendrier\u00a0\u00bb, a d\u00e9clar\u00e9 <strong>Jacco Verhaeren<\/strong>, responsable de l&rsquo;entra\u00eenement de l&rsquo;\u00e9quipe. \u00ab\u00a0Nous f\u00e9licitons bien s\u00fbr les vainqueurs l\u00e9gitimes d&rsquo;aujourd&rsquo;hui, Lidl-Trek, pour leur victoire. Nous tenons \u00e9galement \u00e0 souligner que dans le sport, tout est une question de fair-play pour toutes les \u00e9quipes. Malheureusement, ce n&rsquo;\u00e9tait pas le cas aujourd&rsquo;hui, et nous le regrettons profond\u00e9ment. Bien que les coureuses soient arriv\u00e9es \u00e0 temps pour le contr\u00f4le obligatoire des v\u00e9los avant le contre-la-montre par \u00e9quipes, le processus a \u00e9t\u00e9 retard\u00e9 par l&rsquo;arriv\u00e9e tardive d&rsquo;une autre \u00e9quipe. De plus, le contr\u00f4le n&rsquo;a \u00e9t\u00e9 effectu\u00e9 que par une seule personne au d\u00e9part, ce qui a encore allong\u00e9 le temps d&rsquo;attente. Ce n&rsquo;est que plus tard qu&rsquo;un deuxi\u00e8me inspecteur a \u00e9t\u00e9 d\u00e9ploy\u00e9, mais l&rsquo;\u00e9quipe Visma n&rsquo;en a plus b\u00e9n\u00e9fici\u00e9. Par cons\u00e9quent, certaines coureuses ont re\u00e7u leurs v\u00e9los avec tant de retard qu&rsquo;elles n&rsquo;ont pas pu se pr\u00e9senter au d\u00e9part \u00e0 l&rsquo;heure.\u00a0\u00bb<\/p>\n<p>&#13;<\/p>\n<p>La N\u00e9erlandaise <strong>Anouska Koster<\/strong> (Uno-X) a \u00e9galement livr\u00e9 sa version des faits et donn\u00e9 quelques \u00e9clairages sur l&rsquo;origine de ce chaos. \u00ab\u00a0\u00c0 cause d&rsquo;une des \u00e9quipes devant nous (Movistar, ndlr), nous sommes arriv\u00e9es en retard au d\u00e9part. Nous \u00e9tions au contr\u00f4le des v\u00e9los plus de quinze minutes avant le d\u00e9part, mais comme une autre \u00e9quipe est arriv\u00e9e plus tard, nous avons d\u00fb attendre et notre point de contr\u00f4le n&rsquo;\u00e9tait pas pr\u00eat \u00e0 temps. On ne savait pas qu&rsquo;on devait partir, car personne ne donnait l&rsquo;heure. Du coup, on n&rsquo;\u00e9tait pas encore sur la grille de d\u00e9part, donc on n&rsquo;a pas \u00e9t\u00e9 valid\u00e9s et il n&rsquo;y a pas eu de compte \u00e0 rebours. Au final, on est parties avec dix secondes de retard.\u00a0\u00bb<\/p>\n<p>Vuelta Espana Femenina by Carrefour.es &#8211; Classement de la 1\u00e8 \u00e9tape Vuelta Espana Femenina by Carrefour.es &#8211; Classement g\u00e9n\u00e9ral provisoire apr\u00e8s la 1\u00e8 \u00e9tape<script async src=\"https:\/\/platform.twitter.com\/widgets.js\" charset=\"utf-8\"><\/script><script async src=\"\/\/www.instagram.com\/embed.js\"><\/script><\/p>\n","protected":false},"excerpt":{"rendered":"La\u00a0Vuelta Espa\u00f1a Femenina by Carrefour.es\u00a0a d\u00e9but\u00e9 ce dimanche dans les rues de Barcelone par un contre-la-montre par \u00e9quipes&hellip;\n","protected":false},"author":2,"featured_media":75737,"comment_status":"","ping_status":"","sticky":false,"template":"","format":"standard","meta":{"footnotes":""},"categories":[1411],"tags":[1154,207,211,1011,27,17874,209,60,210,212,208,213],"class_list":{"0":"post-75736","1":"post","2":"type-post","3":"status-publish","4":"format-standard","5":"has-post-thumbnail","7":"category-cyclisme","8":"tag-cycling","9":"tag-cyclisme","10":"tag-ffc","11":"tag-fr","12":"tag-france","13":"tag-la-vuelta-femenina","14":"tag-route","15":"tag-sports","16":"tag-tour-de-france","17":"tag-uci","18":"tag-velo","19":"tag-world-tour"},"share_on_mastodon":{"url":"https:\/\/pubeurope.com\/@fr\/114453192583452139","error":""},"_links":{"self":[{"href":"https:\/\/www.europesays.com\/fr\/wp-json\/wp\/v2\/posts\/75736","targetHints":{"allow":["GET"]}}],"collection":[{"href":"https:\/\/www.europesays.com\/fr\/wp-json\/wp\/v2\/posts"}],"about":[{"href":"https:\/\/www.europesays.com\/fr\/wp-json\/wp\/v2\/types\/post"}],"author":[{"embeddable":true,"href":"https:\/\/www.europesays.com\/fr\/wp-json\/wp\/v2\/users\/2"}],"replies":[{"embeddable":true,"href":"https:\/\/www.europesays.com\/fr\/wp-json\/wp\/v2\/comments?post=75736"}],"version-history":[{"count":0,"href":"https:\/\/www.europesays.com\/fr\/wp-json\/wp\/v2\/posts\/75736\/revisions"}],"wp:featuredmedia":[{"embeddable":true,"href":"https:\/\/www.europesays.com\/fr\/wp-json\/wp\/v2\/media\/75737"}],"wp:attachment":[{"href":"https:\/\/www.europesays.com\/fr\/wp-json\/wp\/v2\/media?parent=75736"}],"wp:term":[{"taxonomy":"category","embeddable":true,"href":"https:\/\/www.europesays.com\/fr\/wp-json\/wp\/v2\/categories?post=75736"},{"taxonomy":"post_tag","embeddable":true,"href":"https:\/\/www.europesays.com\/fr\/wp-json\/wp\/v2\/tags?post=75736"}],"curies":[{"name":"wp","href":"https:\/\/api.w.org\/{rel}","templated":true}]}}