{"id":757444,"date":"2026-02-24T23:02:13","date_gmt":"2026-02-24T23:02:13","guid":{"rendered":"https:\/\/www.europesays.com\/fr\/757444\/"},"modified":"2026-02-24T23:02:13","modified_gmt":"2026-02-24T23:02:13","slug":"les-circonstances-de-laccident-qui-a-coute-la-vie-a-un-motard-de-22-ans","status":"publish","type":"post","link":"https:\/\/www.europesays.com\/fr\/757444\/","title":{"rendered":"les circonstances de l\u2019accident qui a co\u00fbt\u00e9 la vie \u00e0 un motard de 22\u00a0ans"},"content":{"rendered":"<p>\n                Article premium,<br \/>\n                    R\u00e9serv\u00e9 aux\u00a0abonn\u00e9s\n            <\/p>\n<p class=\"su-standfirst chapeau\">Un motard de 22\u00a0ans a perdu la vie, ce lundi 23\u00a0f\u00e9vrier 2026 en fin de journ\u00e9e, apr\u00e8s une collision avec un poids lourd \u00e0 Luceau\u00a0(Sarthe). Ce jeune p\u00e8re de famille \u00e9tait domicili\u00e9 dans la commune.<\/p>\n<p>                                        <img decoding=\"async\" class=\"su-media\" src=\"https:\/\/media.ouest-france.fr\/v1\/pictures\/MjAyNjAyNmNmYzAyODllYzg1ZWVlMGUzZmZmMjMwOTI0NDc1MjM?width=1260&amp;height=708&amp;focuspoint=50%2C25&amp;cropresize=1&amp;client_id=bpeditorial&amp;sign=fad2019b481a11c5d83c7dd300aa131b849fbd9db4f66b3cd7cb4ba2f5d3dba0\" alt=\"Une circulation altern\u00e9e sur une place a \u00e9t\u00e9 mise en place par les gendarmes le temps de l\u2019intervention vaine des secours.\"  \/><\/p>\n<p>                            Une circulation altern\u00e9e sur une place a \u00e9t\u00e9 mise en place par les gendarmes le temps de l\u2019intervention vaine des secours. | ILLUSTRATION PRESSE OC\u00c9AN<\/p>\n<p>                            fermer<\/p>\n<ul class=\"su-row su-carrousel-container su-not-list\" data-suswipe=\"{\" rambo=\"\" .carrousel-nav-bas=\"\" .item=\"\">\n<li class=\"su-col-xs-6 su-col-md-24 carrousel-contenu su-carrousel-item\" data-ofvwidth=\"{\" mobileonly=\"\"><img decoding=\"async\" data-ofmaxheight=\"\" class=\"su-media lazyload\" alt=\"Une circulation altern\u00e9e sur une place a \u00e9t\u00e9 mise en place par les gendarmes le temps de l\u2019intervention vaine des secours.\" src=\"data:image\/png;base64,iVBORw0KGgoAAAANSUhEUgAAABAAAAAJCAYAAAA7KqwyAAAAGXRFWHRTb2Z0d2FyZQBBZG9iZSBJbWFnZVJlYWR5ccllPAAAABhJREFUeNpi\/P\/\/PwMlgHHUgFEDgAAgwAD+lBrvy+NcxAAAAABJRU5ErkJggg==\" data-oflazyload=\"{&quot;srcset&quot;:&quot;https:\/\/media.ouest-france.fr\/v1\/pictures\/MjAyNjAyNmNmYzAyODllYzg1ZWVlMGUzZmZmMjMwOTI0NDc1MjM?width=320&amp;focuspoint=50%2C25&amp;cropresize=1&amp;client_id=bpeditorial&amp;sign=a2975198b6e2b213e0a20b09303f6cbca7f8ba025fb3a855a302c38e29723411 320w,https:\/\/media.ouest-france.fr\/v1\/pictures\/MjAyNjAyNmNmYzAyODllYzg1ZWVlMGUzZmZmMjMwOTI0NDc1MjM?width=375&amp;focuspoint=50%2C25&amp;cropresize=1&amp;client_id=bpeditorial&amp;sign=adfaa650a8424c7f1e5b97c9678a247ac564360e1dc85b6470cf15321961d33b 360w,https:\/\/media.ouest-france.fr\/v1\/pictures\/MjAyNjAyNmNmYzAyODllYzg1ZWVlMGUzZmZmMjMwOTI0NDc1MjM?width=480&amp;focuspoint=50%2C25&amp;cropresize=1&amp;client_id=bpeditorial&amp;sign=036e582427ee10ebeb27498a2358fa17ef19670c26b57b9bd3b014814de8019d 480w,https:\/\/media.ouest-france.fr\/v1\/pictures\/MjAyNjAyNmNmYzAyODllYzg1ZWVlMGUzZmZmMjMwOTI0NDc1MjM?width=630&amp;focuspoint=50%2C25&amp;cropresize=1&amp;client_id=bpeditorial&amp;sign=014c6a1ed455e10c2d7d08a97b851d852a6baf90d9d21b51d11c3d3e73b36ef2 630w,https:\/\/media.ouest-france.fr\/v1\/pictures\/MjAyNjAyNmNmYzAyODllYzg1ZWVlMGUzZmZmMjMwOTI0NDc1MjM?width=940&amp;focuspoint=50%2C25&amp;cropresize=1&amp;client_id=bpeditorial&amp;sign=b245fa222146a4fc94c9edbdf735807eada2a822fa511ef9ad32dd26cd6fc64f 940w,https:\/\/media.ouest-france.fr\/v1\/pictures\/MjAyNjAyNmNmYzAyODllYzg1ZWVlMGUzZmZmMjMwOTI0NDc1MjM?width=1260&amp;focuspoint=50%2C25&amp;cropresize=1&amp;client_id=bpeditorial&amp;sign=4cd299b8cb47a55cc11a2db8770ad98b9ff2e954eff949875946d66d7bdf9e0b 1260w&quot;}\"\/>Une circulation altern\u00e9e sur une place a \u00e9t\u00e9 mise en place par les gendarmes le temps de l\u2019intervention vaine des secours. | ILLUSTRATION PRESSE OC\u00c9AN<\/li>\n<\/ul>\n<p>        Publi\u00e9 le 24\/02\/2026  \u00e0 19h38<\/p>\n<p>                            Lire plus tard<\/p>\n<p>                            Partager<\/p>\n<ul id=\"partage-col-gauche\" class=\"su-not-list su-hidden su-margin-top-xs\">\n<li>FacebookFacebook<\/li>\n<li>BlueSkyBlueSky<\/li>\n<li>FlipboardFlipboard<\/li>\n<li>linkedinLinkedIn<\/li>\n<\/ul>\n<p class=\"su-h3 su-margin-bottom-xs\">Newsletter La Matinale<\/p>\n<p>Chaque matin, l\u2019actualit\u00e9 du jour s\u00e9lectionn\u00e9e par <strong>Ouest-France<\/strong><\/p>\n<p class=\"su-margin-top-s su-text-xsmall texte-rgpd su-hidden\">Votre e-mail, avec votre consentement, est utilis\u00e9 par Ouest-France pour recevoir notre newsletter. <a class=\"su-link-light\" href=\"https:\/\/www.ouest-france.fr\/politique-de-protection-des-donnees-personnelles\/\" rel=\"nofollow noopener\" target=\"_blank\">En\u00a0savoir\u00a0plus<\/a>.<\/p>\n<p>Ce lundi 23\u00a0f\u00e9vrier 2026, vers 18\u00a0h\u00a045, un accident de la circulation s\u2019est produit <a href=\"https:\/\/www.ouest-france.fr\/societe\/faits-divers\/un-mort-dans-un-accident-entre-un-poids-lourd-et-une-moto-49b926c0-10fe-11f1-b929-abb85d5fd4cd\" target=\"_blank\" rel=\"nofollow noopener\">entre une moto et un poids lourd<\/a> \u00e0 Luceau, sur la route D338, dans le sens Montval-sur-Loir &#8211; Le Mans, \u00e0 proximit\u00e9 de la ZAC de la Min\u00e9e.<\/p>\n<p>Malgr\u00e9 le d\u00e9placement de huit pompiers des casernes de Montval et \u00c9commoy, venus avec trois engins, et du Smur, le motard de 22\u00a0ans, pr\u00e9nomm\u00e9 Kim, n\u2019a pas surv\u00e9cu \u00e0 ses blessures et est d\u00e9c\u00e9d\u00e9 avant son transport \u00e0 l\u2019h\u00f4pital. Le conducteur du&#8230;<\/p>\n<p style=\"text-align: center; background-color: #dbbe4d; padding-top: 5px; padding-bottom: 5px; font-size: 14px;\"><strong>D\u00e9j\u00e0 abonn\u00e9 ? <\/strong><a data-trkartmonet=\"Identification\" data-trk-sipa=\"{\" blockcategory=\"\" paywall=\"\" href=\"http:\/\/www.ouest-france.fr\/login?redirect=https:\/\/www.ouest-france.fr\/faits-divers\/accidents\/tu-venais-detre-papa-les-circonstances-de-laccident-qui-a-coute-la-vie-a-un-motard-de-22-ans-5266c5d2-1196-11f1-b716-b464f6755d91\" rel=\"nofollow noopener\" title=\"Se connecter \u00e0 Ouest-France\" class=\"su-link-light\" target=\"_blank\">Connectez-vous<\/a><\/p>\n<p style=\"text-align: center; padding-top: 15px; padding-bottom: 8px; vertical-align: bottom;\">bloqu\u00e9<strong> Pour lire la suite, abonnez-vous<\/strong><\/p>\n<p style=\"text-align: center;\"><strong>1er mois \u00e0 1\u20ac<\/strong><\/p>\n<p style=\"text-align: center; margin-top: -5px;\">Annulable \u00e0 tout moment<\/p>\n<p style=\"text-align: center;\">\u00a0<\/p>\n<p style=\"text-align: center;\"><a data-ida=\"\" data-trkartmonet=\"Tunnel OF+\" data-trk-sipa=\"{&#010;\" blockcategory=\"\" paywall=\"\" :=\"\" m=\"\" of=\"\" class=\"&#010;        su-button&#010;        su-subscription&#010;        &#010;        &#010;    \" data-trk-bloc=\"paywall\" href=\"https:\/\/abonnement.ouest-france.fr\/le-maine-libre\/tunnel\/pack-essentiel-article\/122096116099?int_medium=lien&amp;int_campaign=PWFR0225-ML&amp;int_content=page-article-payant_boutonjaune-paywall&amp;marquesource=ML&amp;rt=https:\/\/www.ouest-france.fr\/faits-divers\/accidents\/tu-venais-detre-papa-les-circonstances-de-laccident-qui-a-coute-la-vie-a-un-motard-de-22-ans-5266c5d2-1196-11f1-b716-b464f6755d91\" rel=\"nofollow noopener\" target=\"_blank\"><br \/>\n    <strong>Je m&rsquo;abonne<\/strong><br \/>\n<\/a><\/p>\n<p style=\"text-align: center; padding-top: 10px; padding-bottom: 10px;\"><img decoding=\"async\" src=\"https:\/\/media.ouest-france.fr\/v1\/fonts\/be7723fcee3f1866f1ce99184077fc6f-carte-bancaire.svg?height=36\" alt=\"CB\"\/>\u00a0\u00a0<img decoding=\"async\" src=\"https:\/\/media.ouest-france.fr\/v1\/fonts\/1819d54c599d8afa64539cfba4ac9dde-rib.svg?height=36\" alt=\"RIB\"\/><\/p>\n","protected":false},"excerpt":{"rendered":"Article premium, R\u00e9serv\u00e9 aux\u00a0abonn\u00e9s Un motard de 22\u00a0ans a perdu la vie, ce lundi 23\u00a0f\u00e9vrier 2026 en fin&hellip;\n","protected":false},"author":2,"featured_media":757445,"comment_status":"","ping_status":"","sticky":false,"template":"","format":"standard","meta":{"footnotes":"","_share_on_mastodon":"0"},"categories":[4],"tags":[3085,74853,11,118,1011,27,84142,12,25,25849,96],"class_list":["post-757444","post","type-post","status-publish","format-standard","has-post-thumbnail","category-france","tag-accidents","tag-actualite-en-continu","tag-actualites","tag-faits-divers","tag-fr","tag-france","tag-luceau","tag-news","tag-republique-francaise","tag-sarthe","tag-une"],"share_on_mastodon":{"url":"https:\/\/pubeurope.com\/@fr\/116128104408910739","error":""},"_links":{"self":[{"href":"https:\/\/www.europesays.com\/fr\/wp-json\/wp\/v2\/posts\/757444","targetHints":{"allow":["GET"]}}],"collection":[{"href":"https:\/\/www.europesays.com\/fr\/wp-json\/wp\/v2\/posts"}],"about":[{"href":"https:\/\/www.europesays.com\/fr\/wp-json\/wp\/v2\/types\/post"}],"author":[{"embeddable":true,"href":"https:\/\/www.europesays.com\/fr\/wp-json\/wp\/v2\/users\/2"}],"replies":[{"embeddable":true,"href":"https:\/\/www.europesays.com\/fr\/wp-json\/wp\/v2\/comments?post=757444"}],"version-history":[{"count":0,"href":"https:\/\/www.europesays.com\/fr\/wp-json\/wp\/v2\/posts\/757444\/revisions"}],"wp:featuredmedia":[{"embeddable":true,"href":"https:\/\/www.europesays.com\/fr\/wp-json\/wp\/v2\/media\/757445"}],"wp:attachment":[{"href":"https:\/\/www.europesays.com\/fr\/wp-json\/wp\/v2\/media?parent=757444"}],"wp:term":[{"taxonomy":"category","embeddable":true,"href":"https:\/\/www.europesays.com\/fr\/wp-json\/wp\/v2\/categories?post=757444"},{"taxonomy":"post_tag","embeddable":true,"href":"https:\/\/www.europesays.com\/fr\/wp-json\/wp\/v2\/tags?post=757444"}],"curies":[{"name":"wp","href":"https:\/\/api.w.org\/{rel}","templated":true}]}}