{"id":757467,"date":"2026-02-24T23:17:09","date_gmt":"2026-02-24T23:17:09","guid":{"rendered":"https:\/\/www.europesays.com\/fr\/757467\/"},"modified":"2026-02-24T23:17:09","modified_gmt":"2026-02-24T23:17:09","slug":"lom-et-rennes-sarrachent-le-giroud-croate","status":"publish","type":"post","link":"https:\/\/www.europesays.com\/fr\/757467\/","title":{"rendered":"L&rsquo;OM et Rennes s&rsquo;arrachent le \u00ab\u00a0Giroud croate\u00a0\u00bb"},"content":{"rendered":"<p>Un duel inattendu se pr\u00e9pare cet \u00e9t\u00e9 entre les deux pensionnaires de Ligue 1.<\/p>\n<p>La bataille s\u2019annonce intense entre l\u2019Olympique de Marseille et le Stade Rennais pour s\u2019attacher les services de Dion Beljo. L\u2019avant-centre du Dinamo Zagreb attise les convoitises apr\u00e8s une saison prolifique (18 buts en 32 matchs, dont 5 en Ligue Europa). Du haut de ses 1,93 m, le Croate de 23 ans s\u00e9duit par son profil de pur num\u00e9ro 9, capable de peser physiquement sur les d\u00e9fenses et de convertir les occasions dans la surface.<\/p>\n<p>Des pistes aussi en Angleterre et en Italie<\/p>\n<p>D\u00e9j\u00e0 pass\u00e9 par Augsburg sans parvenir \u00e0 s\u2019y imposer durablement, Beljo a relanc\u00e9 sa carri\u00e8re \u00e0 Zagreb. Sous contrat jusqu\u2019en 2030, il disposerait toutefois d\u2019un bon de sortie pour une somme avoisinant les 5 millions d\u2019euros, un montant jug\u00e9 abordable au regard de son potentiel. La concurrence est rude : Newcastle, Burnley, Leicester et Monza sont \u00e9galement sur les rangs.<\/p>\n<p>\u00c0 la recherche d\u2019un finisseur pour retrouver de l\u2019efficacit\u00e9 offensive, l\u2019OM comme Rennes voient en Beljo une opportunit\u00e9 de march\u00e9 int\u00e9ressante. Reste \u00e0 savoir quel projet sportif convaincra le buteur croate, suspendu pour le barrage retour europ\u00e9en mais plus que jamais au centre des attentions \u00e0 l\u2019approche du mercato estival.<\/p>\n<blockquote class=\"twitter-tweet\">\n<p lang=\"fr\" dir=\"ltr\">Vous connaissez Dion Beljo du Dinamo Zagreb ? Et bien vous allez peut-\u00eatre bient\u00f4t le connaitre parce que l&rsquo;OM est sur le dossier \ud83d\udc40\ud83d\udc99\ud83e\udd0d <a href=\"https:\/\/twitter.com\/hashtag\/TeamOM?src=hash&amp;ref_src=twsrc%5Etfw\" rel=\"nofollow noopener\" target=\"_blank\">#TeamOM<\/a> <a href=\"https:\/\/twitter.com\/hashtag\/MercatOM?src=hash&amp;ref_src=twsrc%5Etfw\" rel=\"nofollow noopener\" target=\"_blank\">#MercatOM<\/a> <a href=\"https:\/\/t.co\/Q92FHJQdMp\" rel=\"nofollow\">pic.twitter.com\/Q92FHJQdMp<\/a><\/p>\n<p>\u2014 FADA DE L&rsquo;OM (@FadadelOM_) <a href=\"https:\/\/twitter.com\/FadadelOM_\/status\/2026228264155423172?ref_src=twsrc%5Etfw\" rel=\"nofollow noopener\" target=\"_blank\">February 24, 2026<\/a><\/p><\/blockquote>\n<p><script async src=\"https:\/\/platform.twitter.com\/widgets.js\" charset=\"utf-8\"><\/script><\/p>\n","protected":false},"excerpt":{"rendered":"Un duel inattendu se pr\u00e9pare cet \u00e9t\u00e9 entre les deux pensionnaires de Ligue 1. La bataille s\u2019annonce intense&hellip;\n","protected":false},"author":2,"featured_media":757468,"comment_status":"","ping_status":"","sticky":false,"template":"","format":"standard","meta":{"footnotes":"","_share_on_mastodon":"0"},"categories":[2821],"tags":[1111,11,829,1777,674,1011,27,12,584,25],"class_list":["post-757467","post","type-post","status-publish","format-standard","has-post-thumbnail","category-rennes","tag-actu","tag-actualites","tag-bretagne","tag-eu","tag-europe","tag-fr","tag-france","tag-news","tag-rennes","tag-republique-francaise"],"share_on_mastodon":{"url":"https:\/\/pubeurope.com\/@fr\/116128163227942603","error":""},"_links":{"self":[{"href":"https:\/\/www.europesays.com\/fr\/wp-json\/wp\/v2\/posts\/757467","targetHints":{"allow":["GET"]}}],"collection":[{"href":"https:\/\/www.europesays.com\/fr\/wp-json\/wp\/v2\/posts"}],"about":[{"href":"https:\/\/www.europesays.com\/fr\/wp-json\/wp\/v2\/types\/post"}],"author":[{"embeddable":true,"href":"https:\/\/www.europesays.com\/fr\/wp-json\/wp\/v2\/users\/2"}],"replies":[{"embeddable":true,"href":"https:\/\/www.europesays.com\/fr\/wp-json\/wp\/v2\/comments?post=757467"}],"version-history":[{"count":0,"href":"https:\/\/www.europesays.com\/fr\/wp-json\/wp\/v2\/posts\/757467\/revisions"}],"wp:featuredmedia":[{"embeddable":true,"href":"https:\/\/www.europesays.com\/fr\/wp-json\/wp\/v2\/media\/757468"}],"wp:attachment":[{"href":"https:\/\/www.europesays.com\/fr\/wp-json\/wp\/v2\/media?parent=757467"}],"wp:term":[{"taxonomy":"category","embeddable":true,"href":"https:\/\/www.europesays.com\/fr\/wp-json\/wp\/v2\/categories?post=757467"},{"taxonomy":"post_tag","embeddable":true,"href":"https:\/\/www.europesays.com\/fr\/wp-json\/wp\/v2\/tags?post=757467"}],"curies":[{"name":"wp","href":"https:\/\/api.w.org\/{rel}","templated":true}]}}