{"id":757486,"date":"2026-02-24T23:27:20","date_gmt":"2026-02-24T23:27:20","guid":{"rendered":"https:\/\/www.europesays.com\/fr\/757486\/"},"modified":"2026-02-24T23:27:20","modified_gmt":"2026-02-24T23:27:20","slug":"video-pres-de-toulouse-vise-par-des-tueurs-a-gages-engages-par-sa-belle-soeur-muhammed-raconte-son-cauchemar","status":"publish","type":"post","link":"https:\/\/www.europesays.com\/fr\/757486\/","title":{"rendered":"Vid\u00e9o. Pr\u00e8s de Toulouse. Vis\u00e9 par des tueurs \u00e0 gages engag\u00e9s par sa belle-s\u0153ur, Muhammed raconte son cauchemar"},"content":{"rendered":"<p>                    Par<br \/>\n        <strong><br \/>\n            <a href=\"https:\/\/actu.fr\/auteur\/anaelle-montagne\" title=\"Consulter tous les articles de Anaelle Montagne\" rel=\"nofollow noopener\" target=\"_blank\">Anaelle Montagne<\/a><br \/>\n                    <\/strong><\/p>\n<p>        Publi\u00e9 le<\/p>\n<p>            24 f\u00e9vr. 2026 \u00e0 17h51        <\/p>\n<p>Il s\u2019en est fallu de peu pour que Muhammed ne perde la vie, ce dimanche 18\u00a0janvier 2026. Devant le domicile familial d\u2019Ondes, o\u00f9 se trouvaient sa femme et leurs 5\u00a0enfants, <a href=\"https:\/\/actu.fr\/occitanie\/toulouse_31555\/tentative-de-meurtre-pres-de-toulouse-la-compagne-et-sa-belle-soeur-ont-elles-paye-un-tueur-a-gages_63764943.html\" rel=\"nofollow noopener\" target=\"_blank\">il a \u00e9t\u00e9 pris dans un guet-apens par deux jeunes<\/a>, \u00e2g\u00e9s de 17 et 26\u00a0ans. Le premier a frapp\u00e9 \u00e0 la porte, pr\u00e9textant avoir accroch\u00e9 son camion pour le faire sortir dans la rue\u2026 o\u00f9 l\u2019attendait un homme arm\u00e9 d\u2019un revolver, cach\u00e9 derri\u00e8re un buisson.<\/p>\n<p>Il survit, encore et encore<\/p>\n<p class=\" wall-content\">Douze balles ont \u00e9t\u00e9 tir\u00e9es. Plusieurs ont touch\u00e9 Muhammed et bon nombre d\u2019entre elles sont pass\u00e9es<strong> \u00e0 quelques millim\u00e8tres de sa t\u00eate<\/strong>. Mais le Toulousain de 35\u00a0ans a surv\u00e9cu.<\/p>\n<p class=\" wall-content\">\u00c0 l\u2019h\u00f4pital, \u00e0 nouveau, les tueurs \u00e0 gages ont tent\u00e9 de finir le travail. En vain. Ils ont finalement \u00e9t\u00e9 interpell\u00e9s aux c\u00f4t\u00e9s de la belle-s\u0153ur de Muhammed, dans un Airbnb\u2026 apr\u00e8s avoir tir\u00e9 par erreur chez la voisine en nettoyant une arme. La femme de son fr\u00e8re finira par avouer son crime en garde \u00e0 vue, tout comme le tireur. Un mois apr\u00e8s le pire jour de sa vie, Muhammed raconte son cauchemar \u00e0<a href=\"https:\/\/actu.fr\/toulouse\/\" rel=\"nofollow noopener\" target=\"_blank\"> Actu Toulouse<\/a>.<\/p>\n<p class=\" wall-content\">Personnalisez votre actualit\u00e9 en ajoutant vos villes et m\u00e9dias en favori avec <a href=\"https:\/\/moncompte.actu.fr\" title=\"D\u00e9couvez Mon Actu\" rel=\"nofollow noopener\" data-trk=\"{&quot;cta&quot;:{&quot;action&quot;:&quot;https:\\\/\\\/moncompte.actu.fr&quot;,&quot;category&quot;:&quot;mon compte&quot;,&quot;from&quot;:&quot;article footer&quot;,&quot;name&quot;:&quot;Mon actu&quot;,&quot;type&quot;:&quot;cta&quot;}}\" target=\"_blank\">Mon Actu<\/a>.<\/p>\n","protected":false},"excerpt":{"rendered":"Par Anaelle Montagne Publi\u00e9 le 24 f\u00e9vr. 2026 \u00e0 17h51 Il s\u2019en est fallu de peu pour que&hellip;\n","protected":false},"author":2,"featured_media":757487,"comment_status":"","ping_status":"","sticky":false,"template":"","format":"standard","meta":{"footnotes":"","_share_on_mastodon":"0"},"categories":[2816],"tags":[1111,11,1777,674,118,1011,27,3381,12,2680,25,2312,2949],"class_list":["post-757486","post","type-post","status-publish","format-standard","has-post-thumbnail","category-toulouse","tag-actu","tag-actualites","tag-eu","tag-europe","tag-faits-divers","tag-fr","tag-france","tag-gendarmerie","tag-news","tag-occitanie","tag-republique-francaise","tag-toulouse","tag-violences"],"share_on_mastodon":{"url":"https:\/\/pubeurope.com\/@fr\/116128202399322822","error":""},"_links":{"self":[{"href":"https:\/\/www.europesays.com\/fr\/wp-json\/wp\/v2\/posts\/757486","targetHints":{"allow":["GET"]}}],"collection":[{"href":"https:\/\/www.europesays.com\/fr\/wp-json\/wp\/v2\/posts"}],"about":[{"href":"https:\/\/www.europesays.com\/fr\/wp-json\/wp\/v2\/types\/post"}],"author":[{"embeddable":true,"href":"https:\/\/www.europesays.com\/fr\/wp-json\/wp\/v2\/users\/2"}],"replies":[{"embeddable":true,"href":"https:\/\/www.europesays.com\/fr\/wp-json\/wp\/v2\/comments?post=757486"}],"version-history":[{"count":0,"href":"https:\/\/www.europesays.com\/fr\/wp-json\/wp\/v2\/posts\/757486\/revisions"}],"wp:featuredmedia":[{"embeddable":true,"href":"https:\/\/www.europesays.com\/fr\/wp-json\/wp\/v2\/media\/757487"}],"wp:attachment":[{"href":"https:\/\/www.europesays.com\/fr\/wp-json\/wp\/v2\/media?parent=757486"}],"wp:term":[{"taxonomy":"category","embeddable":true,"href":"https:\/\/www.europesays.com\/fr\/wp-json\/wp\/v2\/categories?post=757486"},{"taxonomy":"post_tag","embeddable":true,"href":"https:\/\/www.europesays.com\/fr\/wp-json\/wp\/v2\/tags?post=757486"}],"curies":[{"name":"wp","href":"https:\/\/api.w.org\/{rel}","templated":true}]}}