{"id":75750,"date":"2025-05-05T04:01:08","date_gmt":"2025-05-05T04:01:08","guid":{"rendered":"https:\/\/www.europesays.com\/fr\/75750\/"},"modified":"2025-05-05T04:01:08","modified_gmt":"2025-05-05T04:01:08","slug":"le-pere-de-lassistant-vocal-siri-denonce-les-mensonges-et-les-mythes-autour-des-ia-generatives","status":"publish","type":"post","link":"https:\/\/www.europesays.com\/fr\/75750\/","title":{"rendered":"le p\u00e8re de l\u2019assistant vocal Siri d\u00e9nonce les mensonges et les mythes autour des IA g\u00e9n\u00e9ratives"},"content":{"rendered":"<p><strong>RENCONTRE<\/strong> &#8211; Luc Julia s\u2019attaque dans l\u2019ouvrage IA g\u00e9n\u00e9ratives, pas cr\u00e9atives (Le Cherche midi) aux id\u00e9es fausses qui circulent autour des mod\u00e8les de langage qui ont donn\u00e9 naissance \u00e0 ChatGPT.<\/p>\n<p class=\"fig-paragraph\">Luc Julia r\u00e9cidive. Six ans apr\u00e8s la parution de son livre de vulgarisation L\u2019intelligence artificielle n\u2019existe pas, l\u2019ing\u00e9nieur fran\u00e7ais, devenu c\u00e9l\u00e8bre pour avoir cocr\u00e9\u00e9\u00a0<a href=\"https:\/\/www.lefigaro.fr\/secteur\/high-tech\/2014\/10\/20\/32001-20141020ARTFIG00121-comment-parler-avec-siri-l-assistant-vocal-d-apple.php\" data-fig-type=\"Article\" data-gtm-custom-categorie=\"navigation\" data-gtm-custom-action=\"crossclick\" data-gtm-custom-label=\"Contextuel\" data-gtm-event=\"customEventSPE\" data-fig-domain=\"LEFIGARO\" target=\"_blank\" rel=\"noopener\">l\u2019assistant vocal Siri<\/a>, vendu \u00e0 Apple en 2010, s\u2019attaque dans l\u2019ouvrage IA g\u00e9n\u00e9ratives, pas cr\u00e9atives (Le Cherche midi) aux id\u00e9es fausses qui circulent autour des mod\u00e8les de langage qui ont donn\u00e9 naissance \u00e0 ChatGPT. \u00ab\u00a0J\u2019essaye de faire la diff\u00e9rence entre les mythes et la r\u00e9alit\u00e9, et surtout de faire attention au vocabulaire. Le terme \u201cintelligence artificielle\u201d m\u2019emb\u00eate, car le mot \u201cintelligence\u201d am\u00e8ne des fantasmes anthropomorphiques. Cela fait croire que ces syst\u00e8mes pensent comme nous, alors que cela n\u2019a rien \u00e0 voir\u00a0\u00bb, explique-t-il au Figaro depuis la Silicon Valley.<\/p>\n<p class=\"fig-paragraph\">Celui qui est devenu en 2021 directeur scientifique de\u00a0<a href=\"http:\/\/www.lefigaro.fr\/automobile\/renault-50-innovations-pour-rendre-la-voiture-propre-20250428\" data-fig-type=\"Article\" data-gtm-custom-categorie=\"navigation\" data-gtm-custom-action=\"crossclick\" data-gtm-custom-label=\"Contextuel\" data-gtm-event=\"customEventSPE\" data-fig-domain=\"LEFIGARO\" target=\"_blank\" rel=\"noopener\">Renault<\/a>, apr\u00e8s avoir \u00e9t\u00e9 vice-pr\u00e9sident de Samsung charg\u00e9 de l\u2019innovation, s\u2019agace du bruit ambiant autour de la \u00ab\u00a0r\u00e9volution IA\u00a0\u00bb qui charrie son lot de croyances erron\u00e9es sur les capacit\u00e9s\u2026<\/p>\n<p class=\"fig-premium-paywall__infos\">\n        Cet article est r\u00e9serv\u00e9 aux abonn\u00e9s.        Il vous reste 89% \u00e0 d\u00e9couvrir.\n    <\/p>\n<p>                <img  data- alt=\"Le Figaro\" class=\"fig-img--complete fig-img\"\/><\/p>\n<p class=\"fig-premium-paywall__title\">Je m&rsquo;informe, je m&rsquo;inspire, je m&rsquo;abonne.<\/p>\n<p class=\"fig-premium-paywall__subtitle\">D\u00e9couvrez notre offre de bienvenue.<\/p>\n<p class=\"fig-premium-paywall__connect\">\n                D\u00e9j\u00e0 abonn\u00e9\u00a0?                <a class=\"fig-premium-paywall__connect-link\" href=\"https:\/\/connect.lefigaro.fr\/login?client=horizon_web&amp;type=main&amp;redirect_uri=https%3A%2F%2Fwww.lefigaro.fr%2Fsecteur%2Fhigh-tech%2Fluc-julia-nous-sommes-a-la-veille-de-la-desillusion-face-aux-ia-generatives-20250505\" data-js-gtm=\"{&quot;customCategorie&quot;: &quot;conversion&quot;, &quot;customAction&quot;: &quot;before_Landing_Connexion_paywall_auto&quot;, &quot;customLabel&quot;: &quot;bGVmaWdhcm8uZnJfXzFmMDI3NTIzLTljYjAtNjI3NC1iODNlLWI1N2Y2OGE1ZDY2Y19fQXJ0aWNsZQ==_\u00abNous sommes \u00e0 la veille de la d\u00e9sillusion\u00bb\u00a0: le p\u00e8re de l\u2019assistant vocal Siri d\u00e9nonce les mensonges et les mythes autour des IA g\u00e9n\u00e9ratives_243&quot;, &quot;customIDSPE&quot;: &quot;bGVmaWdhcm8uZnJfXzFmMDI3NTIzLTljYjAtNjI3NC1iODNlLWI1N2Y2OGE1ZDY2Y19fQXJ0aWNsZQ==&quot;, &quot;event&quot;: &quot;customEventSPE&quot;}\" target=\"_blank\" rel=\"noopener\"><br \/>\n                    Connectez-vous<br \/>\n                <\/a>\n            <\/p>\n","protected":false},"excerpt":{"rendered":"RENCONTRE &#8211; Luc Julia s\u2019attaque dans l\u2019ouvrage IA g\u00e9n\u00e9ratives, pas cr\u00e9atives (Le Cherche midi) aux id\u00e9es fausses qui&hellip;\n","protected":false},"author":2,"featured_media":75751,"comment_status":"","ping_status":"","sticky":false,"template":"","format":"standard","meta":{"footnotes":""},"categories":[7],"tags":[47,722,723,1011,27,727,726,142,223,310,655,720,719,10651,43,40,41,39,724,725,717,42,44,718,721,728],"class_list":{"0":"post-75750","1":"post","2":"type-post","3":"status-publish","4":"format-standard","5":"has-post-thumbnail","7":"category-sciences-et-technologies","8":"tag-actualite","9":"tag-blog","10":"tag-blogs","11":"tag-fr","12":"tag-france","13":"tag-gadget","14":"tag-gadgets","15":"tag-high-tech","16":"tag-intelligence-artificielle","17":"tag-internet","18":"tag-iphone","19":"tag-multimedia","20":"tag-nouvelles-technolgies","21":"tag-renault","22":"tag-science","23":"tag-science-and-technology","24":"tag-sciences","25":"tag-sciences-et-technologies","26":"tag-smartphone","27":"tag-tablette","28":"tag-technologie","29":"tag-technologies","30":"tag-technology","31":"tag-tic","32":"tag-web","33":"tag-widgets"},"share_on_mastodon":{"url":"https:\/\/pubeurope.com\/@fr\/114453235902358204","error":""},"_links":{"self":[{"href":"https:\/\/www.europesays.com\/fr\/wp-json\/wp\/v2\/posts\/75750","targetHints":{"allow":["GET"]}}],"collection":[{"href":"https:\/\/www.europesays.com\/fr\/wp-json\/wp\/v2\/posts"}],"about":[{"href":"https:\/\/www.europesays.com\/fr\/wp-json\/wp\/v2\/types\/post"}],"author":[{"embeddable":true,"href":"https:\/\/www.europesays.com\/fr\/wp-json\/wp\/v2\/users\/2"}],"replies":[{"embeddable":true,"href":"https:\/\/www.europesays.com\/fr\/wp-json\/wp\/v2\/comments?post=75750"}],"version-history":[{"count":0,"href":"https:\/\/www.europesays.com\/fr\/wp-json\/wp\/v2\/posts\/75750\/revisions"}],"wp:featuredmedia":[{"embeddable":true,"href":"https:\/\/www.europesays.com\/fr\/wp-json\/wp\/v2\/media\/75751"}],"wp:attachment":[{"href":"https:\/\/www.europesays.com\/fr\/wp-json\/wp\/v2\/media?parent=75750"}],"wp:term":[{"taxonomy":"category","embeddable":true,"href":"https:\/\/www.europesays.com\/fr\/wp-json\/wp\/v2\/categories?post=75750"},{"taxonomy":"post_tag","embeddable":true,"href":"https:\/\/www.europesays.com\/fr\/wp-json\/wp\/v2\/tags?post=75750"}],"curies":[{"name":"wp","href":"https:\/\/api.w.org\/{rel}","templated":true}]}}