{"id":757511,"date":"2026-02-24T23:41:40","date_gmt":"2026-02-24T23:41:40","guid":{"rendered":"https:\/\/www.europesays.com\/fr\/757511\/"},"modified":"2026-02-24T23:41:40","modified_gmt":"2026-02-24T23:41:40","slug":"guerre-en-ukraine-les-allies-de-kiev-appellent-la-russie-a-un-cessez-le-feu-inconditionnel","status":"publish","type":"post","link":"https:\/\/www.europesays.com\/fr\/757511\/","title":{"rendered":"Guerre en Ukraine : les alli\u00e9s de Kiev appellent la Russie \u00e0 un \u00ab\u00a0cessez-le-feu inconditionnel\u00a0\u00bb"},"content":{"rendered":"<ul class=\"jsx-862013697 ArticleChapo__List\">\n<li class=\"jsx-862013697 ArticleChapo__List_Item flex\">La guerre en Ukraine entre dans sa cinqui\u00e8me ann\u00e9e ce mardi 24 f\u00e9vrier.<\/li>\n<li class=\"jsx-862013697 ArticleChapo__List_Item flex\">La Russie a lanc\u00e9 son invasion \u00e0 grande \u00e9chelle le 24 f\u00e9vrier 2022, faisant de ce conflit le plus sanglant sur le sol europ\u00e9en depuis la Seconde Guerre mondiale.<\/li>\n<li class=\"jsx-862013697 ArticleChapo__List_Item flex\">Suivez les derni\u00e8res informations en direct.<\/li>\n<\/ul>\n<p><a href=\"https:\/\/www.tf1info.fr\/actualite\/invasion-de-l-ukraine-par-la-russie-une-guerre-qui-dure-12951\/\" rel=\"nofollow noopener\" class=\"jsx-484472199 Link jsx-1428418400 jsx-554215408\" target=\"_blank\"><\/p>\n<p style=\"font-weight:400\" class=\"jsx-1837267516\">Suivez la couverture compl\u00e8te<\/p>\n<p style=\"font-weight:800\" class=\"jsx-1837267516\">Ukraine : la guerre entre dans sa 5\u1d49 ann\u00e9e<\/p>\n<p><\/a>Minute par minute<\/p>\n<p>Ce live est \u00e0 pr\u00e9sent termin\u00e9.\u00a0<\/p>\n<p>00:04<br class=\"jsx-494582681\"\/> 25 f\u00e9vrier 2026Suivez nos directs du moment :LA TOUR EIFFEL AUX COULEURS DE L&rsquo;UKRAINE<\/p>\n<p>Emmanuel Macron partage une photo de la Tour Eiffel aux couleurs de l&rsquo;Ukraine.\u00a0<\/p>\n<p>22:14<br class=\"jsx-494582681\"\/> 24 f\u00e9vrier 2026<\/p>\n<blockquote data-testid=\"EmbedTwitter\" id=\"tweet-2026405026755727400-:Rec4jb95cej9v79m:\" class=\"jsx-aeff1a1c40f54d7a twitter-tweet flex justify-center items-center\"><p>pic.twitter.com\/MPLPYNk5Q9 \u2014 Emmanuel Macron (@EmmanuelMacron)  February 24, 2026<\/p><\/blockquote>\n<p>\u00ab\u00a0JUSTIFIER L&rsquo;INACCEPTABLE\u00a0\u00bb<\/p>\n<p>\u00ab\u00a0Tout est pr\u00e9texte \u00e0 essayer de justifier une situation inacceptable\u00a0\u00bb, d\u00e9nonce Catherine Vautrin, ministre des Arm\u00e9es et des Anciens Combattants. \u00ab\u00a0C&rsquo;est important de chercher les voies qui nous permettre de remettre la Russie devant ses responsabilit\u00e9s\u00a0\u00bb, mart\u00e8le-t-elle, sur LCI.\u00a0Selon elle, Moscou \u00ab\u00a0ne cherche pas la paix\u00a0\u00bb.<\/p>\n<p>21:41<br class=\"jsx-494582681\"\/> 24 f\u00e9vrier 2026&Prime;ABSOLUMENT FAUX\u00a0\u00bb<\/p>\n<p>\u00ab\u00a0C&rsquo;est absolument faux et (c&rsquo;est une information) qu&rsquo;il ne faut absolument pas croire\u00a0\u00bb, affirme sur LCI Catherine Vautrin, ministre des Arm\u00e9es et des Anciens Combattants, au sujet de la rumeur selon laquelle l&rsquo;Ukraine cherche \u00e0 se doter d&rsquo;une bombe nucl\u00e9aire. \u00ab\u00a0Il ne faut pas relayer cette fausse information de la Russie\u00a0\u00bb, mart\u00e8le-t-elle.\u00a0<\/p>\n<p>21:38<br class=\"jsx-494582681\"\/> 24 f\u00e9vrier 2026ZELENSKY EN PLEINES TURBULENCES<\/p>\n<p>Apr\u00e8s le retour \u00e0 la Maison Blanche de Donald Trump, Volodymyr Zelensky a d\u00fb composer avec un pouvoir am\u00e9ricain particuli\u00e8rement hostile. En parall\u00e8le, des scandales de corruption ont touch\u00e9 son gouvernement ces derniers mois. Le dirigeant ukrainien a malgr\u00e9 tout la confiance d&rsquo;une majorit\u00e9 d&rsquo;Ukrainiens, quatre ans apr\u00e8s le d\u00e9but de l&rsquo;invasion russe.<\/p>\n<p>21:07<br class=\"jsx-494582681\"\/> 24 f\u00e9vrier 2026International<\/p>\n<p>D\u00c9CRYPTAGE<\/p>\n<p><img decoding=\"async\" src=\"https:\/\/www.europesays.com\/fr\/wp-content\/uploads\/2026\/02\/zelensky-londres-24-octobre-2025-101e03-0@1x.jpeg\" alt=\"Volodymyr Zelensky \u00e0 Londres le 24 octobre 2025.\" loading=\"lazy\" importance=\"low\" fetchpriority=\"low\" class=\"\" copyright=\"HENRY NICHOLLS \/ POOL \/ AFP\" aria-hidden=\"true\"\/><\/p>\n<p>Publi\u00e9 hier \u00e0 17h35<\/p>\n<p>VERIF&rsquo;<\/p>\n<p>La guerre en Ukraine est entr\u00e9e dans sa cinqui\u00e8me ann\u00e9e, ce mardi 24 f\u00e9vrier 2026. Depuis d\u00e9but 2025, les cas de d\u00e9sinformation utilisant l&rsquo;intelligence artificielle se sont multipli\u00e9s. Des contenus pour saper le moral des troupes, des civils et d\u00e9nigrer les Ukrainiens en Europe.<\/p>\n<p>19:17<br class=\"jsx-494582681\"\/> 24 f\u00e9vrier 2026International<img decoding=\"async\" src=\"https:\/\/www.europesays.com\/fr\/wp-content\/uploads\/2026\/02\/verif-ia-4-ans-guerre-ukraine-c3fca0-0@1x.jpeg\" alt=\"Trois exemples de vid\u00e9os ou photos g\u00e9n\u00e9r\u00e9es par IA dans le cadre de la guerre en Ukraine.\" loading=\"lazy\" importance=\"low\" fetchpriority=\"low\" class=\"\" copyright=\"Contenus r\u00e9seaux sociaux\" aria-hidden=\"true\"\/><\/p>\n<p>Publi\u00e9 hier \u00e0 18h17<\/p>\n<p>SOUTIEN DE L&rsquo;ONU \u00c0 L&rsquo;UKRAINE <\/p>\n<p>L&rsquo;Assembl\u00e9e g\u00e9n\u00e9rale de l&rsquo;ONU a adopt\u00e9 mardi une r\u00e9solution r\u00e9affirmant son soutien \u00e0 Kiev et son int\u00e9grit\u00e9 territoriale. Le texte adopt\u00e9 par 107 voix pour, 12 contre et 51 abstentions (dont les Etats-Unis), r\u00e9p\u00e8te le \u00ab\u00a0ferme attachement \u00e0 la souverainet\u00e9, \u00e0 l&rsquo;ind\u00e9pendance, \u00e0 l&rsquo;unit\u00e9 et \u00e0 l&rsquo;int\u00e9grit\u00e9 territoriale de l\u2019Ukraine \u00e0 l\u2019int\u00e9rieur de ses fronti\u00e8res internationalement reconnues\u00a0\u00bb. Il r\u00e9clame \u00e9galement une nouvelle fois un \u00ab\u00a0cessez-le-feu imm\u00e9diat, complet et inconditionnel\u00a0\u00bb entre la Russie et l&rsquo;Ukraine, \u00ab\u00a0une paix globale, juste et durable conforme au droit international\u00a0\u00bb, et l&rsquo;\u00e9change complet des prisonniers de guerre.<\/p>\n<p>Les \u00c9tats-Unis r\u00e9clamaient de voter s\u00e9par\u00e9ment sur des paragraphes faisant r\u00e9f\u00e9rence \u00e0 l&rsquo;int\u00e9grit\u00e9 territoriale de l&rsquo;Ukraine et au droit international. Leur demande a \u00e9t\u00e9 rejet\u00e9e, ce qui a entra\u00een\u00e9 leur abstention sur cette question.\u00a0<\/p>\n<p>18:41<br class=\"jsx-494582681\"\/> 24 f\u00e9vrier 2026TOUR EIFFEL ILLUMIN\u00c9E <\/p>\n<p>Quatre ans jour pour jour apr\u00e8s l&rsquo;invasion russe de l&rsquo;Ukraine, la tour Eiffel s&rsquo;illuminera aux couleurs du drapeau ukrainien, ce mardi \u00e0 21h05. \u00ab\u00a0La Ville de Paris se tient depuis le d\u00e9but de l&rsquo;agression russe aux c\u00f4t\u00e9s de l&rsquo;Ukraine. Le 24 f\u00e9vrier, date marquant le triste quatri\u00e8me anniversaire de l&rsquo;invasion russe de l&rsquo;Ukraine, la tour Eiffel s&rsquo;illuminera aux couleurs de l&rsquo;Ukraine\u00a0\u00bb, d\u00e9taille le communiqu\u00e9 de la municipalit\u00e9.\u00a0<\/p>\n<p>17:55<br class=\"jsx-494582681\"\/> 24 f\u00e9vrier 2026COMMENT LE FRONT A \u00c9VOLU\u00c9 ? <\/p>\n<p>Lors du premier mois de l&rsquo;invasion, la Russie contr\u00f4lait 26%, quasiment 27%, du territoire ukrainien. Elle a ensuite perdu du terrain, au fur et \u00e0 mesure, ne d\u00e9tenant plus que 17,77% des terres sous souveraint\u00e9 ukrainienne en novembre 2022. \u00c0 ce jour, le 14 f\u00e9vrier 2026, Moscou a p\u00e9niblement grignott\u00e9 du terrain, occupant 19,34% du territoire ukrainien.\u00a0<\/p>\n<p>\u00a0<\/p>\n<p>17:50<br class=\"jsx-494582681\"\/> 24 f\u00e9vrier 2026<\/p>\n<p>Guerre en Ukraine : quelle \u00e9volution sur le terrain ?Source : TF1 Info<\/p>\n<p><img decoding=\"async\" src=\"https:\/\/www.europesays.com\/fr\/wp-content\/uploads\/2026\/02\/guerre-en-ukraine-quelle-evolution-sur-le-terrain-3f16fa-0@1x.jpeg\" alt=\"\" loading=\"lazy\" importance=\"low\" fetchpriority=\"low\" class=\"\"\/><img decoding=\"async\" src=\"https:\/\/www.tf1info.fr\/images\/icons\/player-logo-play.svg\" alt=\"Logo lecture\" class=\"jsx-d0de44c05fe3042c PlayerLazyload__Play\"\/>LA CRISE D\u00c9MOGRAPHIQUE EN UKRAINE<\/p>\n<p>Ce mardi 24 f\u00e9vrier 2026 marque le quatri\u00e8me anniversaire de l&rsquo;invasion de l&rsquo;Ukraine par la Russie. Alors que le conflit fait toujours rage entre les deux pays, Kiev est confront\u00e9e \u00e0 un grave probl\u00e8me d\u00e9mographique. En l&rsquo;\u00e9tat actuel des choses, la population, qui s&rsquo;est d\u00e9j\u00e0 largement amoindrie en l&rsquo;espace de quelques d\u00e9cennies, pourrait \u00eatre divis\u00e9e par deux d&rsquo;ici \u00e0 2100.<\/p>\n<p>17:29<br class=\"jsx-494582681\"\/> 24 f\u00e9vrier 2026International<img decoding=\"async\" src=\"https:\/\/www.europesays.com\/fr\/wp-content\/uploads\/2026\/02\/maternite-ukraine-31-janvier-2026-cbe6a9-0@1x.jpeg\" alt=\"Lyuba s'occupe de son enfant dans une maternit\u00e9 soutenue par  le FNUAP, \u00e0 Zaporija, le 31 janvier 2026. \" loading=\"lazy\" importance=\"low\" fetchpriority=\"low\" class=\"\" copyright=\"Tetiana DZHAFAROVA \/ AFP\" aria-hidden=\"true\"\/><\/p>\n<p>Publi\u00e9 hier \u00e0 17h27<\/p>\n<p>APPEL AU CESSEZ-LE-FEU<\/p>\n<p>Les dirigeants de la \u00ab\u00a0coalition des volontaires\u00a0\u00bb &#8211; pays alli\u00e9s de l&rsquo;Ukraine &#8211; appellent la Russie \u00e0 accepter un \u00ab\u00a0cessez-le-feu complet et inconditionnel\u00a0\u00bb. Dans leur communiqu\u00e9 paru ce mardi, les ils ont aussi point\u00e9 le \u00ab\u00a0lourd tribut que la Russie a pay\u00e9 pour des gains minimes sur le champ de bataille avec pr\u00e8s d&rsquo;un demi-million de victimes rien que l&rsquo;ann\u00e9e derni\u00e8re\u00a0\u00bb.\u00a0<\/p>\n<p>17:28<br class=\"jsx-494582681\"\/> 24 f\u00e9vrier 2026<\/p>\n<blockquote data-testid=\"EmbedTwitter\" id=\"tweet-2026311878545199379-:Recmjb95cej9v79m:\" class=\"jsx-aeff1a1c40f54d7a twitter-tweet flex justify-center items-center\"><p>Quatre ans apr\u00e8s le d\u00e9but de l&rsquo;invasion \u00e0 grande \u00e9chelle de l&rsquo;Ukraine par la Russie, les dirigeants de la Coalition des volontaires se sont r\u00e9unis pour exprimer leur solidarit\u00e9 avec le Pr\u00e9sident Zelensky et le peuple ukrainien. Lire la d\u00e9claration \u2193  https:\/\/t.co\/I1gbCE2pux \u2014 \u00c9lys\u00e9e (@Elysee)  February 24, 2026<\/p><\/blockquote>\n<p>NOUVELLES SANCTIONS CONTRE LA RUSSIE<\/p>\n<p>Le gouvernement britannique annonce mardi un important paquet de sanctions contre la Russie. Ces mesures, qui ciblent notamment les secteurs \u00e9nerg\u00e9tique et militaire, concernent 300 entit\u00e9s, bateaux ou individus. Parmi les nouvelles cibles figure notamment l&rsquo;op\u00e9rateur d&rsquo;ol\u00e9oducs Transneft, contr\u00f4l\u00e9 par l&rsquo;\u00c9tat russe et qui transporte plus de 80% des exportations russes de p\u00e9trole, selon le communiqu\u00e9 du gouvernement britannique. Ces sanctions visent \u00e9galement \u00ab\u00a0le r\u00e9seau clandestin russe de n\u00e9gociants en p\u00e9trole\u00a0\u00bb, dont 175 entreprises oeuvrant pour le principal op\u00e9rateur de la flotte fant\u00f4me russe.<\/p>\n<p>Selon la ministre des Affaires \u00e9trang\u00e8res Yvette Cooper, cit\u00e9e dans le communiqu\u00e9 et en d\u00e9placement \u00e0 Kiev mardi, ces sanctions \u00ab\u00a0d\u00e9cisives\u00a0\u00bb vont \u00ab\u00a0perturber le financement, l&rsquo;\u00e9quipement militaire et les sources de revenus essentiels qui soutiennent l&rsquo;agression russe\u00a0\u00bb.\u00a0<\/p>\n<p>16:41<br class=\"jsx-494582681\"\/> 24 f\u00e9vrier 2026PR\u00caT DE L&rsquo;UE \u00c0 L&rsquo;UKRAINE<\/p>\n<p>L&rsquo;UE accordera son pr\u00eat de 90 milliards d&rsquo;euros \u00e0 l&rsquo;Ukraine, malgr\u00e9 le blocage de la Hongrie, assure mardi la pr\u00e9sidente de la Commission europ\u00e9enne, Ursula von der Leyen \u00e0 Kiev. \u00ab\u00a0Nous tiendrons notre engagement concernant ce pr\u00eat, d&rsquo;une mani\u00e8re ou d&rsquo;une autre\u00a0\u00bb, mart\u00e8le-t-elle. \u00ab\u00a0Nous avons plusieurs options. Et nous les utiliserons\u00a0\u00bb, poursuit la dirigeante.\u00a0<\/p>\n<p>16:36<br class=\"jsx-494582681\"\/> 24 f\u00e9vrier 2026&Prime;SOUTIEN IND\u00c9FECTIBLE \u00c0 L&rsquo;UKRAINE\u00a0\u00bb<\/p>\n<p>Dans une d\u00e9claration transmise ce mardi, les dirigeants des pays du G7 r\u00e9affirment leur \u00ab\u00a0soutien ind\u00e9fectible \u00e0 l&rsquo;Ukraine dans la d\u00e9fense de son int\u00e9grit\u00e9 territoriale et de son droit \u00e0 exister\u00a0\u00bb. \u00c0 noter que Donald Trump, en tant que pr\u00e9sident des Etats-Unis, fait partie des signataires de ce document.\u00a0<\/p>\n<p>\u00ab\u00a0Nous exprimons notre soutien continu aux efforts d\u00e9ploy\u00e9s par le pr\u00e9sident Trump pour atteindre ces objectifs en lan\u00e7ant un processus de paix et en amenant les parties \u00e0 engager des discussions directes. L&rsquo;Europe a un r\u00f4le de premier plan \u00e0 jouer dans ce processus, avec d&rsquo;autres partenaires\u00a0\u00bb, jugent encore les chefs d\u2019\u00c9tat et de gouvernement des \u00c9tats-Unis, de la France, du Royaume-Uni, de l&rsquo;Allemagne, de l&rsquo;Italie, du Canada et du Japon.<\/p>\n<p>16:04<br class=\"jsx-494582681\"\/> 24 f\u00e9vrier 2026VERIF&rsquo;<\/p>\n<p>Kiev peut compter sur l&rsquo;aide apport\u00e9e par ses alli\u00e9s pour r\u00e9sister \u00e0 l&rsquo;envahisseur russe. Selon Jean-No\u00ebl Barrot, les Europ\u00e9ens en sont m\u00eame ses premiers soutiens. C&rsquo;est bien le cas depuis que l&rsquo;aide am\u00e9ricaine a chut\u00e9 de 99% en 2025.<\/p>\n<p>15:15<br class=\"jsx-494582681\"\/> 24 f\u00e9vrier 2026International<\/p>\n<p>V\u00c9RIF<\/p>\n<p><img decoding=\"async\" src=\"https:\/\/www.europesays.com\/fr\/wp-content\/uploads\/2026\/02\/aide-europeenne-a-l-ukraine-789d22-0@1x.jpeg\" alt=\"Une manifestation de soutien \u00e0 l'Ukraine, envahie par la Russie, \u00e0 Toulouse (France) en 2022\" loading=\"lazy\" importance=\"low\" fetchpriority=\"low\" class=\"\" copyright=\"Frederic Scheiber \/ Hans Lucas \/ Hans Lucas via AFP\" aria-hidden=\"true\"\/><\/p>\n<p>Publi\u00e9 hier \u00e0 13h20<\/p>\n<p>MACRON \u00ab\u00a0TR\u00c8S SCEPTIQUE\u00a0\u00bb<\/p>\n<p>Le pr\u00e9sident fran\u00e7ais Emmanuel Macron se dit \u00ab\u00a0tr\u00e8s sceptique\u00a0\u00bb sur la possibilit\u00e9 d&rsquo;aboutir \u00e0 une \u00ab\u00a0paix \u00e0 court terme\u00a0\u00bb en Ukraine, lors d&rsquo;un \u00e9change en visioconf\u00e9rence avec ses homologues r\u00e9unis \u00e0 Kiev pour le quatri\u00e8me anniversaire de l&rsquo;invasion de ce pays par la Russie.<\/p>\n<p>\u00ab\u00a0Je suis tr\u00e8s sceptique, c&rsquo;est le moins que l&rsquo;on puisse dire, sur le fait de pouvoir aboutir \u00e0 une paix \u00e0 court terme\u00a0\u00bb, a-t-il dit \u00e0 l&rsquo;ouverture de cette r\u00e9union de la \u00ab\u00a0coalition des volontaires\u00a0\u00bb alli\u00e9s de l&rsquo;Ukraine. \u00ab\u00a0Il est bon de poursuivre ces initiatives\u00a0\u00bb de discussions de paix, mais \u00ab\u00a0il n&rsquo;y a pas de volont\u00e9 c\u00f4t\u00e9 russe d&rsquo;aboutir \u00e0 la paix\u00a0\u00bb, estime-t-il.<\/p>\n<p>12:28<br class=\"jsx-494582681\"\/> 24 f\u00e9vrier 2026AVANC\u00c9ES RUSSES<\/p>\n<p>Les avanc\u00e9es russes de la quatri\u00e8me ann\u00e9e de guerre ont d\u00e9pass\u00e9 celles des 24 mois pr\u00e9c\u00e9dents, d&rsquo;apr\u00e8s des calculs de l&rsquo;AFP se basant sur des donn\u00e9es de l&rsquo;Institut pour l&rsquo;\u00e9tude de la guerre (ISW). Depuis un an, les soldats de l&rsquo;arm\u00e9e russe ont progress\u00e9 de 4.524 km\u00b2, davantage que les deuxi\u00e8me et troisi\u00e8me ann\u00e9es de guerre r\u00e9unies. S&rsquo;y ajoutent 731 km\u00b2 de revendications russes suppl\u00e9mentaires, ni confirm\u00e9es ni infirm\u00e9es par l&rsquo;ISW.<\/p>\n<p>11:36<br class=\"jsx-494582681\"\/> 24 f\u00e9vrier 2026&Prime;TRIPLE \u00c9CHEC POUR LA RUSSIE\u00a0\u00bb<\/p>\n<p>Dans un long message diffus\u00e9 sur les r\u00e9seaux sociaux, le pr\u00e9sident de la R\u00e9publique Emmanuel Macron a assur\u00e9 que la guerre men\u00e9e en Ukraine depuis quatre ans repr\u00e9sentait \u00ab\u00a0un triple \u00e9chec pour la Russie\u00a0\u00bb.<\/p>\n<p>11:24<br class=\"jsx-494582681\"\/> 24 f\u00e9vrier 2026International<img decoding=\"async\" src=\"https:\/\/www.europesays.com\/fr\/wp-content\/uploads\/2026\/02\/macron-6-janvier-2026-442f0d-0@1x.jpeg\" alt=\"Emmanuel Macron met en garde Washington concernant le Groenland. \" loading=\"lazy\" importance=\"low\" fetchpriority=\"low\" class=\"\" copyright=\"Eric Beracassat \/ Hans Lucas \/ Hans Lucas via AFP\" aria-hidden=\"true\"\/><\/p>\n<p>Publi\u00e9 hier \u00e0 10h35<\/p>\n<p>ADH\u00c9SION DE L&rsquo;UKRAINE \u00c0 L&rsquo;UE<\/p>\n<p>Volodymyr Zelensky presse l&rsquo;Union europ\u00e9enne de fixer une date pour l&rsquo;adh\u00e9sion de l&rsquo;Ukraine. \u00ab\u00a0Il est important pour nous d&rsquo;avoir une date claire de notre accession \u00e0 l&rsquo;Union europ\u00e9enne\u00a0\u00bb, a-t-il d\u00e9clar\u00e9, faute de quoi le pr\u00e9sident russe Vladimir Poutine \u00ab\u00a0trouvera le moyen de bloquer l&rsquo;adh\u00e9sion de l&rsquo;Ukraine pour des d\u00e9cennies, en vous divisant, en divisant l&rsquo;Europe.\u00a0\u00bb<\/p>\n<p>10:44<br class=\"jsx-494582681\"\/> 24 f\u00e9vrier 2026OBJECTIFS PAS \u00ab\u00a0ATTEINTS\u00a0\u00bb, SELON MOSCOU<\/p>\n<p>Le Kremlin admet que ses objectifs ne sont pas encore \u00ab\u00a0atteints\u00a0\u00bb. \u00ab\u00a0Les objectifs ne sont pas encore atteints et c&rsquo;est pourquoi l&rsquo;op\u00e9ration militaire sp\u00e9ciale se poursuit\u00a0\u00bb, a d\u00e9clar\u00e9 le porte-parole de la pr\u00e9sidence russe, Dmitri Peskov, lors de son briefing quotidien. Il a n\u00e9anmoins affirm\u00e9 que \u00ab\u00a0beaucoup\u00a0\u00bb des objectifs du Kremlin avaient \u00e9t\u00e9 remplis, pr\u00e9cisant que \u00ab\u00a0le but principal\u00a0\u00bb de Moscou \u00e9tait d&rsquo;assurer \u00ab\u00a0la s\u00e9curit\u00e9 des personnes\u00a0\u00bb vivant dans l&rsquo;est de l&rsquo;Ukraine.<\/p>\n<p>10:38<br class=\"jsx-494582681\"\/> 24 f\u00e9vrier 2026GABRIEL ATTAL \u00c0 KIEV<\/p>\n<p>L&rsquo;ancien Premier ministre Gabriel Attal r\u00e9pond aux questions de Fran\u00e7ois-Xavier M\u00e9nage depuis Kiev sur LCI.\u00a0<\/p>\n<p>10:33<br class=\"jsx-494582681\"\/> 24 f\u00e9vrier 2026<\/p>\n<blockquote data-testid=\"EmbedTwitter\" id=\"tweet-2026229332486623466-:Redajb95cej9v79m:\" class=\"jsx-aeff1a1c40f54d7a twitter-tweet flex justify-center items-center\"><p>Soutien \u00e0 l&rsquo;Ukraine : \u00ab\u00a0La France est aux avant-postes (&#8230;) Ce que je d\u00e9fends c&rsquo;est un soutien financier \u00e0 l&rsquo;Ukraine gag\u00e9 sur les actifs russes gel\u00e9s (&#8230;) Je regrette que ce sujet soit bloqu\u00e9 au niveau europ\u00e9en\u00a0\u00bb,  @GabrielAttal \ud83d\udcfa Journ\u00e9e sp\u00e9ciale : \u00ab\u00a0Un monde en guerre\u00a0\u00bb  pic.twitter.com\/9lka2DgCP6 \u2014 LCI (@LCI)  February 24, 2026<\/p><\/blockquote>\n<p>\u00ab\u00a0L&rsquo;UKRAINE A BESOIN DE DAVANTAGE\u00a0\u00bb<\/p>\n<p>Les alli\u00e9s de Kiev doivent apporter un soutien militaire \u00e0 l&rsquo;Ukraine \u00ab\u00a0tous les jours\u00a0\u00bb et cela jusqu&rsquo;\u00e0 la fin de la guerre contre la Russie, a affirm\u00e9 ce mardi le secr\u00e9taire g\u00e9n\u00e9ral de l&rsquo;Otan, Mark Rutte. \u00ab\u00a0L&rsquo;Ukraine a besoin de davantage, car une promesse d&rsquo;aide ne met pas fin \u00e0 la guerre. L&rsquo;Ukraine a besoin de munitions aujourd&rsquo;hui, et tous les jours jusqu&rsquo;\u00e0 la fin des massacres.\u00a0\u00bb<\/p>\n<p>10:14<br class=\"jsx-494582681\"\/> 24 f\u00e9vrier 2026DES DIRIGEANTS EUROP\u00c9ENS EN UKRAINE<\/p>\n<p>Des dirigeants des pays nordiques et baltes, parmi lesquels le pr\u00e9sident finlandais, Alexander Stubb, et le Premier ministre su\u00e9dois, Ulf Kristersson, sont arriv\u00e9s en Ukraine, a annonc\u00e9 le ministre ukrainien des Affaires \u00e9trang\u00e8res. \u00ab\u00a0Je suis heureux d&rsquo;accueillir les dirigeants des huit pays nordiques et baltes, nos v\u00e9ritables et proches alli\u00e9s dans la d\u00e9fense de la libert\u00e9, de la justice et de la v\u00e9rit\u00e9\u00a0\u00bb, a \u00e9crit Andri\u00ef Sybiga.<\/p>\n<p>08:38<br class=\"jsx-494582681\"\/> 24 f\u00e9vrier 2026MACRON : \u00ab\u00a0UN TRIPLE \u00c9CHEC POUR LA RUSSIE\u00a0\u00bb<\/p>\n<p>\u00ab\u00a0Un jour, les Russes prendront conscience de l&rsquo;\u00e9normit\u00e9 du crime commis en leur nom, de la futilit\u00e9 des pr\u00e9textes invoqu\u00e9s et des effets d\u00e9vastateurs \u00e0 long terme sur leur pays\u00a0\u00bb, \u00e9crit le pr\u00e9sident de la R\u00e9publique Emmanuel Macron dans un post sur X. \u00ab\u00a0Cette guerre est un triple \u00e9chec pour la Russie : militaire, \u00e9conomique, strat\u00e9gique. Elle a renforc\u00e9 l&rsquo;Otan dont elle voulait \u00e9viter l&rsquo;expansion, soud\u00e9 les Europ\u00e9ens qu&rsquo;elle voulait affaiblir, et mis \u00e0 nu la fragilit\u00e9 d&rsquo;un imp\u00e9rialisme d&rsquo;un autre \u00e2ge.\u00a0\u00bb<\/p>\n<p>08:12<br class=\"jsx-494582681\"\/> 24 f\u00e9vrier 2026<\/p>\n<blockquote data-testid=\"EmbedTwitter\" id=\"tweet-2026192807749136458-:Redgjb95cej9v79m:\" class=\"jsx-aeff1a1c40f54d7a twitter-tweet flex justify-center items-center\"><p>Cela fait quatre ans que l\u2019Europe s\u2019est r\u00e9veill\u00e9e au bruit des bombes russes en Ukraine. Quatre ans d\u2019une guerre d\u2019agression choisie par la Russie, au m\u00e9pris flagrant du droit international, de la souverainet\u00e9 d\u2019un peuple, et de la vie humaine. Quatre ans de villes frapp\u00e9es,\u2026 \u2014 Emmanuel Macron (@EmmanuelMacron)  February 24, 2026<\/p><\/blockquote>\n<p>ZELENSKY : \u00ab\u00a0POUTINE N&rsquo;A PAS ATTEINT SES OBJECTIFS\u00a0\u00bb<\/p>\n<p>Le pr\u00e9sident ukrainien Volodymyr Zelensky affirme que son homologue russe Vladimir Poutine n&rsquo;a pas r\u00e9ussi \u00e0 atteindre ses objectifs de guerre. \u00ab\u00a0Poutine n&rsquo;a pas atteint ses objectifs. Il n&rsquo;a pas bris\u00e9 les Ukrainiens. Il n&rsquo;a pas gagn\u00e9 cette guerre\u00a0\u00bb, a-t-il d\u00e9clar\u00e9 dans un message vid\u00e9o. \u00ab\u00a0Nous avons pr\u00e9serv\u00e9 l&rsquo;Ukraine et nous ferons tout pour parvenir \u00e0 la paix, et pour que justice soit faite. Nous voulons la paix, une paix forte, digne et durable.\u00a0\u00bb<\/p>\n<p>07:16<br class=\"jsx-494582681\"\/> 24 f\u00e9vrier 2026LCI SUR LE TERRAIN<\/p>\n<p>LCI s&rsquo;est rendu \u00e0 Kherson, l&rsquo;une des grandes villes les plus bombard\u00e9es d&rsquo;Ukraine. Des filets y ont \u00e9t\u00e9 install\u00e9s.<\/p>\n<p>07:15<br class=\"jsx-494582681\"\/> 24 f\u00e9vrier 2026<\/p>\n<p>LCI \u00e0 Kherson l&rsquo;une des villes les plus bombard\u00e9es d&rsquo;UkraineSource : TF1 Info<\/p>\n<p><img decoding=\"async\" src=\"https:\/\/www.europesays.com\/fr\/wp-content\/uploads\/2026\/02\/lci-a-kherson-l-une-des-villes-les-plus-bombardees-d-ukraine-d3cf8c-0@1x.jpg\" alt=\"\" loading=\"lazy\" class=\"jsx-d0de44c05fe3042c PlayerLazyload__Image\"\/><img decoding=\"async\" src=\"https:\/\/www.tf1info.fr\/images\/icons\/player-logo-play.svg\" alt=\"Logo lecture\" class=\"jsx-d0de44c05fe3042c PlayerLazyload__Play\"\/>VON DER LEYEN \u00c0 KIEV<\/p>\n<p>La pr\u00e9sidente de la commission europ\u00e9enne Ursula von der Leyen dit \u00eatre arriv\u00e9e en Ukraine pour les quatre ans de l&rsquo;offensive russe.<\/p>\n<p>06:42<br class=\"jsx-494582681\"\/> 24 f\u00e9vrier 2026<\/p>\n<blockquote data-testid=\"EmbedTwitter\" id=\"tweet-2026166051449315546-:Redmjb95cej9v79m:\" class=\"jsx-aeff1a1c40f54d7a twitter-tweet flex justify-center items-center\"><p>In Kyiv for the tenth time since the start of the war. To reaffirm that Europe stands unwaveringly with Ukraine, financially, militarily, and through this harsh winter. To underscore our enduring commitment to Ukraine\u2019s just fight. And to send a clear message to the Ukrainian\u2026  pic.twitter.com\/iULkEQji16 \u2014 Ursula von der Leyen (@vonderleyen)  February 24, 2026<\/p><\/blockquote>\n<p>ZELENSKY APPELLE TRUMP \u00c0 \u00ab\u00a0RESTER DU C\u00d4T\u00c9\u00a0\u00bb DE L&rsquo;UKRAINE<\/p>\n<p>Le pr\u00e9sident ukrainien Volodymyr Zelensky a demand\u00e9 lundi, lors d&rsquo;une interview \u00e0 la cha\u00eene am\u00e9ricaine CNN, \u00e0 son homologue Donald Trump de rester du c\u00f4t\u00e9 de l&rsquo;Ukraine. Les Etats-Unis \u00ab\u00a0doivent rester du c\u00f4t\u00e9 (&#8230;) d&rsquo;un pays d\u00e9mocratique qui lutte contre une seule personne\u00a0\u00bb, a-t-il d\u00e9clar\u00e9 en r\u00e9f\u00e9rence au pr\u00e9sident russe Vladimir Poutine lors de cet entretien conduit dans le palais pr\u00e9sidentiel de Kiev.<\/p>\n<p>Le pr\u00e9sident am\u00e9ricain fait-il suffisamment pression sur Vladimir Poutine pour tenter de mettre fin \u00e0 la guerre? \u00ab\u00a0Non\u00a0\u00bb, a simplement r\u00e9pondu Volodymyr Zelensky \u00e0 CNN. \u00ab\u00a0On ne peut pas juste lui donner tout ce qu&rsquo;il veut. Parce qu&rsquo;il veut nous occuper. Si nous lui donnons tout ce qu&rsquo;il veut, nous allons tout perdre &#8211; tous autant que nous sommes, nous devrons fuir ou devenir Russes\u00a0\u00bb, a-t-il ajout\u00e9.<\/p>\n<p>06:28<br class=\"jsx-494582681\"\/> 24 f\u00e9vrier 20265 BLESS\u00c9S DANS DES FRAPPES RUSSES<\/p>\n<p>Des frappes de drones russes sur la ville de Zaporijia, dans le sud de l&rsquo;Ukraine, ont fait cinq bless\u00e9s, dont un enfant, ont annonc\u00e9 les services de secours mardi. Les frappes survenues tard lundi ont cibl\u00e9 plusieurs sites de la capitale r\u00e9gionale, \u00e0 la veille du quatri\u00e8me anniversaire du conflit d\u00e9clench\u00e9 par l&rsquo;invasion russe du 24 f\u00e9vrier 2022. \u00ab\u00a0Cinq personnes, dont un enfant ont \u00e9t\u00e9 bless\u00e9s en cons\u00e9quence des attaques\u00a0\u00bb, ont indiqu\u00e9 les services nationaux de secours sur telegram.<\/p>\n<p>06:25<br class=\"jsx-494582681\"\/> 24 f\u00e9vrier 2026SONDAGE EXCLUSIF<\/p>\n<p>Vladimir Poutine est le dirigeant \u00e9tranger qui inqui\u00e8te le plus les Fran\u00e7ais. D\u00e9couvrez tous les r\u00e9sultats dans l&rsquo;article ci-dessous :<\/p>\n<p>06:24<br class=\"jsx-494582681\"\/> 24 f\u00e9vrier 2026International<\/p>\n<p>EXCLUSIF<\/p>\n<p><img decoding=\"async\" src=\"https:\/\/www.europesays.com\/fr\/wp-content\/uploads\/2026\/02\/trump-poutine-2018-heksinki-finlande-4cba17-0@1x.jpeg\" alt=\"TRUMP POUTINE 2018 HEKSINKI FINLANDE\" loading=\"lazy\" importance=\"low\" fetchpriority=\"low\" class=\"\" copyright=\"AFP\" aria-hidden=\"true\"\/><\/p>\n<p>Publi\u00e9 hier \u00e0 6h09<\/p>\n<p>BONJOUR<\/p>\n<p>Bienvenue dans ce direct comment\u00e9 d\u00e9di\u00e9 \u00e0 la guerre en Ukraine et aux n\u00e9gociations de paix. Ce mardi marque le 4e anniversaire de l&rsquo;invasion russe en Ukraine.\u00a0<\/p>\n<p>Une r\u00e9union par visioconf\u00e9rence de la \u00ab\u00a0coalition des volontaires\u00a0\u00bb alli\u00e9s de Kiev, copr\u00e9sid\u00e9e par Emmanuel Macron et Keir Starmer doit se tenir \u00e0 11h.<\/p>\n<p>06:23<br class=\"jsx-494582681\"\/> 24 f\u00e9vrier 2026<\/p>\n<p data-module=\"article-paragraph\" class=\"jsx-157965717 Paragraph\">La guerre en Ukraine, d\u00e9clench\u00e9e par l&rsquo;invasion russe du 24 f\u00e9vrier 2022, entre dans sa cinqui\u00e8me ann\u00e9e. Ce conflit est le plus sanglant sur le sol europ\u00e9en depuis la Seconde Guerre mondiale. Apr\u00e8s quatre ans de combats, <a href=\"https:\/\/www.tf1info.fr\/international\/guerre-en-ukraine-kiev-bombardee-avant-le-quatrieme-anniversaire-de-l-invasion-russe-2426196.html\" rel=\"nofollow noopener\" target=\"_blank\">de destructions <\/a>mais aussi d&rsquo;efforts diplomatiques, <a href=\"https:\/\/www.tf1info.fr\/international\/guerre-en-ukraine-russie-voodymyr-zelensky-se-dit-sous-pression-russe-et-americaine-pour-ceder-le-donbass-mais-revendique-des-progres-dans-le-sud-2426035.html\" rel=\"nofollow noopener\" target=\"_blank\">le pr\u00e9sident ukrainien Volodymyr Zelensky<\/a> a d\u00e9clar\u00e9 vendredi lors d&rsquo;un entretien \u00e0 l&rsquo;AFP que l&rsquo;issue de la guerre avec la Russie \u00e9tait toujours incertaine, mais que l&rsquo;Ukraine <a href=\"https:\/\/www.tf1info.fr\/international\/video-lci-l-hypothese-d-un-renversement-de-la-situation-militaire-sur-le-front-est-impossible-apres-4-ans-de-guerre-russie-les-ukrainiens-condamnes-a-la-defaite-2426448.html\" rel=\"nofollow noopener\" target=\"_blank\">n&rsquo;\u00e9tait pas en train de la perdre<\/a>. \u00ab\u00a0On ne peut pas dire que nous perdons la guerre, honn\u00eatement, nous ne sommes certainement pas en train de la perdre. La question est de savoir si nous allons gagner\u00a0\u00bb, a-t-il estim\u00e9 lors de cet entretien.<\/p>\n<p data-module=\"article-paragraph\" class=\"jsx-157965717 Paragraph Paragraph__End\">La Russie occupe pr\u00e8s de 20% du territoire ukrainien, bombarde quotidiennement des zones civiles et infrastructures, entra\u00eenant r\u00e9cemment la pire crise \u00e9nerg\u00e9tique dans le pays depuis le d\u00e9but de l&rsquo;invasion de 2022. Lentement et malgr\u00e9 de lourdes pertes, les troupes russes ne cessent d&rsquo;avancer, notamment dans le Donbass, \u00e9picentre de combats dans l&rsquo;Est.\u00a0<\/p>\n<p><a href=\"https:\/\/www.tf1info.fr\/international\/l-avancee-russe-est-d-une-lenteur-historique-l-eclairage-du-colonel-michel-goya-apres-4-ans-de-guerre-en-ukraine-2426366.html\" rel=\"nofollow noopener\" class=\"jsx-3308031228 Link flex\" target=\"_blank\"><img decoding=\"async\" src=\"https:\/\/www.europesays.com\/fr\/wp-content\/uploads\/2026\/02\/ukraine-2026-ed01a1-0@1x.jpeg\" alt=\"ILLUSTRATION\" loading=\"lazy\" importance=\"low\" fetchpriority=\"low\" class=\"\" copyright=\"OLEG PETRASIUK \/ 24th Mechanized Brigade of Ukrainian Armed Forces \/ AFP\" aria-hidden=\"true\"\/><\/p>\n<p class=\"jsx-3657663356 ReadMoreArticle__Title\">Lire aussi<\/p>\n<p class=\"jsx-3657663356\">\u00ab\u00a0L&rsquo;avanc\u00e9e russe est d&rsquo;une lenteur historique\u00a0\u00bb : l&rsquo;\u00e9clairage du colonel Goya apr\u00e8s quatre ans de guerre en Ukraine<\/p>\n<p><\/a><\/p>\n<p data-module=\"article-paragraph\" class=\"jsx-157965717 Paragraph Paragraph__End\">Le chancelier allemand Friedrich Merz a accus\u00e9 lundi <a href=\"https:\/\/www.tf1info.fr\/international\/guerre-ukraine-russie-le-bilan-de-poutine-en-ukraine-un-echec-cuisant-et-humiliant-estime-la-france-2426244.html\" rel=\"nofollow noopener\" target=\"_blank\">la Russie de Vladimir Poutine<\/a> de se trouver \u00ab\u00a0au plus profond niveau de la barbarie\u00a0\u00bb. Friedrich Merz, dont le pays est l&rsquo;un des principaux soutiens \u00e0 Kiev, a \u00e9galement affirm\u00e9 que \u00ab\u00a0la Russie n&rsquo;\u00e9tait pas en train de gagner cette guerre\u00a0\u00bb. \u00ab\u00a0Cela fait partie de la propagande et s&rsquo;inscrit (&#8230;) dans le cadre de la guerre psychologique. La Russie veut nous le faire croire, mais les faits sont tout autres\u00a0\u00bb, a d\u00e9clar\u00e9 le chancelier. \u00ab\u00a0Sur le front, la Russie ne gagne plus de terrain, bien au contraire. Le mois de f\u00e9vrier a \u00e9t\u00e9 marqu\u00e9 par des gains de terrain \u00e9tonnants de l&rsquo;arm\u00e9e ukrainienne, et l&rsquo;\u00e9conomie russe souffre davantage des sanctions et de la guerre que ce que les m\u00e9dias peuvent parfois nous le laisser entendre\u00a0\u00bb, a ajout\u00e9 le dirigeant allemand.<\/p>\n<p>Une \u00ab\u00a0pression\u00a0\u00bb sur la Russie<\/p>\n<p data-module=\"article-paragraph\" class=\"jsx-157965717 Paragraph\">De son c\u00f4t\u00e9, le pr\u00e9sident fran\u00e7ais Emmanuel Macron a appel\u00e9 lundi l&rsquo;Union europ\u00e9enne \u00e0 continuer \u00e0 accro\u00eetre la \u00ab\u00a0pression\u00a0\u00bb sur la Russie dans la guerre en Ukraine et \u00e0 adopter un 20e paquet de sanctions, bloqu\u00e9 par la Hongrie. \u00ab\u00a0Nous continuerons d&rsquo;augmenter la pression sur la Russie\u00a0\u00bb, a-t-il dit au c\u00f4t\u00e9 de son homologue finlandais Alexander Stubb. \u00ab\u00a0Nous devons avancer sur le 20e paquet de sanctions de l&rsquo;Union europ\u00e9enne et des discussions se tiendront dans les prochains jours\u00a0\u00bb, a ajout\u00e9 Emmanuel Macron.<\/p>\n<p data-module=\"article-paragraph\" class=\"jsx-157965717 Paragraph Paragraph__End\">L&rsquo;absence d&rsquo;accord sur de nouvelles sanctions contre la Russie, en raison d&rsquo;un veto hongrois, est un \u00ab\u00a0revers\u00a0\u00bb, a de son c\u00f4t\u00e9 d\u00e9plor\u00e9 lundi la cheffe de la diplomatie de l&rsquo;UE Kaja Kallas. \u00ab\u00a0Mais le travail continue\u00a0\u00bb, a-t-elle d\u00e9clar\u00e9 \u00e0 l&rsquo;issue d&rsquo;une r\u00e9union des ministres des Affaires \u00e9trang\u00e8res de l&rsquo;UE \u00e0 Bruxelles, apr\u00e8s avoir confirm\u00e9 l&rsquo;\u00e9chec des Vingt-Sept \u00e0 se mettre d&rsquo;accord sur un 20e \u00ab\u00a0paquet\u00a0\u00bb de sanctions contre Moscou.<\/p>\n<p data-module=\"article-paragraph\" class=\"jsx-157965717 Paragraph Paragraph__End\">Ce mardi matin, une r\u00e9union par visioconf\u00e9rence de la \u00ab\u00a0coalition des volontaires\u00a0\u00bb alli\u00e9s de Kiev, copr\u00e9sid\u00e9e par Emmanuel Macron et le Premier ministre britannique Keir Starmer, doit se tenir \u00e0 Paris.\u00a0<\/p>\n<p>La r\u00e9daction de TF1info<\/p>\n<p><script async src=\"https:\/\/platform.twitter.com\/widgets.js\" charset=\"utf-8\"><\/script><\/p>\n","protected":false},"excerpt":{"rendered":"La guerre en Ukraine entre dans sa cinqui\u00e8me ann\u00e9e ce mardi 24 f\u00e9vrier. La Russie a lanc\u00e9 son&hellip;\n","protected":false},"author":2,"featured_media":757512,"comment_status":"","ping_status":"","sticky":false,"template":"","format":"standard","meta":{"footnotes":"","_share_on_mastodon":"0"},"categories":[1590],"tags":[1111,11,1921,5925,1073,1777,674,4710,1922,12,132,220,83990,133,1920,135,134],"class_list":["post-757511","post","type-post","status-publish","format-standard","has-post-thumbnail","category-ukraine","tag-actu","tag-actualites","tag-article-video","tag-conflits-et-guerre","tag-emmanuel-macron","tag-eu","tag-europe","tag-friedrich-merz","tag-info","tag-news","tag-russie","tag-ukraine","tag-ukraine-la-guerre-entre-dans-sa-5-annee","tag-video","tag-video-international","tag-vladimir-poutine","tag-volodymyr-zelensky"],"share_on_mastodon":{"url":"https:\/\/pubeurope.com\/@fr\/116128258166323604","error":""},"_links":{"self":[{"href":"https:\/\/www.europesays.com\/fr\/wp-json\/wp\/v2\/posts\/757511","targetHints":{"allow":["GET"]}}],"collection":[{"href":"https:\/\/www.europesays.com\/fr\/wp-json\/wp\/v2\/posts"}],"about":[{"href":"https:\/\/www.europesays.com\/fr\/wp-json\/wp\/v2\/types\/post"}],"author":[{"embeddable":true,"href":"https:\/\/www.europesays.com\/fr\/wp-json\/wp\/v2\/users\/2"}],"replies":[{"embeddable":true,"href":"https:\/\/www.europesays.com\/fr\/wp-json\/wp\/v2\/comments?post=757511"}],"version-history":[{"count":0,"href":"https:\/\/www.europesays.com\/fr\/wp-json\/wp\/v2\/posts\/757511\/revisions"}],"wp:featuredmedia":[{"embeddable":true,"href":"https:\/\/www.europesays.com\/fr\/wp-json\/wp\/v2\/media\/757512"}],"wp:attachment":[{"href":"https:\/\/www.europesays.com\/fr\/wp-json\/wp\/v2\/media?parent=757511"}],"wp:term":[{"taxonomy":"category","embeddable":true,"href":"https:\/\/www.europesays.com\/fr\/wp-json\/wp\/v2\/categories?post=757511"},{"taxonomy":"post_tag","embeddable":true,"href":"https:\/\/www.europesays.com\/fr\/wp-json\/wp\/v2\/tags?post=757511"}],"curies":[{"name":"wp","href":"https:\/\/api.w.org\/{rel}","templated":true}]}}