{"id":75756,"date":"2025-05-05T04:04:12","date_gmt":"2025-05-05T04:04:12","guid":{"rendered":"https:\/\/www.europesays.com\/fr\/75756\/"},"modified":"2025-05-05T04:04:12","modified_gmt":"2025-05-05T04:04:12","slug":"cryptomonnaies-un-homme-libere-deux-jours-apres-son-enlevement-contre-rancon-sept-gardes-a-vue-04-05-2025-a-2010","status":"publish","type":"post","link":"https:\/\/www.europesays.com\/fr\/75756\/","title":{"rendered":"Cryptomonnaies: un homme lib\u00e9r\u00e9 deux jours apr\u00e8s son enl\u00e8vement contre ran\u00e7on, sept gardes \u00e0 vue &#8211; 04\/05\/2025 \u00e0 20:10"},"content":{"rendered":"<p>        <img fetchpriority=\"high\" decoding=\"async\" src=\"https:\/\/www.europesays.com\/fr\/wp-content\/uploads\/2025\/05\/a3e7b79f270d0a0e098de54051d7836a-760x507.jpg\" alt=\"Un v\u00e9hicule de police \u00e0 Paris, le 16 avril 2025 ( AFP \/ S\u00e9bastien DUPUY )\" loading=\"eager\" width=\"760\" height=\"507\" style=\"max-width: 100%!important; height: auto;\"\/><\/p>\n<p class=\"c-image-news__legend\">Un v\u00e9hicule de police \u00e0 Paris, le 16 avril 2025 ( AFP \/ S\u00e9bastien DUPUY )<\/p>\n<p>\n Trois mois et demi apr\u00e8s le kidnapping contre ran\u00e7on du cofondateur de Ledger, le p\u00e8re d&rsquo;un homme ayant fait fortune dans les cryptomonnaies a \u00e9t\u00e9 lib\u00e9r\u00e9 samedi soir lors d&rsquo;un assaut deux jours apr\u00e8s son enl\u00e8vement en plein Paris, et sept personnes ont \u00e9t\u00e9 plac\u00e9es en garde \u00e0 vue.\n<\/p>\n<p>\n L&rsquo;homme avait \u00e9t\u00e9 enlev\u00e9 jeudi vers 10H30 dans le 14e arrondissement, a pr\u00e9cis\u00e9 le parquet de Paris. Selon une source polici\u00e8re, l&rsquo;action avait \u00e9t\u00e9 men\u00e9e devant t\u00e9moins par quatre hommes cagoul\u00e9s qui l&rsquo;avaient emmen\u00e9 \u00e0 bord d&rsquo;un fourgon de livraison.\n<\/p>\n<p>\n \u00ab\u00a0La victime s&rsquo;av\u00e9rait \u00eatre le p\u00e8re d&rsquo;un homme ayant fait fortune dans les cryptomonnaies, les faits \u00e9tant accompagn\u00e9s d&rsquo;une demande de ran\u00e7on\u00a0\u00bb, a soulign\u00e9 le parquet, sans en pr\u00e9ciser le montant.\n<\/p>\n<p>\n D&rsquo;apr\u00e8s le journal Le Parisien, \u00ab\u00a0les malfaiteurs auraient r\u00e9clam\u00e9 entre 5 \u00e0 7 millions d&rsquo;euros sous forme de virements en \u00e9change de sa lib\u00e9ration\u00a0\u00bb.\n<\/p>\n<p>\n Une source proche du dossier a pr\u00e9cis\u00e9 \u00e0 l&rsquo;AFP qu&rsquo;une somme \u00ab\u00a0tr\u00e8s \u00e9lev\u00e9e\u00a0\u00bb avait \u00e9t\u00e9 r\u00e9clam\u00e9e par les ravisseurs mais n&rsquo;avait pas \u00e9t\u00e9 vers\u00e9e.\n<\/p>\n<p>\n Les \u00ab\u00a0nombreuses investigations\u00a0\u00bb men\u00e9es ont permis la lib\u00e9ration samedi vers 21H00 de \u00ab\u00a0la victime retenue dans un logement situ\u00e9 dans l&rsquo;Essonne\u00a0\u00bb, a indiqu\u00e9 le parquet.\n<\/p>\n<p>\n Bless\u00e9, l&rsquo;homme a \u00e9t\u00e9 pris en charge par les secours, selon la m\u00eame source, sans pr\u00e9ciser la nature de ses blessures.\n<\/p>\n<p>\n Selon la source proche du dossier, l&rsquo;homme a eu un doigt sectionn\u00e9.\n<\/p>\n<p>\n Lors de cette intervention, quatre suspects n\u00e9s en 1998, 1999, 2002 et 2005, \u00ab\u00a0ont \u00e9t\u00e9 interpell\u00e9s, dans ou \u00e0 proximit\u00e9 du logement o\u00f9 \u00e9tait s\u00e9questr\u00e9e la victime\u00a0\u00bb, a pr\u00e9cis\u00e9 le parquet.\n<\/p>\n<p>\n Un cinqui\u00e8me, n\u00e9 en 1999, \u00ab\u00a0a \u00e9t\u00e9 interpell\u00e9 au volant de l&rsquo;un des v\u00e9hicules vraisemblablement utilis\u00e9s par les malfaiteurs\u00a0\u00bb, a-t-il compl\u00e9t\u00e9.\n<\/p>\n<p>\n Deux autres suspects n\u00e9s en 1995 et 2007 \u00ab\u00a0ont pu \u00eatre interpell\u00e9s dimanche\u00a0\u00bb, a compl\u00e9t\u00e9 le minist\u00e8re public.\n<\/p>\n<p>\n \u00ab\u00a0Les sept mesures de garde \u00e0 vue sont actuellement en cours\u00a0\u00bb et \u00ab\u00a0peuvent durer jusque 96 heures\u00a0\u00bb, a-t-on pr\u00e9cis\u00e9.\n<\/p>\n<p>\n L&rsquo;otage a \u00e9t\u00e9 lib\u00e9r\u00e9 lors d&rsquo;un assaut de la Brigade de recherche et d&rsquo;intervention (BRI) dans le pavillon o\u00f9 il \u00e9tait s\u00e9questr\u00e9, a relat\u00e9 la source proche.\n<\/p>\n<p>\n Le lieu o\u00f9 il \u00e9tait retenu a \u00e9t\u00e9 localis\u00e9 gr\u00e2ce \u00e0 une \u00ab\u00a0enqu\u00eate hors norme\u00a0\u00bb, \u00ab\u00a0d&rsquo;anthologie\u00a0\u00bb, a soulign\u00e9 cette source, ajoutant que \u00ab\u00a0d&rsquo;autres mutilations \u00e9taient \u00e0 craindre\u00a0\u00bb si les policiers n&rsquo;\u00e9taient pas intervenus.\n<\/p>\n<p>        <img decoding=\"async\" src=\"https:\/\/www.europesays.com\/fr\/wp-content\/uploads\/2025\/05\/086a892976fd19efd2ef653b4202c10b-760x507.jpg\" alt=\"Le ministre de l'Int\u00e9rieur Bruno Retailleau, lors d'une conf\u00e9rence de presse \u00e0 Metz, en Moselle, le 2 mai 2025 ( AFP \/ Jean-Christophe VERHAEGEN )\" loading=\"eager\" width=\"760\" height=\"507\" style=\"max-width: 100%!important; height: auto;\"\/><\/p>\n<p class=\"c-image-news__legend\">Le ministre de l&rsquo;Int\u00e9rieur Bruno Retailleau, lors d&rsquo;une conf\u00e9rence de presse \u00e0 Metz, en Moselle, le 2 mai 2025 ( AFP \/ Jean-Christophe VERHAEGEN )<\/p>\n<p>\n \u00ab\u00a0Un immense bravo aux enqu\u00eateurs qui ont fait un travail exceptionnel pour lib\u00e9rer cet homme et pour interpeller ses ravisseurs\u00a0\u00bb, a r\u00e9agi sur X le ministre de l&rsquo;Int\u00e9rieur Bruno Retailleau, saluant l'\u00a0\u00bbengagement d\u00e9cisif\u00a0\u00bb du pr\u00e9fet de police Laurent Nu\u00f1ez et de ses effectifs.\n<\/p>\n<p>\n L&rsquo;\u00e9pouse de la victime avait pr\u00e9cis\u00e9 aux policiers que son mari et son fils, qui d\u00e9tiennent une soci\u00e9t\u00e9 de marketing g\u00e9rant de la cryptomonnaie \u00e0 Malte, avaient fait l&rsquo;objet de menaces par le pass\u00e9, selon la source polici\u00e8re.\n<\/p>\n<p> &#8211; Mode op\u00e9ratoire similaire &#8211;<\/p>\n<p>\n Une enqu\u00eate a \u00e9t\u00e9 ouverte pour arrestation, enl\u00e8vement, s\u00e9questration et d\u00e9tention arbitraire avec torture ou acte de barbarie et pour obtenir l&rsquo;ex\u00e9cution d&rsquo;un ordre ou d&rsquo;une condition, extorsion avec arme, le tout en bande organis\u00e9e, et participation \u00e0 une association de malfaiteurs criminelle.\n<\/p>\n<p>\n La brigade de r\u00e9pression du banditisme (BRB) et la police judiciaire sont charg\u00e9es des investigations.\n<\/p>\n<p>\n Selon la source proche, la brigade de lutte contre la cybercriminalit\u00e9 (BL2C) et la BRI ont \u00e9galement \u00e9t\u00e9 mobilis\u00e9es dans cette enqu\u00eate.\n<\/p>\n<p>\n Cet enl\u00e8vement suivi d&rsquo;une s\u00e9questration avec demande de ran\u00e7on intervient trois mois et demi apr\u00e8s le rapt du cofondateur de Ledger, soci\u00e9t\u00e9 sp\u00e9cialis\u00e9e dans les cryptoactifs.\n<\/p>\n<p>\n Le 21 janvier, au petit matin, David Balland et sa compagne avaient \u00e9t\u00e9 kidnapp\u00e9s \u00e0 leur domicile \u00e0 M\u00e9reau (Cher).\n<\/p>\n<p>\n L&rsquo;alerte avait \u00e9t\u00e9 donn\u00e9e par Eric Larchev\u00eaque, cofondateur de Ledger, qui avait re\u00e7u une vid\u00e9o d&rsquo;un doigt coup\u00e9 de David Balland, accompagn\u00e9e d&rsquo;une importante demande de ran\u00e7on en cryptomonnaie.\n<\/p>\n<p>\n S\u00e9questr\u00e9 \u00e0 Ch\u00e2teauroux, David Balland a \u00e9t\u00e9 lib\u00e9r\u00e9 le 22 janvier. Sa compagne a \u00e9t\u00e9 retrouv\u00e9e ligot\u00e9e dans le coffre d&rsquo;un v\u00e9hicule dans l&rsquo;Essonne le lendemain.\n<\/p>\n<p>\n Au moins neuf suspects ont \u00e9t\u00e9 mis en examen dans cette affaire, dont le commanditaire pr\u00e9sum\u00e9 de cet enl\u00e8vement.\n<\/p>\n<p>\n Par ailleurs, d\u00e9but janvier, un homme de 56 ans avait \u00e9t\u00e9 retrouv\u00e9 dans le coffre d&rsquo;une voiture pr\u00e8s du Mans, \u00e0 plusieurs centaines de kilom\u00e8tres de son domicile situ\u00e9 dans l&rsquo;Ain.\n<\/p>\n<p>\n Selon plusieurs m\u00e9dias, il s&rsquo;agissait du p\u00e8re d&rsquo;un influenceur en cryptomonnaies bas\u00e9 \u00e0 Duba\u00ef, qui publie r\u00e9guli\u00e8rement des vid\u00e9os sur ses gains, et une ran\u00e7on avait \u00e9t\u00e9 r\u00e9clam\u00e9e.<\/p>\n","protected":false},"excerpt":{"rendered":"Un v\u00e9hicule de police \u00e0 Paris, le 16 avril 2025 ( AFP \/ S\u00e9bastien DUPUY ) Trois mois&hellip;\n","protected":false},"author":2,"featured_media":75757,"comment_status":"","ping_status":"","sticky":false,"template":"","format":"standard","meta":{"footnotes":""},"categories":[4],"tags":[400,11,398,408,405,1011,27,403,402,399,404,12,25,401,406,407],"class_list":{"0":"post-75756","1":"post","2":"type-post","3":"status-publish","4":"format-standard","5":"has-post-thumbnail","7":"category-france","8":"tag-action-cac-40","9":"tag-actualites","10":"tag-bourse-de-paris","11":"tag-boursorama","12":"tag-cotations","13":"tag-fr","14":"tag-france","15":"tag-indices-devises","16":"tag-investir","17":"tag-investissement","18":"tag-marche-boursier","19":"tag-news","20":"tag-republique-francaise","21":"tag-sicav","22":"tag-trackers","23":"tag-warrants"},"share_on_mastodon":{"url":"https:\/\/pubeurope.com\/@fr\/114453247860552814","error":""},"_links":{"self":[{"href":"https:\/\/www.europesays.com\/fr\/wp-json\/wp\/v2\/posts\/75756","targetHints":{"allow":["GET"]}}],"collection":[{"href":"https:\/\/www.europesays.com\/fr\/wp-json\/wp\/v2\/posts"}],"about":[{"href":"https:\/\/www.europesays.com\/fr\/wp-json\/wp\/v2\/types\/post"}],"author":[{"embeddable":true,"href":"https:\/\/www.europesays.com\/fr\/wp-json\/wp\/v2\/users\/2"}],"replies":[{"embeddable":true,"href":"https:\/\/www.europesays.com\/fr\/wp-json\/wp\/v2\/comments?post=75756"}],"version-history":[{"count":0,"href":"https:\/\/www.europesays.com\/fr\/wp-json\/wp\/v2\/posts\/75756\/revisions"}],"wp:featuredmedia":[{"embeddable":true,"href":"https:\/\/www.europesays.com\/fr\/wp-json\/wp\/v2\/media\/75757"}],"wp:attachment":[{"href":"https:\/\/www.europesays.com\/fr\/wp-json\/wp\/v2\/media?parent=75756"}],"wp:term":[{"taxonomy":"category","embeddable":true,"href":"https:\/\/www.europesays.com\/fr\/wp-json\/wp\/v2\/categories?post=75756"},{"taxonomy":"post_tag","embeddable":true,"href":"https:\/\/www.europesays.com\/fr\/wp-json\/wp\/v2\/tags?post=75756"}],"curies":[{"name":"wp","href":"https:\/\/api.w.org\/{rel}","templated":true}]}}