{"id":757648,"date":"2026-02-25T01:10:15","date_gmt":"2026-02-25T01:10:15","guid":{"rendered":"https:\/\/www.europesays.com\/fr\/757648\/"},"modified":"2026-02-25T01:10:15","modified_gmt":"2026-02-25T01:10:15","slug":"les-traitres-2026-adriana-karembeu-passe-partout-voici-les-premiers-candidats-officialises-par-m6","status":"publish","type":"post","link":"https:\/\/www.europesays.com\/fr\/757648\/","title":{"rendered":"Les Tra\u00eetres 2026 : Adriana Karembeu, Passe-Partout\u2026 Voici les premiers candidats officialis\u00e9s par M6"},"content":{"rendered":"<p>La saison 6 des Tra\u00eetres est sur le point d&rsquo;\u00eatre diffus\u00e9e sur M6. La cha\u00eene a d\u00e9voil\u00e9, ce mardi 24 f\u00e9vrier, les premiers noms des c\u00e9l\u00e9brit\u00e9s qui ont accept\u00e9 de rejoindre son casting.<\/p>\n<p>Quelques mois seulement apr\u00e8s la premi\u00e8re victoire historique des loyaux dans Les Tra\u00eetres, la saison 6 du programme est sur le point d&rsquo;\u00eatre diffus\u00e9e sur M6. Pour m\u00e9moire, <a href=\"https:\/\/www.programme-tv.net\/biographie\/173636-schiappa-marlene\/\" data-link-people=\"0ebc9738-961e-473b-ba41-138736552925\" rel=\"nofollow noopener\" target=\"_blank\">Marl\u00e8ne Schiappa<\/a>, <a href=\"https:\/\/www.programme-tv.net\/biographie\/186803-fernandez-theo\/\" data-link-people=\"7e79b14e-a1db-4e7f-9448-0bbb36ed57c7\" rel=\"nofollow noopener\" target=\"_blank\">Th\u00e9o Fernandez<\/a> et <a href=\"https:\/\/www.programme-tv.net\/biographie\/14608-bravo-christine\/\" data-link-people=\"243c57f6-0222-4923-8aa7-7370e89feed4\" rel=\"nofollow noopener\" target=\"_blank\">Christine Bravo<\/a> avaient r\u00e9ussi \u00e0 d\u00e9masquer in extremis, lors du dernier conseil de leur aventure,<a href=\"https:\/\/www.programme-tv.net\/news\/tv\/389177-j-etais-seule-donc-j-ai-perdu-anne-elisabeth-blateau-les-traitres-revient-sur-la-mauvaise-strategie-de-camille-cerf-et-fabien-olicard\/\" data-api-deeplink=\"teleloisirs:\/\/news\/389177\" rel=\"nofollow noopener\" target=\"_blank\"> la com\u00e9dienne Anne-\u00c9lisabeth Blateau<\/a> et la cr\u00e9atrice de contenu Studio Danielle. Ils avaient auparavant \u00e9limin\u00e9 <a href=\"https:\/\/www.programme-tv.net\/biographie\/418025-cerf-camille\/\" data-link-people=\"e2d7e9a6-783d-43e9-a3ed-3378c3f7b10c\" rel=\"nofollow noopener\" target=\"_blank\">Camille Cerf<\/a>, ex-Miss France 2015, et le mentaliste Fabien Olicard. \u00ab\u00a0C&rsquo;est gr\u00e2ce \u00e0 l&rsquo;alliance entre les loyaux. On avait le nombre pour nous. C&rsquo;est comme \u00e0 la guerre, on a eu des pertes en premi\u00e8re ligne, mais on est pass\u00e9s. \u00c7a s&rsquo;est jou\u00e9 \u00e0 la confiance, contrairement aux autres ann\u00e9es o\u00f9 les joueurs ne se faisaient pas confiance\u00a0\u00bb, avait expliqu\u00e9 <a href=\"https:\/\/www.programme-tv.net\/news\/tv\/389386-je-n-ai-pas-ete-tres-agreable-avec-lui-christine-bravo-les-traitres-devoile-les-coulisses-de-la-visite-de-son-mari-lors-du-tournage\/\" data-api-deeplink=\"teleloisirs:\/\/news\/389386\" rel=\"nofollow noopener\" target=\"_blank\">Christine Bravo \u00e0 propos de cette victoire longtemps attendue.<\/a><\/p>\n<p>Ce mardi 24 f\u00e9vrier, le compte officiel de M6 a d\u00e9voil\u00e9 sur les r\u00e9seaux sociaux une partie du casting de la sixi\u00e8me saison des Tra\u00eetres. Adriana Karembeu, <a href=\"https:\/\/www.programme-tv.net\/news\/tv\/398040-mes-deux-dernieres-histoires-d-amour-c-etait-vraiment-pas-cool-laure-manaudou-balance-sur-sa-vie-privee-dans-danse-avec-les-stars\/\" data-api-deeplink=\"teleloisirs:\/\/news\/398040\" rel=\"nofollow noopener\" target=\"_blank\">Christian Millette, actuellement partenaire de Laure Manaudou dans la quinzi\u00e8me saison de Danse avec les stars<\/a>, l&rsquo;humoriste et animateur Issa Doumbia, Andr\u00e9 Bouchet alias Passe-Partout, la star de Fort Boyard, et la YouTubeuse Juste Zo\u00e9 comptent parmi les prochains candidats du programme. Cette nouvelle \u00e9dition des Tra\u00eetres se d\u00e9roulera, comme la pr\u00e9c\u00e9dente, au domaine de Bournel, dans le Doubs et sera toujours anim\u00e9e par Eric Antoine. Mais elle comptera aussi quelques nouveaut\u00e9s. Ainsi, <a href=\"https:\/\/www.programme-tv.net\/news\/tv\/398132-c-est-totalement-inedit-dans-les-traitres-une-grande-nouveaute-vous-attend-dans-la-saison-6-qui-va-chambouler-le-jeu\/\" data-api-deeplink=\"teleloisirs:\/\/news\/398132\" rel=\"nofollow noopener\" target=\"_blank\">une personnalit\u00e9 sera d\u00e9sign\u00e9e comme \u00e9tant \u00ab\u00a0le tra\u00eetre maudit\u00a0\u00bb<\/a>. Elle sera affubl\u00e9e d&rsquo;une cape verte et aura une mission tr\u00e8s particuli\u00e8re au d\u00e9but de l&rsquo;aventure. \u00ab\u00a0C&rsquo;est un tra\u00eetre qui est nomm\u00e9 solo et qui va avoir 48 heures pour retrouver ses comp\u00e8res, sinon une terrible mal\u00e9diction va s&rsquo;abattre sur lui et sur ses alli\u00e9s. C&rsquo;est une m\u00e9canique totalement in\u00e9dite\u00a0\u00bb, a expliqu\u00e9 la production du jeu. Il s&rsquo;agit d&rsquo;ailleurs d&rsquo;une innovation qui n&rsquo;a jamais \u00e9t\u00e9 vue dans les autres pays diffusant le programme.<\/p>\n<p>            Un autre nom au casting de la saison 6 des Tra\u00eetres avait d\u00e9j\u00e0 \u00e9t\u00e9 divulgu\u00e9<\/p>\n<p>Le nom d&rsquo;une des premi\u00e8res personnalit\u00e9s \u00e0 avoir rejoint le casting de la saison 6 des Tra\u00eetres avait \u00e9t\u00e9 d\u00e9voil\u00e9, il y a quelques mois.<a href=\"https:\/\/www.programme-tv.net\/news\/tv\/391008-on-connait-la-premiere-candidate-de-la-prochaine-saison-des-traitres-et-c-est-une-figure-de-tout-beau-tout-neuf\/\" data-api-deeplink=\"teleloisirs:\/\/news\/391008\" rel=\"nofollow noopener\" target=\"_blank\"> Il s&rsquo;agit de la journaliste Isabelle Morini-Bosc, qui avait annonc\u00e9 sa participation au programme de M6, apr\u00e8s son d\u00e9part de RTL<\/a>. Sa pr\u00e9sence dans le jeu avait d&rsquo;ailleurs inspir\u00e9 <a href=\"https:\/\/www.programme-tv.net\/biographie\/25805-hanouna-cyril\/\" data-link-people=\"5dcd4d55-b4fe-4234-abc6-b74b4abdaf5c\" rel=\"nofollow noopener\" target=\"_blank\">Cyril Hanouna<\/a>, qui avait d\u00e9voil\u00e9 <a href=\"https:\/\/www.programme-tv.net\/news\/tv\/393231-les-traitres-sarah-saldmann-raphael-de-casabianca-les-premiers-noms-au-casting-de-la-nouvelle-saison-devoiles-par-cyril-hanouna\/\" data-api-deeplink=\"teleloisirs:\/\/news\/393231\" rel=\"nofollow noopener\" target=\"_blank\">une liste fantaisiste de participants<\/a> dans Tout beau, tout neuf.<\/p>\n<blockquote class=\"instagram-media\" data-instgrm-captioned=\"\" data-instgrm-permalink=\"https:\/\/www.instagram.com\/p\/DVJfP4ziD_5\/?utm_source=ig_embed&amp;utm_campaign=loading\" data-instgrm-version=\"14\" style=\" background:#FFF; border:0; border-radius:3px; box-shadow:0 0 1px 0 rgba(0,0,0,0.5),0 1px 10px 0 rgba(0,0,0,0.15); margin: 1px; max-width:658px; min-width:326px; padding:0; width:99.375%; width:-webkit-calc(100% - 2px); width:calc(100% - 2px);\"\/>\n<p>        <script async src=\"\/\/www.instagram.com\/embed.js\"><\/script><\/p>\n","protected":false},"excerpt":{"rendered":"La saison 6 des Tra\u00eetres est sur le point d&rsquo;\u00eatre diffus\u00e9e sur M6. La cha\u00eene a d\u00e9voil\u00e9, ce&hellip;\n","protected":false},"author":2,"featured_media":757649,"comment_status":"","ping_status":"","sticky":false,"template":"","format":"standard","meta":{"footnotes":"","_share_on_mastodon":"0"},"categories":[1359],"tags":[6382,244,58,59,1194,1011,27,84191,1383,494,84190,973,1630],"class_list":["post-757648","post","type-post","status-publish","format-standard","has-post-thumbnail","category-people","tag-adriana-karembeu","tag-commentaire","tag-divertissement","tag-entertainment","tag-eric-antoine","tag-fr","tag-france","tag-issa-doumbia","tag-les-trau00eetres","tag-m6","tag-passe-partout-fort-boyard","tag-people","tag-zapping"],"share_on_mastodon":{"url":"https:\/\/pubeurope.com\/@fr\/116128607403539088","error":""},"_links":{"self":[{"href":"https:\/\/www.europesays.com\/fr\/wp-json\/wp\/v2\/posts\/757648","targetHints":{"allow":["GET"]}}],"collection":[{"href":"https:\/\/www.europesays.com\/fr\/wp-json\/wp\/v2\/posts"}],"about":[{"href":"https:\/\/www.europesays.com\/fr\/wp-json\/wp\/v2\/types\/post"}],"author":[{"embeddable":true,"href":"https:\/\/www.europesays.com\/fr\/wp-json\/wp\/v2\/users\/2"}],"replies":[{"embeddable":true,"href":"https:\/\/www.europesays.com\/fr\/wp-json\/wp\/v2\/comments?post=757648"}],"version-history":[{"count":0,"href":"https:\/\/www.europesays.com\/fr\/wp-json\/wp\/v2\/posts\/757648\/revisions"}],"wp:featuredmedia":[{"embeddable":true,"href":"https:\/\/www.europesays.com\/fr\/wp-json\/wp\/v2\/media\/757649"}],"wp:attachment":[{"href":"https:\/\/www.europesays.com\/fr\/wp-json\/wp\/v2\/media?parent=757648"}],"wp:term":[{"taxonomy":"category","embeddable":true,"href":"https:\/\/www.europesays.com\/fr\/wp-json\/wp\/v2\/categories?post=757648"},{"taxonomy":"post_tag","embeddable":true,"href":"https:\/\/www.europesays.com\/fr\/wp-json\/wp\/v2\/tags?post=757648"}],"curies":[{"name":"wp","href":"https:\/\/api.w.org\/{rel}","templated":true}]}}