{"id":75782,"date":"2025-05-05T04:21:17","date_gmt":"2025-05-05T04:21:17","guid":{"rendered":"https:\/\/www.europesays.com\/fr\/75782\/"},"modified":"2025-05-05T04:21:17","modified_gmt":"2025-05-05T04:21:17","slug":"a-strasbourg-letat-va-mettre-a-la-rue-ou-renvoyer-des-centaines-detrangers-en-2025","status":"publish","type":"post","link":"https:\/\/www.europesays.com\/fr\/75782\/","title":{"rendered":"\u00c0 Strasbourg, l&rsquo;\u00c9tat va mettre \u00e0 la rue ou renvoyer des centaines d&rsquo;\u00e9trangers en 2025"},"content":{"rendered":"<p class=\"wp-block-post-excerpt__excerpt\">Selon des documents que Rue89 Strasbourg s\u2019est procur\u00e9, la pr\u00e9fecture du Bas-Rhin demande aux associations de supprimer 700 places d\u2019h\u00e9bergement pour les personnes sans titre de s\u00e9jour en 2025. <\/p>\n<p>Thibault Vetter<\/p>\n<p>Publi\u00e9 le 5 mai 2025\u00a0\u00a0\u00b7\u00a0\u00a0<\/p>\n<p>Imprim\u00e9 le 5 mai 2025 \u00e0 06h21\u00a0\u00a0\u00b7\u00a0\u00a0<\/p>\n<p>\t\t\t\t\t8\u00a0minutes\n<\/p>\n<p class=\"has-drop-cap\">\u00ab\u00a0L\u2019\u00c9tat nous d\u00e9l\u00e8gue de mettre des familles dehors, d\u00e9plore un responsable associatif strasbourgeois. C\u2019est vraiment difficile de dire aux b\u00e9n\u00e9ficiaires de sortir, \u00e7a va \u00e0 l\u2019encontre de nos pratiques et de nos valeurs. Les travailleurs sociaux le vivent mal.\u00a0\u00bb <a href=\"https:\/\/www.rue89strasbourg.com\/etat-hebergement-familles-rue-strasbourg-311886\" target=\"_blank\" rel=\"noreferrer noopener nofollow\">Depuis l\u2019\u00e9t\u00e9 2024<\/a>, la pr\u00e9fecture du Bas-Rhin intensifie une politique visant \u00e0 cesser d\u2019h\u00e9berger les migrants \u00e0 qui elle n\u2019a pas donn\u00e9 une autorisation de s\u00e9jour.<\/p>\n<p>Rue89 Strasbourg a pu consulter des documents produits par les services de l\u2019\u00c9tat qui montrent que l\u2019administration refuse d\u00e9sormais de loger les \u00ab\u00a0m\u00e9nages \u00e0 droits incomplets\u00a0\u00bb (MDI). M\u00eame si elle utilise encore cette appellation dans ses dossiers internes, la pr\u00e9fecture du Bas-Rhin d\u00e9clare \u00e0 Rue89 Strasbourg que \u00ab\u00a0ce concept n\u2019existe pas\u00a0: les personnes b\u00e9n\u00e9ficient d\u2019un droit au s\u00e9jour sur le territoire fran\u00e7ais ou n\u2019en b\u00e9n\u00e9ficient pas\u00a0\u00bb. C\u2019est pourtant elle qui avait cr\u00e9\u00e9 cette cat\u00e9gorie pour d\u00e9signer les \u00e9trangers qui contestent les refus de titre de s\u00e9jour, ou tentent d\u2019autres d\u00e9marches pour se r\u00e9gulariser\u2026 Ils se retrouvent dans une position juridique floue, qui peut durer des ann\u00e9es.<\/p>\n<p><a href=\"https:\/\/www.instagram.com\/p\/DJBgEz2K7Pz\/?utm_source=ig_web_button_share_sheet&amp;igsh=MzRlODBiNWFlZA==\" rel=\"nofollow noopener\" target=\"_blank\"><img loading=\"lazy\" decoding=\"async\" width=\"792\" height=\"204\" src=\"https:\/\/www.europesays.com\/fr\/wp-content\/uploads\/2025\/05\/copie-de-bannie\u0300re-autopromo-2025-desktop-792x204.png\" alt=\"\" class=\"wp-image-342070\"  \/><\/a><\/p>\n<p><a href=\"https:\/\/www.instagram.com\/p\/DJBgEz2K7Pz\/?utm_source=ig_web_button_share_sheet&amp;igsh=MzRlODBiNWFlZA==\" rel=\"nofollow noopener\" target=\"_blank\"><img loading=\"lazy\" decoding=\"async\" width=\"300\" height=\"300\" src=\"https:\/\/www.europesays.com\/fr\/wp-content\/uploads\/2025\/05\/03.png\" alt=\"\" class=\"wp-image-342063\"  \/><\/a><\/p>\n<p>Nouvelles places pour inciter \u00e0 quitter la France<\/p>\n<p>En coulisses donc, les associations locales sont somm\u00e9es de diminuer drastiquement les places d\u2019h\u00e9bergement pr\u00e9vues pour les MDI. En janvier 2025, elles logeaient 1\u00a0626 personnes dans cette exacte situation. Elles devront faire baisser ce chiffre jusqu\u2019\u00e0 atteindre 922 places MDI en d\u00e9cembre 2025, soit 704 places en moins.<\/p>\n<p><img loading=\"lazy\" decoding=\"async\" width=\"1326\" height=\"745\" src=\"https:\/\/www.europesays.com\/fr\/wp-content\/uploads\/2025\/04\/1744907535_415_23-paywall.png\" alt=\"Abonnez-vous\" class=\"wp-image-282315\" style=\"aspect-ratio:1.7798657718120805;width:227px;height:auto\"  \/><\/p>\n<p>Cet article fait partie de l\u2019\u00e9dition abonn\u00e9s. Pour lire la suite, profitez d\u2019une offre d\u00e9couverte \u00e0 1\u20ac.<\/p>\n<p class=\"has-gray-700-color has-text-color has-medium-font-size\">Contribuez \u00e0 consolider un m\u00e9dia ind\u00e9pendant \u00e0 Strasbourg, en capacit\u00e9 d\u2019enqu\u00eater sur les enjeux locaux.<\/p>\n<p>\t\t\t<a href=\"https:\/\/www.rue89strasbourg.com\/\" class=\"custom-logo-link\" rel=\"home nofollow noopener\" target=\"_blank\"><img loading=\"lazy\" decoding=\"async\" width=\"290\" height=\"62\" src=\"https:\/\/www.europesays.com\/fr\/wp-content\/uploads\/2025\/04\/1743975279_388_logo.png\" class=\"custom-logo\" alt=\"Rue89 Strasbourg Enqu\u00eates et informations locales\"  \/><\/a><\/p>\n<p>\n\t\t\t\tAbonnez-vous maintenant pour suivre l\u2019actualit\u00e9 locale.\t\t\t<\/p>\n<p class=\"font-bold font-serif-heading mb-2 text-4xl\">\n\t\t\t\t\t\tL\u2019investigation locale \u00e0 port\u00e9e de main.\n\t\t\t\t\t<\/p>\n<p>\n\t\t\t\t\t\tAbonnez-vous et profitez d\u2019un acc\u00e8s illimit\u00e9 \u00e0 Rue89 Strasbourg. Annulez quand vous voulez.\n\t\t\t\t\t<\/p>\n<p class=\"xl:text-sm\">\n\t\t\t\t\tD\u00e9j\u00e0 abonn\u00e9\u00a0?<br \/>\n\t\t\t\t\t<a class=\"border border-transparent text-center transition-colors duration-instant focus:border-info focus:rounded focus:shadow-focus cursor-pointer text-black hover:text-gray-700 active:bg-black-700 font-semibold inline-block\" href=\"https:\/\/www.rue89strasbourg.com\/user\/connexion?redirect=\/sejour-etrangers-etat-2025-341641\" rel=\"nofollow noopener\" target=\"_blank\">Connectez-vous<\/a>\t\t\t\t<\/p>\n<p>\n\t\t\t\tChoisissez votre formule\u00a0:\n\t\t\t<\/p>\n<p>\t\t\t\tFermer<\/p>\n<p>\t\t\t<script async src=\"\/\/www.instagram.com\/embed.js\"><\/script><\/p>\n","protected":false},"excerpt":{"rendered":"Selon des documents que Rue89 Strasbourg s\u2019est procur\u00e9, la pr\u00e9fecture du Bas-Rhin demande aux associations de supprimer 700&hellip;\n","protected":false},"author":2,"featured_media":75783,"comment_status":"","ping_status":"","sticky":false,"template":"","format":"standard","meta":{"footnotes":""},"categories":[2820],"tags":[18077,1111,11,3331,1777,674,1011,27,775,3909,12,6338,25,3910,104,640],"class_list":{"0":"post-75782","1":"post","2":"type-post","3":"status-publish","4":"format-standard","5":"has-post-thumbnail","7":"category-strasbourg","8":"tag-accueil-des-migrants","9":"tag-actu","10":"tag-actualites","11":"tag-etrangers","12":"tag-eu","13":"tag-europe","14":"tag-fr","15":"tag-france","16":"tag-grand-est","17":"tag-hebergement-durgence","18":"tag-news","19":"tag-prefecture-du-bas-rhin","20":"tag-republique-francaise","21":"tag-sdf","22":"tag-societe","23":"tag-strasbourg"},"share_on_mastodon":{"url":"https:\/\/pubeurope.com\/@fr\/114453314541412698","error":""},"_links":{"self":[{"href":"https:\/\/www.europesays.com\/fr\/wp-json\/wp\/v2\/posts\/75782","targetHints":{"allow":["GET"]}}],"collection":[{"href":"https:\/\/www.europesays.com\/fr\/wp-json\/wp\/v2\/posts"}],"about":[{"href":"https:\/\/www.europesays.com\/fr\/wp-json\/wp\/v2\/types\/post"}],"author":[{"embeddable":true,"href":"https:\/\/www.europesays.com\/fr\/wp-json\/wp\/v2\/users\/2"}],"replies":[{"embeddable":true,"href":"https:\/\/www.europesays.com\/fr\/wp-json\/wp\/v2\/comments?post=75782"}],"version-history":[{"count":0,"href":"https:\/\/www.europesays.com\/fr\/wp-json\/wp\/v2\/posts\/75782\/revisions"}],"wp:featuredmedia":[{"embeddable":true,"href":"https:\/\/www.europesays.com\/fr\/wp-json\/wp\/v2\/media\/75783"}],"wp:attachment":[{"href":"https:\/\/www.europesays.com\/fr\/wp-json\/wp\/v2\/media?parent=75782"}],"wp:term":[{"taxonomy":"category","embeddable":true,"href":"https:\/\/www.europesays.com\/fr\/wp-json\/wp\/v2\/categories?post=75782"},{"taxonomy":"post_tag","embeddable":true,"href":"https:\/\/www.europesays.com\/fr\/wp-json\/wp\/v2\/tags?post=75782"}],"curies":[{"name":"wp","href":"https:\/\/api.w.org\/{rel}","templated":true}]}}