{"id":75788,"date":"2025-05-05T04:25:11","date_gmt":"2025-05-05T04:25:11","guid":{"rendered":"https:\/\/www.europesays.com\/fr\/75788\/"},"modified":"2025-05-05T04:25:11","modified_gmt":"2025-05-05T04:25:11","slug":"naturalisation-une-nouvelle-circulaire-de-bruno-retailleau-adopte-un-ton-plus-restrictif","status":"publish","type":"post","link":"https:\/\/www.europesays.com\/fr\/75788\/","title":{"rendered":"Naturalisation\u00a0: une nouvelle circulaire de Bruno Retailleau adopte un ton plus restrictif"},"content":{"rendered":"<p>Le <a href=\"https:\/\/www.ouest-france.fr\/politique\/bruno-retailleau\/\" target=\"_self\" rel=\"nofollow noopener\">ministre de l\u2019Int\u00e9rieur Bruno Retailleau<\/a> vient de publier une nouvelle circulaire consacr\u00e9e aux naturalisations des \u00e9trangers qui, dans la forme, insiste davantage sur les dispositions susceptibles de restreindre l\u2019acc\u00e8s \u00e0 la nationalit\u00e9 fran\u00e7aise, mais sans bouleversement sur le fond, selon le document r\u00e9v\u00e9l\u00e9 dimanche par Le Figaro et consult\u00e9 par l\u2019AFP.<\/p>\n<p>Diffus\u00e9e \u00e0 l\u2019ensemble des pr\u00e9fets<\/p>\n<p>Bruno Retailleau doit en pr\u00e9senter le contenu lundi matin lors d\u2019un d\u00e9placement \u00e0 la pr\u00e9fecture du Val-de-Marne \u00e0 Cr\u00e9teil. Il avait d\u00e9j\u00e0 r\u00e9vis\u00e9 en janvier la circulaire Valls sur les conditions de r\u00e9gularisations des \u00e9trangers sans papiers en France.<\/p>\n<p>Ce texte de cinq pages, auxquelles la charte des droits et des devoirs du citoyen fran\u00e7ais est annex\u00e9e, a \u00e9t\u00e9 diffus\u00e9 \u00e0 l\u2019ensemble des pr\u00e9fets par le ministre, tenant d\u2019une ligne dure sur l\u2019immigration et par ailleurs candidat \u00e0 la pr\u00e9sidence des LR.<\/p>\n<p>Dans cette nouvelle circulaire, Bruno Retailleau rappelle que<strong> \u00ab\u00a0la jurisprudence \u00e9tablit la naturalisation non comme un droit, mais comme une d\u00e9cision souveraine du gouvernement\u00a0\u00bb.<\/strong><\/p>\n<p>En 2024, les acquisitions de la nationalit\u00e9 fran\u00e7aise par d\u00e9cret et par d\u00e9claration (mariage, ascendants et fratries) se sont \u00e9lev\u00e9es \u00e0 66\u00a0745, soit une hausse de 8,3\u00a0% par rapport \u00e0 2023, une augmentation qui s\u2019explique par un rattrapage apr\u00e8s une ann\u00e9e 2023 marqu\u00e9e par des difficult\u00e9s techniques, selon la direction g\u00e9n\u00e9rale des \u00e9trangers en France (DGEF) qui d\u00e9pend du minist\u00e8re de l\u2019Int\u00e9rieur.<\/p>\n<p>\u00ab\u00a0Exemplarit\u00e9\u00a0\u00bb<\/p>\n<p>En s\u2019appuyant sur une disposition de loi Darmanin, Bruno Retailleau demande aux pr\u00e9fets de s\u2019assurer du renforcement du niveau de ma\u00eetrise requis en langue fran\u00e7aise pour obtenir la naturalisation. Idem pour l\u2019adh\u00e9sion aux valeurs de la R\u00e9publique.<\/p>\n<p>Le ministre liste \u00e9galement les \u00e9l\u00e9ments d\u2019appr\u00e9ciation d\u00e9montrant <strong>\u00ab\u00a0l\u2019exemplarit\u00e9 du parcours du demandeur\u00a0\u00bb<\/strong>, notamment en ce qui concerne un s\u00e9jour irr\u00e9gulier av\u00e9r\u00e9.<\/p>\n<p>L\u2019autonomie du demandeur est en outre soulign\u00e9e. Celle-ci doit se traduire par une <strong>\u00ab\u00a0insertion professionnelle\u00a0\u00bb<\/strong> sur cinq ans. Un seuil rehauss\u00e9.<\/p>\n<p>Le demandeur devra justifier de <strong>\u00ab\u00a0ressources suffisantes et stables\u00a0\u00bb<\/strong>, hors prestations sociales, insiste le document.<\/p>\n<p>Les pr\u00e9fets sont tenus de faire un bilan dans trois mois au ministre de l\u2019application de la circulaire.<\/p>\n<p>\u00a0<\/p>\n","protected":false},"excerpt":{"rendered":"Le ministre de l\u2019Int\u00e9rieur Bruno Retailleau vient de publier une nouvelle circulaire consacr\u00e9e aux naturalisations des \u00e9trangers qui,&hellip;\n","protected":false},"author":2,"featured_media":75789,"comment_status":"","ping_status":"","sticky":false,"template":"","format":"standard","meta":{"footnotes":""},"categories":[2818],"tags":[1111,11,5373,3211,18078,1777,674,1011,27,766,9111,12,2043,2636,25,18079,3229],"class_list":{"0":"post-75788","1":"post","2":"type-post","3":"status-publish","4":"format-standard","5":"has-post-thumbnail","7":"category-nantes","8":"tag-actu","9":"tag-actualites","10":"tag-adopte","11":"tag-bruno","12":"tag-circulaire","13":"tag-eu","14":"tag-europe","15":"tag-fr","16":"tag-france","17":"tag-nantes","18":"tag-naturalisation","19":"tag-news","20":"tag-nouvelle","21":"tag-pays-de-la-loire","22":"tag-republique-francaise","23":"tag-restrictif","24":"tag-retailleau"},"share_on_mastodon":{"url":"https:\/\/pubeurope.com\/@fr\/114453330219342399","error":""},"_links":{"self":[{"href":"https:\/\/www.europesays.com\/fr\/wp-json\/wp\/v2\/posts\/75788","targetHints":{"allow":["GET"]}}],"collection":[{"href":"https:\/\/www.europesays.com\/fr\/wp-json\/wp\/v2\/posts"}],"about":[{"href":"https:\/\/www.europesays.com\/fr\/wp-json\/wp\/v2\/types\/post"}],"author":[{"embeddable":true,"href":"https:\/\/www.europesays.com\/fr\/wp-json\/wp\/v2\/users\/2"}],"replies":[{"embeddable":true,"href":"https:\/\/www.europesays.com\/fr\/wp-json\/wp\/v2\/comments?post=75788"}],"version-history":[{"count":0,"href":"https:\/\/www.europesays.com\/fr\/wp-json\/wp\/v2\/posts\/75788\/revisions"}],"wp:featuredmedia":[{"embeddable":true,"href":"https:\/\/www.europesays.com\/fr\/wp-json\/wp\/v2\/media\/75789"}],"wp:attachment":[{"href":"https:\/\/www.europesays.com\/fr\/wp-json\/wp\/v2\/media?parent=75788"}],"wp:term":[{"taxonomy":"category","embeddable":true,"href":"https:\/\/www.europesays.com\/fr\/wp-json\/wp\/v2\/categories?post=75788"},{"taxonomy":"post_tag","embeddable":true,"href":"https:\/\/www.europesays.com\/fr\/wp-json\/wp\/v2\/tags?post=75788"}],"curies":[{"name":"wp","href":"https:\/\/api.w.org\/{rel}","templated":true}]}}