{"id":75821,"date":"2025-05-05T04:43:09","date_gmt":"2025-05-05T04:43:09","guid":{"rendered":"https:\/\/www.europesays.com\/fr\/75821\/"},"modified":"2025-05-05T04:43:09","modified_gmt":"2025-05-05T04:43:09","slug":"en-direct-guerre-en-ukraine-zelensky-ne-croit-pas-que-la-russie-respectera-une-treve-de-3-jours","status":"publish","type":"post","link":"https:\/\/www.europesays.com\/fr\/75821\/","title":{"rendered":"EN DIRECT &#8211; Guerre en Ukraine : Zelensky \u00ab\u00a0ne croit pas\u00a0\u00bb que la Russie respectera une tr\u00eave de 3 jours"},"content":{"rendered":"<p>L&rsquo;Ukraine \u00ab\u00a0ne croit pas\u00a0\u00bb que Moscou respectera le cessez-le-feu, a assur\u00e9 dimanche le pr\u00e9sident ukrainien.\u00a0\u00bbNous savons \u00e0 qui nous avons affaire, nous ne les croyons pas\u00a0\u00bb, a fustig\u00e9 Volodymyr Zelensky.Suivez les derni\u00e8res informations.<\/p>\n<p data-module=\"article-paragraph\" class=\"jsx-362436225 Paragraph\">Le pr\u00e9sident ukrainien <a href=\"https:\/\/www.tf1info.fr\/international\/guerre-ukraine-russie-accord-sur-les-minerais-volodymyr-zelensky-se-felicite-de-l-accord-veritablement-equitable-signe-avec-les-etats-unis-2368376.html\" target=\"_blank\" rel=\"noopener\">Volodymyr Zelensky<\/a> a d\u00e9clar\u00e9 dimanche qu&rsquo;il ne \u00ab\u00a0croyait pas\u00a0\u00bb que la Russie respecterait <a href=\"https:\/\/www.tf1info.fr\/international\/video-guerre-ukraine-russie-treve-du-9-mai-c-est-un-piege-subtil-tendus-aux-ukrainiens-analyse-le-general-chauvancy-2367895.html\" target=\"_blank\" rel=\"noopener\">une tr\u00eave de trois jours<\/a> pendant les c\u00e9l\u00e9brations de la Journ\u00e9e de la victoire \u2013 sur l&rsquo;Allemagne nazie \u2013 de Moscou.<\/p>\n<p data-module=\"article-paragraph\" class=\"jsx-362436225 Paragraph Paragraph__End\">\u00ab\u00a0Ce n&rsquo;est pas le premier d\u00e9fi, ni les premi\u00e8res promesses faites par la Russie de cessez-le-feu&#8230; Nous savons \u00e0 qui nous avons affaire, nous ne les croyons pas\u00a0\u00bb, a d\u00e9clar\u00e9 M. Zelensky lors d&rsquo;une conf\u00e9rence de presse conjointe avec le pr\u00e9sident tch\u00e8que Petr Pavel, lors d&rsquo;un d\u00e9placement \u00e0 Prague.<\/p>\n<p>Minute par minute<\/p>\n<p data-module=\"article-paragraph\" class=\"jsx-362436225 Paragraph\">Vladimir Poutine a propos\u00e9 une tr\u00eave de trois jours qui co\u00efncide avec les comm\u00e9morations russes du 9-Mai afin de, selon lui, tester la disposition de Kiev \u00e0 faire la paix.<\/p>\n<p data-module=\"article-paragraph\" class=\"jsx-362436225 Paragraph Paragraph__End\">Vladimir Poutine avait d\u00e9j\u00e0 d\u00e9cr\u00e9t\u00e9 un court cessez-le-feu lors du week-end pascal en avril, qui avait conduit \u00e0 une baisse des combats sans \u00eatre totalement respect\u00e9 par les deux camps.<\/p>\n<p data-module=\"article-paragraph\" class=\"jsx-362436225 Paragraph Paragraph__End\">En mars, Moscou avait rejet\u00e9 un cessez-le-feu inconditionnel de 30 jours propos\u00e9 par Kiev et Washington.<\/p>\n<p>La r\u00e9daction de TF1info<\/p>\n","protected":false},"excerpt":{"rendered":"L&rsquo;Ukraine \u00ab\u00a0ne croit pas\u00a0\u00bb que Moscou respectera le cessez-le-feu, a assur\u00e9 dimanche le pr\u00e9sident ukrainien.\u00a0\u00bbNous savons \u00e0 qui&hellip;\n","protected":false},"author":2,"featured_media":75822,"comment_status":"","ping_status":"","sticky":false,"template":"","format":"standard","meta":{"footnotes":""},"categories":[1590],"tags":[1111,11,1921,75,1777,674,1918,1922,1916,12,136,132,220,1917,133,1920,135,134],"class_list":{"0":"post-75821","1":"post","2":"type-post","3":"status-publish","4":"format-standard","5":"has-post-thumbnail","7":"category-ukraine","8":"tag-actu","9":"tag-actualites","10":"tag-article-video","11":"tag-donald-trump","12":"tag-eu","13":"tag-europe","14":"tag-guerre-en-ukraine-une-treve-en-negociation","15":"tag-info","16":"tag-moscou","17":"tag-news","18":"tag-otan","19":"tag-russie","20":"tag-ukraine","21":"tag-ukraine-4-annee-de-guerre","22":"tag-video","23":"tag-video-international","24":"tag-vladimir-poutine","25":"tag-volodymyr-zelensky"},"share_on_mastodon":{"url":"https:\/\/pubeurope.com\/@fr\/114453401045560388","error":""},"_links":{"self":[{"href":"https:\/\/www.europesays.com\/fr\/wp-json\/wp\/v2\/posts\/75821","targetHints":{"allow":["GET"]}}],"collection":[{"href":"https:\/\/www.europesays.com\/fr\/wp-json\/wp\/v2\/posts"}],"about":[{"href":"https:\/\/www.europesays.com\/fr\/wp-json\/wp\/v2\/types\/post"}],"author":[{"embeddable":true,"href":"https:\/\/www.europesays.com\/fr\/wp-json\/wp\/v2\/users\/2"}],"replies":[{"embeddable":true,"href":"https:\/\/www.europesays.com\/fr\/wp-json\/wp\/v2\/comments?post=75821"}],"version-history":[{"count":0,"href":"https:\/\/www.europesays.com\/fr\/wp-json\/wp\/v2\/posts\/75821\/revisions"}],"wp:featuredmedia":[{"embeddable":true,"href":"https:\/\/www.europesays.com\/fr\/wp-json\/wp\/v2\/media\/75822"}],"wp:attachment":[{"href":"https:\/\/www.europesays.com\/fr\/wp-json\/wp\/v2\/media?parent=75821"}],"wp:term":[{"taxonomy":"category","embeddable":true,"href":"https:\/\/www.europesays.com\/fr\/wp-json\/wp\/v2\/categories?post=75821"},{"taxonomy":"post_tag","embeddable":true,"href":"https:\/\/www.europesays.com\/fr\/wp-json\/wp\/v2\/tags?post=75821"}],"curies":[{"name":"wp","href":"https:\/\/api.w.org\/{rel}","templated":true}]}}