{"id":75848,"date":"2025-05-05T05:02:08","date_gmt":"2025-05-05T05:02:08","guid":{"rendered":"https:\/\/www.europesays.com\/fr\/75848\/"},"modified":"2025-05-05T05:02:08","modified_gmt":"2025-05-05T05:02:08","slug":"pas-du-tout-envie-maman-dune-fille-autiste-helene-de-fougerolles-refuse-de-sinvestir-pour-cette-cause","status":"publish","type":"post","link":"https:\/\/www.europesays.com\/fr\/75848\/","title":{"rendered":"\u00ab\u00a0Pas du tout envie\u00a0\u00bb : maman d\u2019une fille autiste, H\u00e9l\u00e8ne de Fougerolles refuse de s\u2019investir pour cette cause"},"content":{"rendered":"<p>Lanc\u00e9e pour la premi\u00e8re fois sur l&rsquo;antenne de TF1 en 2016. La<br \/>\ns\u00e9rie baptis\u00e9e <a href=\"https:\/\/www.telestar.fr\/programme-tv\/fiche-serie\/152125841\/sam\" rel=\"nofollow noopener\" target=\"_blank\"><br \/>\nSam<\/a> a r\u00e9cemment effectu\u00e9 son retour sur la premi\u00e8re<br \/>\ncha\u00eene. La huiti\u00e8me saison in\u00e9dite du programme est diffus\u00e9e chaque<br \/>\nlundi soir en prime time. Cependant, <strong>l&rsquo;interpr\u00e8te du<br \/>\nr\u00f4le-titre a chang\u00e9<\/strong>. \u00c9tant donn\u00e9 que <a href=\"https:\/\/www.closermag.fr\/people\/natacha-lindinger-sam-a-t-elle-des-enfants-1480875\" rel=\"nofollow noopener\" target=\"_blank\"><br \/>\nNatacha Lindinger<\/a> a laiss\u00e9 sa place \u00e0 H\u00e9l\u00e8ne de Fougerolles.<br \/>\nApr\u00e8s avoir elle-m\u00eame succ\u00e9d\u00e9 \u00e0 <a href=\"https:\/\/www.closermag.fr\/people\/mathilde-seigner-accusee-de-violences-ces-pressions-familiales-qui-auraient-empeche-sa-soeur-de-parler-3527703\" rel=\"nofollow noopener\" target=\"_blank\"><br \/>\nMathilde Seigner<\/a>.<\/p>\n<p>Dans le cadre de la promotion de cette s\u00e9rie. La nouvelle t\u00eate<br \/>\nd&rsquo;affiche de la fiction de TF1 \u00e9tait de passage sur l&rsquo;antenne de<br \/>\nRFM le samedi 3 mai 2025. Au sein de l&rsquo;\u00e9mission hebdomadaire<br \/>\npr\u00e9sent\u00e9e par Bernard Montiel. Au cours du programme, H\u00e9l\u00e8ne de<br \/>\nFougerolles s&rsquo;est notamment <strong>confi\u00e9e au sujet de sa fille<br \/>\nautiste.<\/strong> La com\u00e9dienne a d&rsquo;ailleurs r\u00e9v\u00e9l\u00e9 les raisons<br \/>\npour lesquelles elle refuse de s\u2019investir pour cette cause.<\/p>\n<p>H\u00e9l\u00e8ne de Fougerolles : \u00ab\u00a0Je n\u2019ai pas du tout envie de me<br \/>\nrajouter une couche\u00a0\u00bb<\/p>\n<p>\u00ab\u00a0J\u2019ai \u00e9crit un livre pour parler de mon histoire et de ma<br \/>\nfille, un peu aussi parce que j\u2019avais besoin de l\u2019\u00e9crire, mais<br \/>\n<strong>je refuse d\u2019\u00eatre un porte-drapeau<\/strong>. C\u2019est bizarre,<br \/>\nje vais te dire un truc, c\u2019est un peu dur, mais on m\u2019invite \u00e0 plein<br \/>\nd\u2019endroits, on me demande de lire des livres, de voir des films et<br \/>\nje n\u2019ai pas du tout envie. Moi, je vis \u00e7a dans ma vie priv\u00e9e\u00a0\u00bb,<br \/>\na ainsi lanc\u00e9 H\u00e9l\u00e8ne de Fougerolles.<\/p>\n<p>\u00ab\u00a0Je n\u2019ai pas du tout envie de me rajouter une couche tous<br \/>\nles week-ends \u00e0 participer \u00e0 tout \u00e7a\u00a0\u00bb, a ensuite ajout\u00e9<br \/>\nl&rsquo;actrice. Pour rappel, H\u00e9l\u00e8ne de Fougerolles avait \u00e9crit un livre<br \/>\nintitul\u00e9 T\u2019inqui\u00e8te pas, maman, \u00e7a va aller. Paru aux<br \/>\n\u00e9ditions Fayard en 2021. Dans cet ouvrage, la com\u00e9dienne \u00e9voquait<br \/>\navec pudeur <strong>son parcours de m\u00e8re d\u2019une enfant<br \/>\nautiste<\/strong>.<\/p>\n<p>La com\u00e9dienne s&rsquo;\u00e9loigne parfois des<br \/>\npersonnes qui ont v\u00e9cu des exp\u00e9riences similaires \u00e0 la sienne<\/p>\n<p>\u00ab\u00a0C\u2019est vrai que ma fille, quand elle \u00e9tait petite, on me<br \/>\ndisait \u2018elle est handicap\u00e9e mentale\u2019 et je trouvais \u00e7a d\u2019une<br \/>\nviolence. C\u2019\u00e9tait d\u00e9finitif. [\u2026] <strong>Aujourd&rsquo;hui \u00eatre autiste<br \/>\n\u00e7a ouvre.<\/strong> Je trouve qu&rsquo;on peut imaginer ces mondes dans<br \/>\nlesquels ils vivent et on peut les retrouver\u00a0\u00bb, a \u00e9galement<br \/>\nsoulign\u00e9 H\u00e9l\u00e8ne de Fougerolles au micro de Bernard Montiel.<\/p>\n<p>D\u00e9sormais, l&rsquo;actrice souhaite avant tout pr\u00e9server le lien<br \/>\nqu&rsquo;elle a mis de nombreuses ann\u00e9es \u00e0 construire avec sa fille.<br \/>\nAujourd&rsquo;hui \u00e2g\u00e9e de 22 ans. Elle pr\u00e9f\u00e8re donc s&rsquo;\u00e9loigner parfois<br \/>\ndes personnes ayant v\u00e9cu des exp\u00e9riences similaires. \u00ab\u00a0Je suis<br \/>\nd\u00e9sol\u00e9e. Mais <strong>j\u2019ai d\u00e9j\u00e0 ma vie qui me va tr\u00e8s bien<\/strong><br \/>\n[\u2026]. J\u2019ai pas du tout envie de passer mes journ\u00e9es avec d\u2019autres<br \/>\npersonnes qui sont autistes\u00a0\u00bb, a finalement conclu H\u00e9l\u00e8ne de<br \/>\nFougerolles.<\/p>\n","protected":false},"excerpt":{"rendered":"Lanc\u00e9e pour la premi\u00e8re fois sur l&rsquo;antenne de TF1 en 2016. La s\u00e9rie baptis\u00e9e Sam a r\u00e9cemment effectu\u00e9&hellip;\n","protected":false},"author":2,"featured_media":75849,"comment_status":"","ping_status":"","sticky":false,"template":"","format":"standard","meta":{"footnotes":""},"categories":[1359],"tags":[548,3720,58,59,1011,27,973],"class_list":{"0":"post-75848","1":"post","2":"type-post","3":"status-publish","4":"format-standard","5":"has-post-thumbnail","7":"category-people","8":"tag-article-simple","9":"tag-bernard-montiel","10":"tag-divertissement","11":"tag-entertainment","12":"tag-fr","13":"tag-france","14":"tag-people"},"share_on_mastodon":{"url":"https:\/\/pubeurope.com\/@fr\/114453475703617865","error":""},"_links":{"self":[{"href":"https:\/\/www.europesays.com\/fr\/wp-json\/wp\/v2\/posts\/75848","targetHints":{"allow":["GET"]}}],"collection":[{"href":"https:\/\/www.europesays.com\/fr\/wp-json\/wp\/v2\/posts"}],"about":[{"href":"https:\/\/www.europesays.com\/fr\/wp-json\/wp\/v2\/types\/post"}],"author":[{"embeddable":true,"href":"https:\/\/www.europesays.com\/fr\/wp-json\/wp\/v2\/users\/2"}],"replies":[{"embeddable":true,"href":"https:\/\/www.europesays.com\/fr\/wp-json\/wp\/v2\/comments?post=75848"}],"version-history":[{"count":0,"href":"https:\/\/www.europesays.com\/fr\/wp-json\/wp\/v2\/posts\/75848\/revisions"}],"wp:featuredmedia":[{"embeddable":true,"href":"https:\/\/www.europesays.com\/fr\/wp-json\/wp\/v2\/media\/75849"}],"wp:attachment":[{"href":"https:\/\/www.europesays.com\/fr\/wp-json\/wp\/v2\/media?parent=75848"}],"wp:term":[{"taxonomy":"category","embeddable":true,"href":"https:\/\/www.europesays.com\/fr\/wp-json\/wp\/v2\/categories?post=75848"},{"taxonomy":"post_tag","embeddable":true,"href":"https:\/\/www.europesays.com\/fr\/wp-json\/wp\/v2\/tags?post=75848"}],"curies":[{"name":"wp","href":"https:\/\/api.w.org\/{rel}","templated":true}]}}